{"id":5486,"date":"2016-08-26T16:58:56","date_gmt":"2016-08-26T19:58:56","guid":{"rendered":"https:\/\/www.tjes.jus.br\/corregedoria\/?p=5486"},"modified":"2017-05-19T13:27:32","modified_gmt":"2017-05-19T16:27:32","slug":"ato-normativo-no-0892012-disp-26072012","status":"publish","type":"post","link":"https:\/\/www.tjes.jus.br\/corregedoria\/2016\/08\/26\/ato-normativo-no-0892012-disp-26072012\/","title":{"rendered":"ATO NORMATIVO N\u00ba 089\/2012 &#8211; DISP. 26\/07\/2012"},"content":{"rendered":"<p lang=\"pt-BR\" align=\"center\"><b>ESTADO DO ESP\u00cdRITO SANTO<\/b><\/p>\n<p lang=\"pt-BR\" align=\"center\"><b>PODER JUDICI\u00c1RIO<\/b><\/p>\n<p align=\"center\"><b>GABINETE DA PRESID\u00caNCIA<\/b><\/p>\n<p align=\"center\"><b>ATO NORMATIVO N\u00ba 089\/2012<\/b><\/p>\n<p lang=\"pt-BR\" align=\"justify\"><em>Disp\u00f5e sobre a modifica\u00e7\u00e3o da escala de f\u00e9rias dos servidores do Poder Judici\u00e1rio do Estado do Esp\u00edrito Santo e d\u00e1 outras provid\u00eancias.<\/em><\/p>\n<p lang=\"pt-BR\" align=\"justify\">O Desembargador <b>PEDRO VALLS FEU ROSA<\/b>, Presidente do Egr\u00e9gio Tribunal de Justi\u00e7a do Estado do Esp\u00edrito Santo, no uso de suas atribui\u00e7\u00f5es legais, e<\/p>\n<p lang=\"pt-BR\" align=\"justify\"><b>CONSIDERANDO<\/b> a Reestrutura\u00e7\u00e3o Organizacional e Administrativa do Poder Judici\u00e1rio do Estado do Esp\u00edrito Santo, que estabelece nova estrutura administrativa ao Tribunal de Justi\u00e7a, ficam submetidos \u00e0 Secretaria Geral do Tribunal de Justi\u00e7a os servidores do Poder Judici\u00e1rio do Estado do Esp\u00edrito Santo;<\/p>\n<p lang=\"pt-BR\" align=\"justify\"><b>CONSIDERANDO<\/b> a necessidade de sistematiza\u00e7\u00e3o e de atualiza\u00e7\u00e3o das normas administrativas referentes \u00e0 escala de f\u00e9rias e ao gozo parcial pelos servidores submetidos \u00e0 Secretaria Geral do Egr\u00e9gio Tribunal de Justi\u00e7a;<\/p>\n<p lang=\"pt-BR\" align=\"justify\"><b>CONSIDERANDO<\/b> que compete ao Presidente do Egr\u00e9gio Tribunal de Justi\u00e7a conceder f\u00e9rias aos servidores do Tribunal de Justi\u00e7a (art. 136, letra b, do C\u00f3digo de Organiza\u00e7\u00e3o Judici\u00e1ria);<\/p>\n<p align=\"justify\"><b>CONSIDERANDO<\/b> que a <a href=\"https:\/\/www.tjes.jus.br\/corregedoria\/index.php\/2017\/02\/17\/resolucao-no-742011-publ-em-13122011\/\" target=\"_blank\">Resolu\u00e7\u00e3o n\u00ba 74\/2011<\/a>, de 13 de dezembro de 2011 fixou a atribui\u00e7\u00e3o ao Secret\u00e1rio Geral da Secretaria Geral para conceder f\u00e9rias aos servidores do Poder Judici\u00e1rio do Estado do Esp\u00edrito Santo.<\/p>\n<p lang=\"pt-PT\" align=\"justify\"><b>R E S O L V E :<\/b><\/p>\n<p lang=\"pt-PT\" align=\"justify\"><b>Art. 1\u00ba<\/b> &#8211; Fica atribu\u00eddo ao Secret\u00e1rio Geral da Secretaria do Egr\u00e9gio Tribunal de Justi\u00e7a a compet\u00eancia para conceder, suspender e transferir as f\u00e9rias dos servidores submetidos \u00e0 Secretaria Geral do Tribunal de Justi\u00e7a.<\/p>\n<p lang=\"pt-PT\" align=\"justify\"><b>Art. 2\u00ba<\/b> &#8211; \u00c9 vedada a modifica\u00e7\u00e3o, a transfer\u00eancia e a suspens\u00e3o da escala de f\u00e9rias dos servidores submetidos \u00e0 Secretaria do Tribunal de Justi\u00e7a, salvo quando comprovada imperiosa necessidade do servi\u00e7o p\u00fablico, assim reconhecida por decis\u00e3o pr\u00e9via do Secret\u00e1rio Geral da Secretaria.<\/p>\n<p lang=\"pt-PT\" align=\"justify\"><b>\u00a7 1\u00ba <\/b>&#8211; A solicita\u00e7\u00e3o para suspens\u00e3o, transfer\u00eancia ou modifica\u00e7\u00e3o da escala de f\u00e9rias dever\u00e1 ser acompanhada de manifesta\u00e7\u00e3o escrita e objetivamente motivada pela Chefia do Setor nos casos de servidor localizado na sede do Tribunal de Justi\u00e7a e pelo Juiz de Direito nos casos de servidores das Comarcas\/Ju\u00edzos ,o qual o servidor estiver vinculado.<\/p>\n<p lang=\"pt-PT\" align=\"justify\"><b>\u00a7 2\u00ba<\/b> &#8211; A modifica\u00e7\u00e3o da escala de f\u00e9rias dever\u00e1 ser protocolada com anteced\u00eancia m\u00ednima de 30 (trinta) dias, utilizando o servidor o formul\u00e1rio padr\u00e3o deste Tribunal.<\/p>\n<p lang=\"pt-PT\" align=\"justify\"><strong>\u00a7 3\u00ba<\/strong> &#8211; A modifica\u00e7\u00e3o da escala de f\u00e9rias com efeitos financeiros dever\u00e1 ser protocolada com anteced\u00eancia m\u00ednima de 60(sessenta) dias, utilizando o servidor o formul\u00e1rio padr\u00e3o deste Tribunal.<\/p>\n<p lang=\"pt-PT\" align=\"justify\"><b>Art. 3\u00ba &#8211;<\/b> O in\u00edcio do gozo de f\u00e9rias dos servidores submetidos \u00e0 Secretaria Geral do Tribunal de Justi\u00e7a ocorrer\u00e1 impreterivelmente no m\u00eas indicado na escala de f\u00e9rias anual publicada no Di\u00e1rio da Justi\u00e7a, sob pena de perda do direito ao gozo ou \u00e0 indeniza\u00e7\u00e3o, salvo a hip\u00f3tese de reconhecimento, pelo Secret\u00e1rio Geral, da ocorr\u00eancia de imperiosa necessidade de servi\u00e7o, prevista no art. 2\u00ba deste ato normativo.<\/p>\n<p lang=\"pt-PT\" align=\"justify\">\u00a7 <b>1\u00ba<\/b> &#8211; O servidor dever\u00e1 protocolizar com anteced\u00eancia m\u00ednima de 10(dez) dias o formul\u00e1rio padr\u00e3o deste Tribunal, indicando o dia em que iniciar\u00e1 o gozo das f\u00e9rias, com a ci\u00eancia de seu chefe imediato.<\/p>\n<p lang=\"pt-PT\" align=\"justify\"><b>Art. 4\u00ba<\/b> &#8211; A Administra\u00e7\u00e3o poder\u00e1 autorizar o gozo parcial das f\u00e9rias, <b>exclusivamente<\/b> em 02 (dois) per\u00edodos de 15 (quinze) dias cada, a serem usufru\u00eddos impreterivelmente dentro do mesmo exerc\u00edcio, desde que o requerimento do servidor, apresentado com a anteced\u00eancia m\u00ednima prevista no \u00a7 2\u00ba do art. 2\u00ba deste ato, esteja acompanhado da precisa indica\u00e7\u00e3o dos per\u00edodos em que pretende usufru\u00ed-las.<\/p>\n<p lang=\"pt-PT\" align=\"justify\">\u00a7 <b>1\u00ba<\/b> &#8211; A Coordenadoria de Recursos Humanos da Secretaria de Gest\u00e3o de Pessoas, verificando estar o pedido em conformidade com o estabelecido no caput, proceder\u00e1 \u00e0 devida anota\u00e7\u00e3o em ficha funcional do servidor, quanto ao gozo parcial das f\u00e9rias .<\/p>\n<p lang=\"pt-PT\" align=\"justify\"><b>Art. 5\u00ba <\/b>&#8211; O servidor que possuir f\u00e9rias acumuladas na forma do art. 115, <i>caput<\/i>, da Lei Complementar n\u00ba 46\/94 poder\u00e1 goz\u00e1-las por um per\u00edodo m\u00e1ximo de 30 (trinta) dias, sem preju\u00edzo das f\u00e9rias regulares do exerc\u00edcio, desde que haja anu\u00eancia pr\u00e9via da chefia a que estiver vinculado.<\/p>\n<p lang=\"pt-PT\" align=\"justify\"><b>\u00a7 1\u00ba<\/b> &#8211; Na hip\u00f3tese prevista no <i>caput<\/i>, sendo dois os per\u00edodos de f\u00e9rias acumulados, ser\u00e1 considerado sempre o mais antigo para efeito de gozo pelo servidor, o que n\u00e3o afasta a necessidade de gozo das f\u00e9rias regulares do exerc\u00edcio.<\/p>\n<p lang=\"pt-PT\" align=\"justify\"><b>Art. 6\u00ba &#8211; <\/b>Os casos omissos, em que n\u00e3o houver expressa previs\u00e3o neste Ato Normativo ou na Lei Complementar n\u00ba 46\/94 (artigos 118 a 120), ser\u00e3o resolvidos pelo Presidente do Tribunal de Justi\u00e7a.<\/p>\n<p lang=\"pt-PT\" align=\"justify\"><b>Art. 7\u00ba &#8211; <\/b>Este Ato Normativo entra em vigor na data de sua publica\u00e7\u00e3o, revogando as disposi\u00e7\u00f5es em contr\u00e1rio, especialmente o <a href=\"https:\/\/www.tjes.jus.br\/corregedoria\/index.php\/2017\/04\/17\/ato-normativo-no-0742008-publ-19092008\/\" target=\"_blank\">Ato Normativo n\u00ba 74\/2008<\/a> (DJ 19\/09\/2008.<\/p>\n<p lang=\"pt-PT\" align=\"justify\"><b>PUBLIQUE-SE.<\/b><\/p>\n<p lang=\"pt-PT\" align=\"justify\"><b>CUMPRA-SE.<\/b><\/p>\n<p lang=\"pt-PT\" align=\"center\">Vit\u00f3ria, 09 de Julho de 2012.<\/p>\n<p lang=\"pt-PT\" align=\"center\">Desembargador <b>PEDRO VALLS FEU ROSA<br \/>\n<\/b>PRESIDENTE<\/p>\n","protected":false},"excerpt":{"rendered":"<p>ESTADO DO ESP\u00cdRITO SANTO PODER JUDICI\u00c1RIO GABINETE DA PRESID\u00caNCIA ATO NORMATIVO N\u00ba 089\/2012 Disp\u00f5e sobre a modifica\u00e7\u00e3o da escala de f\u00e9rias dos servidores do Poder Judici\u00e1rio do Estado do Esp\u00edrito Santo e d\u00e1 outras provid\u00eancias. O Desembargador PEDRO VALLS FEU ROSA, Presidente do Egr\u00e9gio Tribunal de Justi\u00e7a do Estado do Esp\u00edrito Santo, no uso de [&hellip;]<\/p>\n","protected":false},"author":3,"featured_media":0,"comment_status":"open","ping_status":"open","sticky":false,"template":"","format":"standard","meta":{"footnotes":""},"categories":[4,14],"tags":[],"_links":{"self":[{"href":"https:\/\/www.tjes.jus.br\/corregedoria\/wp-json\/wp\/v2\/posts\/5486"}],"collection":[{"href":"https:\/\/www.tjes.jus.br\/corregedoria\/wp-json\/wp\/v2\/posts"}],"about":[{"href":"https:\/\/www.tjes.jus.br\/corregedoria\/wp-json\/wp\/v2\/types\/post"}],"author":[{"embeddable":true,"href":"https:\/\/www.tjes.jus.br\/corregedoria\/wp-json\/wp\/v2\/users\/3"}],"replies":[{"embeddable":true,"href":"https:\/\/www.tjes.jus.br\/corregedoria\/wp-json\/wp\/v2\/comments?post=5486"}],"version-history":[{"count":3,"href":"https:\/\/www.tjes.jus.br\/corregedoria\/wp-json\/wp\/v2\/posts\/5486\/revisions"}],"predecessor-version":[{"id":15524,"href":"https:\/\/www.tjes.jus.br\/corregedoria\/wp-json\/wp\/v2\/posts\/5486\/revisions\/15524"}],"wp:attachment":[{"href":"https:\/\/www.tjes.jus.br\/corregedoria\/wp-json\/wp\/v2\/media?parent=5486"}],"wp:term":[{"taxonomy":"category","embeddable":true,"href":"https:\/\/www.tjes.jus.br\/corregedoria\/wp-json\/wp\/v2\/categories?post=5486"},{"taxonomy":"post_tag","embeddable":true,"href":"https:\/\/www.tjes.jus.br\/corregedoria\/wp-json\/wp\/v2\/tags?post=5486"}],"curies":[{"name":"wp","href":"https:\/\/api.w.org\/{rel}","templated":true}]}}