{"id":5493,"date":"2016-08-26T17:10:35","date_gmt":"2016-08-26T20:10:35","guid":{"rendered":"https:\/\/www.tjes.jus.br\/corregedoria\/?p=5493"},"modified":"2018-02-16T13:32:03","modified_gmt":"2018-02-16T15:32:03","slug":"ato-normativo-no-0862012-disp-19072012","status":"publish","type":"post","link":"https:\/\/www.tjes.jus.br\/corregedoria\/2016\/08\/26\/ato-normativo-no-0862012-disp-19072012\/","title":{"rendered":"ATO NORMATIVO N\u00ba 086\/2012 &#8211; DISP. 19\/07\/2012 &#8211; ALTERADO"},"content":{"rendered":"<p style=\"text-align: center;\"><strong>ESTADO DO ESP\u00cdRITO SANTO<\/strong><\/p>\n<p style=\"text-align: center;\"><strong>PODER JUDICI\u00c1RIO<\/strong><\/p>\n<p style=\"text-align: center;\"><strong>TRIBUNAL DE JUSTI\u00c7A<\/strong><\/p>\n<p style=\"text-align: center;\"><strong>ATO NORMATIVO N\u00ba 086\/2012<\/strong><\/p>\n<p style=\"text-align: justify;\">O Excelent\u00edssimo Senhor Desembargador PEDRO VALLS FEU ROSA, Presidente do Egr\u00e9gio Tribunal de Justi\u00e7a do Estado do Esp\u00edrito Santo no uso de suas atribui\u00e7\u00f5es legais e regimentais, e<\/p>\n<p style=\"text-align: justify;\"><strong>CONSIDERANDO<\/strong> as disposi\u00e7\u00f5es contidas na Lei n.\u00ba 12.527, de 18 de novembro de 2011, que regula o acesso \u00e0s informa\u00e7\u00f5es previsto no inciso XXXIII do art. 5\u00ba, no inciso 11 do \u00a73\u00ba do art. 37 e no \u00a72\u00ba do art. 216 da Constitui\u00e7\u00e3o Federal<\/p>\n<p style=\"text-align: justify;\"><strong>CONSIDERANDO<\/strong> a necessidade de facilitar o acesso da sociedade aos servi\u00e7os prestados por este Poder Judici\u00e1rio e aprimorar o atendimento ofertado aos cidad\u00e3os;<\/p>\n<p style=\"text-align: justify;\"><strong>RESOLVE<\/strong>:<\/p>\n<p style=\"text-align: justify;\"><strong>Art. 1\u00ba<\/strong>. <strong>CONSTITUIR<\/strong> Grupo de Trabalho para estudos a respeito da aplica\u00e7\u00e3o da lei n.\u00ba 12.537, de 18 de novembro de 2011 (Lei de Acesso \u00e0 Informa\u00e7\u00e3o).<\/p>\n<p style=\"text-align: justify;\"><strong>Art. 2\u00ba<\/strong>. O Grupo de Trabalho ter\u00e1 a seguinte composi\u00e7\u00e3o:<\/p>\n<p style=\"text-align: justify;\">I &#8211; o Desembargador Samuel Meira Brasil J\u00fanior, que o presidir\u00e1;<\/p>\n<p style=\"text-align: justify;\"><del>II &#8211; o Juiz de Direito Valeriano Ces\u00e1rio Bolzan;<\/del> <strong>(Exclu\u00eddo pelo <a href=\"https:\/\/www.tjes.jus.br\/corregedoria\/index.php\/2016\/06\/21\/ato-normativo-n-1812013-disp-18122013\/\" target=\"_blank\" rel=\"noopener\">Ato Normativo n\u00ba 181\/2013<\/a>, disponibilizado em 18\/12\/2013)<\/strong><\/p>\n<p style=\"text-align: justify;\">III &#8211; o Coordenador de Desenvolvimento da Secret\u00e1rio de Tecnologia da Informa\u00e7\u00e3o do Tribunal de Justi\u00e7a, Sr. Filipe Gomes Lima;<\/p>\n<p style=\"text-align: justify;\">IV &#8211; a Secret\u00e1ria de Controle Interno, Dra. Daniela Lordelo Colnago.<\/p>\n<p style=\"text-align: justify;\"><strong>Art. 3\u00ba<\/strong>. O Grupo de trabalho ter\u00e1 o prazo de 60 (sessenta) dias, a contar da publica\u00e7\u00e3o deste Ato, para apresentar o resultado dos trabalhos.<\/p>\n<p style=\"text-align: justify;\"><strong>Art. 4\u00ba<\/strong>. Este Ato Normativo entra em vigor na data de sua publica\u00e7\u00e3o, revogando-se as disposi\u00e7\u00f5es em contr\u00e1rio.<\/p>\n<p style=\"text-align: justify;\">D\u00ea-se ci\u00eancia, publique-se, anote-se e cumpra-se.<\/p>\n<p style=\"text-align: justify;\">Vit\u00f3ria, 17 de julho de 2012<\/p>\n<p style=\"text-align: center;\"><strong>Desembargador PEDRO VALLS FEU ROSA<br \/>\nPresidente do TJES<\/strong><\/p>\n<h2 style=\"text-align: center;\"><span style=\"color: #ff0000;\">ALTERADO PELO\u00a0<a href=\"https:\/\/www.tjes.jus.br\/corregedoria\/index.php\/2016\/06\/21\/ato-normativo-n-1812013-disp-18122013\/\" target=\"_blank\" rel=\"noopener\">ATO NORMATIVO N\u00ba 181\/2013<\/a> &#8211; DISP. 18\/12\/2013<\/span><\/h2>\n<p style=\"text-align: center;\">\n","protected":false},"excerpt":{"rendered":"<p>ESTADO DO ESP\u00cdRITO SANTO PODER JUDICI\u00c1RIO TRIBUNAL DE JUSTI\u00c7A ATO NORMATIVO N\u00ba 086\/2012 O Excelent\u00edssimo Senhor Desembargador PEDRO VALLS FEU ROSA, Presidente do Egr\u00e9gio Tribunal de Justi\u00e7a do Estado do Esp\u00edrito Santo no uso de suas atribui\u00e7\u00f5es legais e regimentais, e CONSIDERANDO as disposi\u00e7\u00f5es contidas na Lei n.\u00ba 12.527, de 18 de novembro de 2011, [&hellip;]<\/p>\n","protected":false},"author":3,"featured_media":0,"comment_status":"open","ping_status":"open","sticky":false,"template":"","format":"standard","meta":{"footnotes":""},"categories":[4,14],"tags":[],"_links":{"self":[{"href":"https:\/\/www.tjes.jus.br\/corregedoria\/wp-json\/wp\/v2\/posts\/5493"}],"collection":[{"href":"https:\/\/www.tjes.jus.br\/corregedoria\/wp-json\/wp\/v2\/posts"}],"about":[{"href":"https:\/\/www.tjes.jus.br\/corregedoria\/wp-json\/wp\/v2\/types\/post"}],"author":[{"embeddable":true,"href":"https:\/\/www.tjes.jus.br\/corregedoria\/wp-json\/wp\/v2\/users\/3"}],"replies":[{"embeddable":true,"href":"https:\/\/www.tjes.jus.br\/corregedoria\/wp-json\/wp\/v2\/comments?post=5493"}],"version-history":[{"count":4,"href":"https:\/\/www.tjes.jus.br\/corregedoria\/wp-json\/wp\/v2\/posts\/5493\/revisions"}],"predecessor-version":[{"id":22535,"href":"https:\/\/www.tjes.jus.br\/corregedoria\/wp-json\/wp\/v2\/posts\/5493\/revisions\/22535"}],"wp:attachment":[{"href":"https:\/\/www.tjes.jus.br\/corregedoria\/wp-json\/wp\/v2\/media?parent=5493"}],"wp:term":[{"taxonomy":"category","embeddable":true,"href":"https:\/\/www.tjes.jus.br\/corregedoria\/wp-json\/wp\/v2\/categories?post=5493"},{"taxonomy":"post_tag","embeddable":true,"href":"https:\/\/www.tjes.jus.br\/corregedoria\/wp-json\/wp\/v2\/tags?post=5493"}],"curies":[{"name":"wp","href":"https:\/\/api.w.org\/{rel}","templated":true}]}}