{"id":5496,"date":"2016-08-26T17:15:35","date_gmt":"2016-08-26T20:15:35","guid":{"rendered":"https:\/\/www.tjes.jus.br\/corregedoria\/?p=5496"},"modified":"2017-05-18T18:37:08","modified_gmt":"2017-05-18T21:37:08","slug":"ato-normativo-no-0852012-disp-17072012","status":"publish","type":"post","link":"https:\/\/www.tjes.jus.br\/corregedoria\/2016\/08\/26\/ato-normativo-no-0852012-disp-17072012\/","title":{"rendered":"ATO NORMATIVO N\u00ba 085\/2012 &#8211; DISP. 17\/07\/2012"},"content":{"rendered":"<p style=\"text-align: center;\"><strong>ESTADO DO ESP\u00cdRITO SANTO<\/strong><\/p>\n<p style=\"text-align: center;\"><strong>PODER JUDICI\u00c1RIO<\/strong><\/p>\n<p style=\"text-align: center;\"><strong>TRIBUNAL DE JUSTI\u00c7A<\/strong><\/p>\n<p style=\"text-align: center;\"><strong>ATO NORMATIVO N\u00ba 085\/2012<\/strong><\/p>\n<p style=\"text-align: center;\">Revoga o <a href=\"https:\/\/www.tjes.jus.br\/corregedoria\/index.php\/2016\/08\/26\/ato-normativo-no-0702012-disp-04062012-revogado\/\" target=\"_blank\">Ato Normativo n\u00ba 070\/2012<\/a>, que inclu\u00eda as Comarcas de Fund\u00e3o e Guarapari no Servi\u00e7o de Atendimento Inicial dos Adolescentes em Conflito com a lei.<\/p>\n<p style=\"text-align: center;\"><strong><a href=\"https:\/\/www.tjes.jus.br\/corregedoria\/wp-content\/uploads\/2016\/08\/Ato-Normativo-085-2012.pdf\">Clique aqui (PDF)<\/a><\/strong><\/p>\n","protected":false},"excerpt":{"rendered":"<p>ESTADO DO ESP\u00cdRITO SANTO PODER JUDICI\u00c1RIO TRIBUNAL DE JUSTI\u00c7A ATO NORMATIVO N\u00ba 085\/2012 Revoga o Ato Normativo n\u00ba 070\/2012, que inclu\u00eda as Comarcas de Fund\u00e3o e Guarapari no Servi\u00e7o de Atendimento Inicial dos Adolescentes em Conflito com a lei. Clique aqui (PDF)<\/p>\n","protected":false},"author":3,"featured_media":0,"comment_status":"open","ping_status":"open","sticky":false,"template":"","format":"standard","meta":{"footnotes":""},"categories":[4,14],"tags":[],"_links":{"self":[{"href":"https:\/\/www.tjes.jus.br\/corregedoria\/wp-json\/wp\/v2\/posts\/5496"}],"collection":[{"href":"https:\/\/www.tjes.jus.br\/corregedoria\/wp-json\/wp\/v2\/posts"}],"about":[{"href":"https:\/\/www.tjes.jus.br\/corregedoria\/wp-json\/wp\/v2\/types\/post"}],"author":[{"embeddable":true,"href":"https:\/\/www.tjes.jus.br\/corregedoria\/wp-json\/wp\/v2\/users\/3"}],"replies":[{"embeddable":true,"href":"https:\/\/www.tjes.jus.br\/corregedoria\/wp-json\/wp\/v2\/comments?post=5496"}],"version-history":[{"count":2,"href":"https:\/\/www.tjes.jus.br\/corregedoria\/wp-json\/wp\/v2\/posts\/5496\/revisions"}],"predecessor-version":[{"id":15483,"href":"https:\/\/www.tjes.jus.br\/corregedoria\/wp-json\/wp\/v2\/posts\/5496\/revisions\/15483"}],"wp:attachment":[{"href":"https:\/\/www.tjes.jus.br\/corregedoria\/wp-json\/wp\/v2\/media?parent=5496"}],"wp:term":[{"taxonomy":"category","embeddable":true,"href":"https:\/\/www.tjes.jus.br\/corregedoria\/wp-json\/wp\/v2\/categories?post=5496"},{"taxonomy":"post_tag","embeddable":true,"href":"https:\/\/www.tjes.jus.br\/corregedoria\/wp-json\/wp\/v2\/tags?post=5496"}],"curies":[{"name":"wp","href":"https:\/\/api.w.org\/{rel}","templated":true}]}}