{"id":5501,"date":"2016-08-26T17:27:42","date_gmt":"2016-08-26T20:27:42","guid":{"rendered":"https:\/\/www.tjes.jus.br\/corregedoria\/?p=5501"},"modified":"2017-05-19T13:17:40","modified_gmt":"2017-05-19T16:17:40","slug":"ato-normativo-no-0832012-disp-06072012","status":"publish","type":"post","link":"https:\/\/www.tjes.jus.br\/corregedoria\/2016\/08\/26\/ato-normativo-no-0832012-disp-06072012\/","title":{"rendered":"ATO NORMATIVO N\u00ba 083\/2012 &#8211; DISP. 06\/07\/2012"},"content":{"rendered":"<p align=\"center\">ESTADO DO ESP\u00cdRITO SANTO<\/p>\n<p align=\"center\">PODER JUDICI\u00c1RIO<\/p>\n<p align=\"center\"><b>TRIBUNAL DE JUSTI\u00c7A<\/b><\/p>\n<p align=\"center\"><i>Gabinete da Presid\u00eancia<\/i><\/p>\n<p align=\"center\"><b>ATO NORMATIVO N\u00ba 083\/2012<\/b><\/p>\n<p style=\"text-align: justify;\" align=\"justify\">O Excelent\u00edssimo Senhor Desembargador Pedro Valls Feu Rosa, Presidente do Egr\u00e9gio Tribunal de Justi\u00e7a do Estado do Esp\u00edrito Santo, no uso de suas atribui\u00e7\u00f5es legais, e<\/p>\n<p style=\"text-align: justify;\" align=\"justify\"><b>CONSIDERANDO<\/b> a publica\u00e7\u00e3o do Of\u00edcio NC 490\/12, em 3 de julho de 2012, informando que na forma da Resolu\u00e7\u00e3o n\u00ba 137 do Conselho Nacional de Justi\u00e7a, no dia 15 de julho do corrente ano encerra-se o prazo para cadastramento, no Banco Nacional de Mandados de Pris\u00e3o, de todos os mandados de pris\u00e3o que se encontram pendentes de cumprimento;<\/p>\n<p style=\"text-align: justify;\" align=\"justify\"><b>CONSIDERANDO<\/b> os termos dos expedientes protocolizados neste Tribunal, sob os n\u00fameros 2012.00.798.131, do Exmo. Sr. Dr. Evandro Jos\u00e9 Ramos Ferreira, Juiz de Direito Titular da 3\u00aa Vara Criminal da Comarca de Linhares, 2012.00.798.116, do Exmo. Sr. Dr. Fl\u00e1vio Jabour Moulin, Juiz de Direito Titular da 7\u00aa Vara Criminal e 2012.00.797.806, da Exma. Sra. Dra. Elza Maria de Oliveira Ximenes, Titular da 8\u00aa Vara Criminal, ambas de Vila Velha e 2012.00.799.927, do Exmo. Sr. Dr. Br\u00e1z Arist\u00f3teles dos Reis, Juiz de Direito designado para responder pela Vara Criminal da Comarca de Aracruz, 2012.00.799.562, do Exmo. Sr. Dr. Alcemir dos Santos Pimentel, Juiz de Direito Titular da Comarca de Santa Teresa, 2012.00.804.115, do Exmo. Sr. Dr. Romilton Alves Vieira J\u00fanior, Juiz de Direito designado para responder pela 1\u00aa Vara Criminal da Comarca de Guarapari, onde requerem a suspens\u00e3o dos prazos processuais e atendimento ao p\u00fablico, sem preju\u00edzo das audi\u00eancias j\u00e1 designadas, no per\u00edodo de 9 a 13 de julho de 2012;<\/p>\n<p style=\"text-align: justify;\" align=\"justify\"><b>CONSIDERANDO<\/b> o disposto no Art. 58 da Resolu\u00e7\u00e3o n\u00ba 15\/95 &#8211; Regimento Interno do Tribunal de Justi\u00e7a do Estado do Esp\u00edrito Santo, que atribui ao Presidente compet\u00eancia geral para exercer a superintend\u00eancia de todo o servi\u00e7o judici\u00e1rio, na qualidade de Chefe da Magistratura do Estado;<\/p>\n<p style=\"text-align: justify;\" align=\"justify\"><b>RESOLVE<\/b>:<\/p>\n<p style=\"text-align: justify;\" align=\"justify\"><b>AUTORIZAR<\/b> a suspens\u00e3o dos prazos processuais e atendimento ao p\u00fablico, sem preju\u00edzo das audi\u00eancias j\u00e1 designadas, no periodo de 9 a 13 de julho de 2012, na 3\u00aa Vara Criminal da Comarca de Linhares, de 3\u00aa Entr\u00e2ncia, nas 7\u00aa e 8\u00aa Varas Criminais de Vila Velha, Comarca da Capital, de Entr\u00e2ncia Especial, na Vara Criminal da Comarca de Aracruz, de 3\u00aa Entr\u00e2ncia,na 1\u00aa Vara Criminal da Comarca de Guarapari, de 3\u00aa Entr\u00e2ncia e na Comarca de Santa Teresa, de 1\u00aa Entr\u00e2ncia, pelas raz\u00f5es acima expostas.<\/p>\n<p style=\"text-align: justify;\" align=\"justify\">Publique-se.<\/p>\n<p style=\"text-align: justify;\" align=\"justify\">Vit\u00f3ria, 4 de julho de 2012.<\/p>\n<p align=\"center\">Desembargador<b> Pedro Valls Feu Rosa<br \/>\n<\/b><b>Presidente<\/b><\/p>\n","protected":false},"excerpt":{"rendered":"<p>ESTADO DO ESP\u00cdRITO SANTO PODER JUDICI\u00c1RIO TRIBUNAL DE JUSTI\u00c7A Gabinete da Presid\u00eancia ATO NORMATIVO N\u00ba 083\/2012 O Excelent\u00edssimo Senhor Desembargador Pedro Valls Feu Rosa, Presidente do Egr\u00e9gio Tribunal de Justi\u00e7a do Estado do Esp\u00edrito Santo, no uso de suas atribui\u00e7\u00f5es legais, e CONSIDERANDO a publica\u00e7\u00e3o do Of\u00edcio NC 490\/12, em 3 de julho de 2012, [&hellip;]<\/p>\n","protected":false},"author":3,"featured_media":0,"comment_status":"open","ping_status":"open","sticky":false,"template":"","format":"standard","meta":{"footnotes":""},"categories":[4,14],"tags":[],"_links":{"self":[{"href":"https:\/\/www.tjes.jus.br\/corregedoria\/wp-json\/wp\/v2\/posts\/5501"}],"collection":[{"href":"https:\/\/www.tjes.jus.br\/corregedoria\/wp-json\/wp\/v2\/posts"}],"about":[{"href":"https:\/\/www.tjes.jus.br\/corregedoria\/wp-json\/wp\/v2\/types\/post"}],"author":[{"embeddable":true,"href":"https:\/\/www.tjes.jus.br\/corregedoria\/wp-json\/wp\/v2\/users\/3"}],"replies":[{"embeddable":true,"href":"https:\/\/www.tjes.jus.br\/corregedoria\/wp-json\/wp\/v2\/comments?post=5501"}],"version-history":[{"count":2,"href":"https:\/\/www.tjes.jus.br\/corregedoria\/wp-json\/wp\/v2\/posts\/5501\/revisions"}],"predecessor-version":[{"id":15518,"href":"https:\/\/www.tjes.jus.br\/corregedoria\/wp-json\/wp\/v2\/posts\/5501\/revisions\/15518"}],"wp:attachment":[{"href":"https:\/\/www.tjes.jus.br\/corregedoria\/wp-json\/wp\/v2\/media?parent=5501"}],"wp:term":[{"taxonomy":"category","embeddable":true,"href":"https:\/\/www.tjes.jus.br\/corregedoria\/wp-json\/wp\/v2\/categories?post=5501"},{"taxonomy":"post_tag","embeddable":true,"href":"https:\/\/www.tjes.jus.br\/corregedoria\/wp-json\/wp\/v2\/tags?post=5501"}],"curies":[{"name":"wp","href":"https:\/\/api.w.org\/{rel}","templated":true}]}}