{"id":5505,"date":"2016-08-26T17:31:47","date_gmt":"2016-08-26T20:31:47","guid":{"rendered":"https:\/\/www.tjes.jus.br\/corregedoria\/?p=5505"},"modified":"2017-05-19T13:16:08","modified_gmt":"2017-05-19T16:16:08","slug":"ato-normativo-no-0812012-disp-27062012","status":"publish","type":"post","link":"https:\/\/www.tjes.jus.br\/corregedoria\/2016\/08\/26\/ato-normativo-no-0812012-disp-27062012\/","title":{"rendered":"ATO NORMATIVO N\u00ba 081\/2012 &#8211; DISP. 27\/06\/2012"},"content":{"rendered":"<p align=\"CENTER\"><strong>ESTADO DO ESP\u00cdRITO SANTO<\/strong><\/p>\n<p align=\"CENTER\"><strong>PODER JUDICI\u00c1RIO<\/strong><\/p>\n<p align=\"CENTER\"><strong>TRIBUNAL DE JUSTI\u00c7A<\/strong><\/p>\n<p align=\"CENTER\"><strong>ATO NORMATIVO N\u00ba 081\/2012<\/strong><\/p>\n<p align=\"JUSTIFY\">O Excelent\u00edssimo Senhor Desembargador Pedro Valls Feu Rosa, Presidente do Egr\u00e9gio Tribunal de Justi\u00e7a do Estado do Esp\u00edrito Santo, no uso de suas atribui\u00e7\u00f5es legais, e<\/p>\n<p align=\"JUSTIFY\"><strong>CONSIDERANDO<\/strong> os termos do expediente protocolizado neste Egr\u00e9gio Tribunal de Justi\u00e7a sob o n\u00ba 201200756189, da lavra do Excelent\u00edssimo Senhor Juiz de Direito Ant\u00f4nio Carlos Facheti Filho, Comarca de Boa Esperan\u00e7a\/ES, relatando graves problemas na estrutura f\u00edsica do F\u00f3rum daquele munic\u00edpio, de acordo com vistoria realizada pelo corpo de bombeiros e profissionais do Setor de Engenharia Civil deste Tribunal;<\/p>\n<p align=\"JUSTIFY\"><strong>CONSIDERANDO <\/strong>a necessidade de imediato fechamento do f\u00f3rum e remo\u00e7\u00e3o das instala\u00e7\u00f5es para o edif\u00edcio da Promotoria de Justi\u00e7a, diante dos fatos acima, e, consequentemente, a suspens\u00e3o dos prazos processuais;<\/p>\n<p align=\"JUSTIFY\"><strong>CONSIDERANDO<\/strong> o disposto no Artigo 58 da Resolu\u00e7\u00e3o n\u00ba 15\/95 &#8211; Regimento Interno do Tribunal de Justi\u00e7a do Estado do Esp\u00edrito Santo, que atribui ao Presidente compet\u00eancia geral para exercer a superintend\u00eancia de todo o servi\u00e7o judici\u00e1rio, na qualidade de Chefe da Magistratura do Estado;<\/p>\n<p align=\"JUSTIFY\"><strong>RESOLVE<\/strong>:<\/p>\n<p align=\"JUSTIFY\"><strong>DETERMINAR<\/strong> o fechamento do F\u00f3rum da Comarca de Boa Esperan\u00e7a\/ES, remo\u00e7\u00e3o das instala\u00e7\u00f5es para o ed\u00edficio da Promotoria de Justi\u00e7a e a suspens\u00e3o dos prazos processuais, pelo prazo de 15 (quinze) dias, sem preju\u00edzo de audi\u00eancias e atendimento de medidas urgentes.<\/p>\n<p align=\"JUSTIFY\">Publique-se.<\/p>\n<p align=\"JUSTIFY\">Vit\u00f3ria\/ES, 26 de junho de 2012.<\/p>\n<p align=\"CENTER\">Desembargador<strong> Pedro Valls Feu Rosa<br \/>\n<\/strong><strong>Presidente<\/strong><\/p>\n","protected":false},"excerpt":{"rendered":"<p>ESTADO DO ESP\u00cdRITO SANTO PODER JUDICI\u00c1RIO TRIBUNAL DE JUSTI\u00c7A ATO NORMATIVO N\u00ba 081\/2012 O Excelent\u00edssimo Senhor Desembargador Pedro Valls Feu Rosa, Presidente do Egr\u00e9gio Tribunal de Justi\u00e7a do Estado do Esp\u00edrito Santo, no uso de suas atribui\u00e7\u00f5es legais, e CONSIDERANDO os termos do expediente protocolizado neste Egr\u00e9gio Tribunal de Justi\u00e7a sob o n\u00ba 201200756189, da [&hellip;]<\/p>\n","protected":false},"author":3,"featured_media":0,"comment_status":"open","ping_status":"open","sticky":false,"template":"","format":"standard","meta":{"footnotes":""},"categories":[4,14],"tags":[],"_links":{"self":[{"href":"https:\/\/www.tjes.jus.br\/corregedoria\/wp-json\/wp\/v2\/posts\/5505"}],"collection":[{"href":"https:\/\/www.tjes.jus.br\/corregedoria\/wp-json\/wp\/v2\/posts"}],"about":[{"href":"https:\/\/www.tjes.jus.br\/corregedoria\/wp-json\/wp\/v2\/types\/post"}],"author":[{"embeddable":true,"href":"https:\/\/www.tjes.jus.br\/corregedoria\/wp-json\/wp\/v2\/users\/3"}],"replies":[{"embeddable":true,"href":"https:\/\/www.tjes.jus.br\/corregedoria\/wp-json\/wp\/v2\/comments?post=5505"}],"version-history":[{"count":2,"href":"https:\/\/www.tjes.jus.br\/corregedoria\/wp-json\/wp\/v2\/posts\/5505\/revisions"}],"predecessor-version":[{"id":15516,"href":"https:\/\/www.tjes.jus.br\/corregedoria\/wp-json\/wp\/v2\/posts\/5505\/revisions\/15516"}],"wp:attachment":[{"href":"https:\/\/www.tjes.jus.br\/corregedoria\/wp-json\/wp\/v2\/media?parent=5505"}],"wp:term":[{"taxonomy":"category","embeddable":true,"href":"https:\/\/www.tjes.jus.br\/corregedoria\/wp-json\/wp\/v2\/categories?post=5505"},{"taxonomy":"post_tag","embeddable":true,"href":"https:\/\/www.tjes.jus.br\/corregedoria\/wp-json\/wp\/v2\/tags?post=5505"}],"curies":[{"name":"wp","href":"https:\/\/api.w.org\/{rel}","templated":true}]}}