{"id":5511,"date":"2016-08-26T17:38:01","date_gmt":"2016-08-26T20:38:01","guid":{"rendered":"https:\/\/www.tjes.jus.br\/corregedoria\/?p=5511"},"modified":"2017-05-19T13:12:45","modified_gmt":"2017-05-19T16:12:45","slug":"ato-normativo-no-0792012-disp-06062012","status":"publish","type":"post","link":"https:\/\/www.tjes.jus.br\/corregedoria\/2016\/08\/26\/ato-normativo-no-0792012-disp-06062012\/","title":{"rendered":"ATO NORMATIVO N\u00ba 079\/2012 &#8211; DISP. 06\/06\/2012"},"content":{"rendered":"<p align=\"CENTER\">ESTADO DO ESP\u00cdRITO SANTO<\/p>\n<p align=\"CENTER\">PODER JUDICI\u00c1RIO<\/p>\n<p align=\"CENTER\"><strong>TRIBUNAL DE JUSTI\u00c7A<\/strong><\/p>\n<p align=\"CENTER\"><em>Gabinete da Presid\u00eancia<\/em><\/p>\n<p align=\"CENTER\"><strong>ATO NORMATIVO N\u00ba 079\/2012<\/strong><\/p>\n<p align=\"JUSTIFY\">O Excelent\u00edssimo Senhor Desembargador Pedro Valls Feu Rosa, Presidente do Egr\u00e9gio Tribunal de Justi\u00e7a do Estado do Esp\u00edrito Santo, no uso de suas atribui\u00e7\u00f5es legais, e<\/p>\n<p align=\"JUSTIFY\"><strong>CONSIDERANDO<\/strong> o Of\u00edcio GP n\u00ba 120, de 30 de maio de 2012, protocolizado neste Tribunal sob o n\u00famero 2012.00.645.947, do Presidente da Ordem dos Advogados do Brasil, Sec\u00e7\u00e3o Esp\u00edrito Santo, Dr. Homero Junger Mafra, comunicando que a V Confer\u00eancia Internacional de Direitos Humanos, realizada trienalmente pelo Conselho Federal da OAB acontecer\u00e1 no per\u00edodo de 15 a 17 de agosto do corrente ano na cidade de Vit\u00f3ria\/ES;<\/p>\n<p align=\"JUSTIFY\"><strong>CONSIDERANDO<\/strong> o disposto no Art. 58 da Resolu\u00e7\u00e3o n\u00ba 15\/95 &#8211; Regimento Interno do Tribunal de Justi\u00e7a do Estado do Esp\u00edrito Santo, que atribui ao Presidente compet\u00eancia geral para exercer a superintend\u00eancia de todo o servi\u00e7o judici\u00e1rio, na qualidade de Chefe da Magistratura do Estado;<\/p>\n<p align=\"JUSTIFY\"><strong>RESOLVE<\/strong>:<\/p>\n<p align=\"JUSTIFY\"><strong>DETERMINAR <\/strong>a suspens\u00e3o dos prazos e publica\u00e7\u00f5es no per\u00edodo de 15 a 17 de agosto de 2012 em todas as unidades judici\u00e1rias do Estado, pelas raz\u00f5es expostas acima.<\/p>\n<p align=\"JUSTIFY\"><strong>Publique-se.<\/strong><\/p>\n<p align=\"JUSTIFY\">Vit\u00f3ria, 19 de junho de 2012.<\/p>\n<p align=\"CENTER\">Desembargador<strong> Pedro Valls Feu Rosa<br \/>\n<\/strong><strong>Presidente<\/strong><\/p>\n","protected":false},"excerpt":{"rendered":"<p>ESTADO DO ESP\u00cdRITO SANTO PODER JUDICI\u00c1RIO TRIBUNAL DE JUSTI\u00c7A Gabinete da Presid\u00eancia ATO NORMATIVO N\u00ba 079\/2012 O Excelent\u00edssimo Senhor Desembargador Pedro Valls Feu Rosa, Presidente do Egr\u00e9gio Tribunal de Justi\u00e7a do Estado do Esp\u00edrito Santo, no uso de suas atribui\u00e7\u00f5es legais, e CONSIDERANDO o Of\u00edcio GP n\u00ba 120, de 30 de maio de 2012, protocolizado [&hellip;]<\/p>\n","protected":false},"author":3,"featured_media":0,"comment_status":"open","ping_status":"open","sticky":false,"template":"","format":"standard","meta":{"footnotes":""},"categories":[4,14],"tags":[],"_links":{"self":[{"href":"https:\/\/www.tjes.jus.br\/corregedoria\/wp-json\/wp\/v2\/posts\/5511"}],"collection":[{"href":"https:\/\/www.tjes.jus.br\/corregedoria\/wp-json\/wp\/v2\/posts"}],"about":[{"href":"https:\/\/www.tjes.jus.br\/corregedoria\/wp-json\/wp\/v2\/types\/post"}],"author":[{"embeddable":true,"href":"https:\/\/www.tjes.jus.br\/corregedoria\/wp-json\/wp\/v2\/users\/3"}],"replies":[{"embeddable":true,"href":"https:\/\/www.tjes.jus.br\/corregedoria\/wp-json\/wp\/v2\/comments?post=5511"}],"version-history":[{"count":2,"href":"https:\/\/www.tjes.jus.br\/corregedoria\/wp-json\/wp\/v2\/posts\/5511\/revisions"}],"predecessor-version":[{"id":15512,"href":"https:\/\/www.tjes.jus.br\/corregedoria\/wp-json\/wp\/v2\/posts\/5511\/revisions\/15512"}],"wp:attachment":[{"href":"https:\/\/www.tjes.jus.br\/corregedoria\/wp-json\/wp\/v2\/media?parent=5511"}],"wp:term":[{"taxonomy":"category","embeddable":true,"href":"https:\/\/www.tjes.jus.br\/corregedoria\/wp-json\/wp\/v2\/categories?post=5511"},{"taxonomy":"post_tag","embeddable":true,"href":"https:\/\/www.tjes.jus.br\/corregedoria\/wp-json\/wp\/v2\/tags?post=5511"}],"curies":[{"name":"wp","href":"https:\/\/api.w.org\/{rel}","templated":true}]}}