{"id":5513,"date":"2016-08-26T17:38:41","date_gmt":"2016-08-26T20:38:41","guid":{"rendered":"https:\/\/www.tjes.jus.br\/corregedoria\/?p=5513"},"modified":"2017-05-19T13:12:13","modified_gmt":"2017-05-19T16:12:13","slug":"ato-normativo-no-0782012-disp-25062012","status":"publish","type":"post","link":"https:\/\/www.tjes.jus.br\/corregedoria\/2016\/08\/26\/ato-normativo-no-0782012-disp-25062012\/","title":{"rendered":"ATO NORMATIVO N\u00ba 078\/2012 &#8211; DISP. 25\/06\/2012"},"content":{"rendered":"<p align=\"CENTER\"><strong>ESTADO DO ESP\u00cdRITO SANTO<\/strong><\/p>\n<p align=\"CENTER\"><strong>PODER JUDICI\u00c1RIO<\/strong><\/p>\n<p align=\"CENTER\"><strong>TRIBUNAL DE JUSTI\u00c7A<\/strong><\/p>\n<p align=\"CENTER\"><strong>ATO NORMATIVO N\u00ba 078\/2012<\/strong><\/p>\n<p align=\"JUSTIFY\">O Excelent\u00edssimo Senhor Desembargador Pedro Valls Feu Rosa, Presidente do Egr\u00e9gio Tribunal de Justi\u00e7a do Estado do Esp\u00edrito Santo, no uso de suas atribui\u00e7\u00f5es legais, e<\/p>\n<p align=\"JUSTIFY\"><strong>CONSIDERANDO<\/strong> o teor do <a href=\"https:\/\/www.tjes.jus.br\/corregedoria\/index.php\/2016\/08\/26\/ato-normativo-no-0772012-disp-15062012\/\" target=\"_blank\">Ato Normativo n\u00ba 77\/2012<\/a>, publicado no Di\u00e1rio Oficial da Justi\u00e7a de 15 de junho de 2012;<\/p>\n<p align=\"JUSTIFY\"><strong>CONSIDERANDO<\/strong> expediente protocolizado neste Tribunal de Justi\u00e7a sob o n\u00ba 201200741851, da lavra da Exma. Senhora Ju\u00edza de Direito Telmelita Guimar\u00e3es Alves, Diretora do Foro de Serra, Comarca da Capital, de Entr\u00e2ncia Especial, solicitando prorroga\u00e7\u00e3o da suspens\u00e3o dos prazos processuais, audi\u00eancias e fechamento do 1\u00ba Juizado Especial C\u00edvel, 2\u00ba Juizado Especial C\u00edvel, 3\u00ba Juizado Especial C\u00edvel e 6\u00aa Vara Criminal daquele Ju\u00edzo, em raz\u00e3o de problemas apresentados na rede el\u00e9trica e na rede de internet das novas instala\u00e7\u00f5es;<\/p>\n<p align=\"JUSTIFY\"><strong>CONSIDERANDO<\/strong> o disposto no Artigo 58 da Resolu\u00e7\u00e3o n\u00ba 15\/95 &#8211; Regimento Interno do Tribunal de Justi\u00e7a do Estado do Esp\u00edrito Santo, que atribui ao Presidente compet\u00eancia geral para exercer a superintend\u00eancia de todo o servi\u00e7o judici\u00e1rio, na qualidade de Chefe da Magistratura do Estado;<\/p>\n<p align=\"JUSTIFY\"><strong>RESOLVE<\/strong>:<\/p>\n<p align=\"JUSTIFY\"><strong>PRORROGAR <\/strong>a suspens\u00e3o dos prazos processuais, audi\u00eancias e fechamento do 1\u00ba Juizado Especial C\u00edvel, 2\u00ba Juizado Especial C\u00edvel, 3\u00ba Juizado Especial C\u00edvel e 6\u00aa Vara Criminal de Serra, Comarca da Capital, de Entr\u00e2ncia Especial, no per\u00edodo de 25\/06\/2012 a 27\/06\/2012, pelas raz\u00f5es acima expostas.<\/p>\n<p align=\"JUSTIFY\"><strong>Publique-se.<\/strong><\/p>\n<p align=\"JUSTIFY\">Vit\u00f3ria\/ES, 22 de junho de 2012.<\/p>\n<p align=\"CENTER\">Desembargador<strong> PEDRO VALLS FEU ROSA<br \/>\n<\/strong><strong>Presidente<\/strong><\/p>\n","protected":false},"excerpt":{"rendered":"<p>ESTADO DO ESP\u00cdRITO SANTO PODER JUDICI\u00c1RIO TRIBUNAL DE JUSTI\u00c7A ATO NORMATIVO N\u00ba 078\/2012 O Excelent\u00edssimo Senhor Desembargador Pedro Valls Feu Rosa, Presidente do Egr\u00e9gio Tribunal de Justi\u00e7a do Estado do Esp\u00edrito Santo, no uso de suas atribui\u00e7\u00f5es legais, e CONSIDERANDO o teor do Ato Normativo n\u00ba 77\/2012, publicado no Di\u00e1rio Oficial da Justi\u00e7a de 15 [&hellip;]<\/p>\n","protected":false},"author":3,"featured_media":0,"comment_status":"open","ping_status":"open","sticky":false,"template":"","format":"standard","meta":{"footnotes":""},"categories":[4,14],"tags":[],"_links":{"self":[{"href":"https:\/\/www.tjes.jus.br\/corregedoria\/wp-json\/wp\/v2\/posts\/5513"}],"collection":[{"href":"https:\/\/www.tjes.jus.br\/corregedoria\/wp-json\/wp\/v2\/posts"}],"about":[{"href":"https:\/\/www.tjes.jus.br\/corregedoria\/wp-json\/wp\/v2\/types\/post"}],"author":[{"embeddable":true,"href":"https:\/\/www.tjes.jus.br\/corregedoria\/wp-json\/wp\/v2\/users\/3"}],"replies":[{"embeddable":true,"href":"https:\/\/www.tjes.jus.br\/corregedoria\/wp-json\/wp\/v2\/comments?post=5513"}],"version-history":[{"count":3,"href":"https:\/\/www.tjes.jus.br\/corregedoria\/wp-json\/wp\/v2\/posts\/5513\/revisions"}],"predecessor-version":[{"id":15511,"href":"https:\/\/www.tjes.jus.br\/corregedoria\/wp-json\/wp\/v2\/posts\/5513\/revisions\/15511"}],"wp:attachment":[{"href":"https:\/\/www.tjes.jus.br\/corregedoria\/wp-json\/wp\/v2\/media?parent=5513"}],"wp:term":[{"taxonomy":"category","embeddable":true,"href":"https:\/\/www.tjes.jus.br\/corregedoria\/wp-json\/wp\/v2\/categories?post=5513"},{"taxonomy":"post_tag","embeddable":true,"href":"https:\/\/www.tjes.jus.br\/corregedoria\/wp-json\/wp\/v2\/tags?post=5513"}],"curies":[{"name":"wp","href":"https:\/\/api.w.org\/{rel}","templated":true}]}}