{"id":5515,"date":"2016-08-26T17:39:15","date_gmt":"2016-08-26T20:39:15","guid":{"rendered":"https:\/\/www.tjes.jus.br\/corregedoria\/?p=5515"},"modified":"2017-05-19T13:10:37","modified_gmt":"2017-05-19T16:10:37","slug":"ato-normativo-no-0772012-disp-15062012","status":"publish","type":"post","link":"https:\/\/www.tjes.jus.br\/corregedoria\/2016\/08\/26\/ato-normativo-no-0772012-disp-15062012\/","title":{"rendered":"ATO NORMATIVO N\u00ba 077\/2012 &#8211; DISP. 15\/06\/2012"},"content":{"rendered":"<p align=\"CENTER\"><strong>ESTADO DO ESP\u00cdRITO SANTO<\/strong><\/p>\n<p align=\"CENTER\"><strong>PODER JUDICI\u00c1RIO<\/strong><\/p>\n<p align=\"CENTER\"><strong>TRIBUNAL DE JUSTI\u00c7A<\/strong><\/p>\n<p align=\"CENTER\"><strong>ATO NORMATIVO N\u00ba 077\/2012<\/strong><\/p>\n<p align=\"JUSTIFY\">O Excelent\u00edssimo Senhor Desembargador <strong>Pedro Valls Feu Rosa<\/strong>, Presidente do Egr\u00e9gio Tribunal de Justi\u00e7a do Estado do Esp\u00edrito Santo, no uso de suas atribui\u00e7\u00f5es legais, e<\/p>\n<p align=\"JUSTIFY\"><strong>CONSIDERANDO<\/strong> os termos do expediente protocolizado neste Tribunal de Justi\u00e7a sob o n\u00ba 201200697662, da lavra da Exma. Senhora Ju\u00edza de Direito Telmelita Guimar\u00e3es Alves, Diretora do Foro de Serra, Comarca da Capital, de Entr\u00e2ncia Especial, solicitando suspens\u00e3o dos prazos processuais, audi\u00eancias e fechamento do 1\u00ba Juizado Especial C\u00edvel, 2\u00ba Juizado Especial C\u00edvel, 3\u00ba Juizado Especial C\u00edvel e 6\u00aa Vara Criminal daquele Ju\u00edzo, em raz\u00e3o da mudan\u00e7a para novas instala\u00e7\u00f5es f\u00edsicas;<\/p>\n<p align=\"JUSTIFY\"><strong>CONSIDERANDO<\/strong> o disposto no Artigo 58 da Resolu\u00e7\u00e3o n\u00ba 15\/95 &#8211; Regimento Interno do Tribunal de Justi\u00e7a do Estado do Esp\u00edrito Santo, que atribui ao Presidente compet\u00eancia geral para exercer a superintend\u00eancia de todo o servi\u00e7o judici\u00e1rio, na qualidade de Chefe da Magistratura do Estado;<\/p>\n<p align=\"JUSTIFY\"><strong>RESOLVE<\/strong>:<\/p>\n<p align=\"JUSTIFY\"><strong>DETERMINAR<\/strong> a suspens\u00e3o dos prazos processuais, audi\u00eancias e fechamento do 1\u00ba Juizado Especial C\u00edvel, 2\u00ba Juizado Especial C\u00edvel, 3\u00ba Juizado Especial C\u00edvel e 6\u00aa Vara Criminal de Serra, Comarca da Capital, de Entr\u00e2ncia Especial, no per\u00edodo de 18\/06\/2012 a 23\/06\/2012, pelas raz\u00f5es acima expostas.<\/p>\n<p align=\"JUSTIFY\"><strong>DETERMINAR <\/strong>que as medidas urgentes dever\u00e3o ser apreciadas pelo Juiz Titular do 2\u00ba Juizado Especial C\u00edvel, e, na aus\u00eancia deste, pela Ju\u00edza Titular da 3\u00aa Vara C\u00edvel, ambos da Comarca de Serra.<\/p>\n<p align=\"JUSTIFY\"><strong>Publique-se.<\/strong><\/p>\n<p align=\"JUSTIFY\">Vit\u00f3ria\/ES, 14 de junho de 2012.<\/p>\n<p align=\"CENTER\">Desembargador<strong> Pedro Valls Feu Rosa<br \/>\n<\/strong><strong>Presidente<\/strong><\/p>\n","protected":false},"excerpt":{"rendered":"<p>ESTADO DO ESP\u00cdRITO SANTO PODER JUDICI\u00c1RIO TRIBUNAL DE JUSTI\u00c7A ATO NORMATIVO N\u00ba 077\/2012 O Excelent\u00edssimo Senhor Desembargador Pedro Valls Feu Rosa, Presidente do Egr\u00e9gio Tribunal de Justi\u00e7a do Estado do Esp\u00edrito Santo, no uso de suas atribui\u00e7\u00f5es legais, e CONSIDERANDO os termos do expediente protocolizado neste Tribunal de Justi\u00e7a sob o n\u00ba 201200697662, da lavra [&hellip;]<\/p>\n","protected":false},"author":3,"featured_media":0,"comment_status":"open","ping_status":"open","sticky":false,"template":"","format":"standard","meta":{"footnotes":""},"categories":[4,14],"tags":[],"_links":{"self":[{"href":"https:\/\/www.tjes.jus.br\/corregedoria\/wp-json\/wp\/v2\/posts\/5515"}],"collection":[{"href":"https:\/\/www.tjes.jus.br\/corregedoria\/wp-json\/wp\/v2\/posts"}],"about":[{"href":"https:\/\/www.tjes.jus.br\/corregedoria\/wp-json\/wp\/v2\/types\/post"}],"author":[{"embeddable":true,"href":"https:\/\/www.tjes.jus.br\/corregedoria\/wp-json\/wp\/v2\/users\/3"}],"replies":[{"embeddable":true,"href":"https:\/\/www.tjes.jus.br\/corregedoria\/wp-json\/wp\/v2\/comments?post=5515"}],"version-history":[{"count":2,"href":"https:\/\/www.tjes.jus.br\/corregedoria\/wp-json\/wp\/v2\/posts\/5515\/revisions"}],"predecessor-version":[{"id":15509,"href":"https:\/\/www.tjes.jus.br\/corregedoria\/wp-json\/wp\/v2\/posts\/5515\/revisions\/15509"}],"wp:attachment":[{"href":"https:\/\/www.tjes.jus.br\/corregedoria\/wp-json\/wp\/v2\/media?parent=5515"}],"wp:term":[{"taxonomy":"category","embeddable":true,"href":"https:\/\/www.tjes.jus.br\/corregedoria\/wp-json\/wp\/v2\/categories?post=5515"},{"taxonomy":"post_tag","embeddable":true,"href":"https:\/\/www.tjes.jus.br\/corregedoria\/wp-json\/wp\/v2\/tags?post=5515"}],"curies":[{"name":"wp","href":"https:\/\/api.w.org\/{rel}","templated":true}]}}