{"id":5517,"date":"2016-08-26T17:39:52","date_gmt":"2016-08-26T20:39:52","guid":{"rendered":"https:\/\/www.tjes.jus.br\/corregedoria\/?p=5517"},"modified":"2017-05-19T13:10:06","modified_gmt":"2017-05-19T16:10:06","slug":"ato-normativo-no-0762012-disp-15062012","status":"publish","type":"post","link":"https:\/\/www.tjes.jus.br\/corregedoria\/2016\/08\/26\/ato-normativo-no-0762012-disp-15062012\/","title":{"rendered":"ATO NORMATIVO N\u00ba 076\/2012 &#8211; DISP. 15\/06\/2012"},"content":{"rendered":"<p align=\"CENTER\">ESTADO DO ESP\u00cdRITO SANTO<\/p>\n<p align=\"CENTER\">PODER JUDICI\u00c1RIO<\/p>\n<p align=\"CENTER\"><strong>TRIBUNAL DE JUSTI\u00c7A<\/strong><\/p>\n<p align=\"CENTER\"><strong>ATO NORMATIVO N\u00ba 076\/2012<\/strong><\/p>\n<p align=\"JUSTIFY\">O Excelent\u00edssimo Senhor Desembargador Pedro Valls Feu Rosa, Presidente do Egr\u00e9gio Tribunal de Justi\u00e7a do Estado do Esp\u00edrito Santo, no uso de suas atribui\u00e7\u00f5es legais, e<\/p>\n<p align=\"JUSTIFY\"><strong>CONSIDERANDO<\/strong> o disposto no Art. 58 da Resolu\u00e7\u00e3o n\u00ba 15\/95 (Regimento Interno do Tribunal de Justi\u00e7a do Estado do Esp\u00edrito Santo), que atribui ao Presidente compet\u00eancia geral para exercer a superintend\u00eancia de todo o servi\u00e7o judici\u00e1rio, na qualidade de Chefe da Magistratura do Estado;<\/p>\n<p align=\"JUSTIFY\"><strong>CONSIDERANDO<\/strong> a realiza\u00e7\u00e3o do Mutir\u00e3o de Concilia\u00e7\u00e3o dos processos relativos \u00e0 cobran\u00e7a do seguro obrigat\u00f3rio DPVAT que tramitam nas Varas C\u00edveis e Juizados Especiais C\u00edveis dos Ju\u00edzos da Comarca da Capital nos dias 18 a 22 de junho de 2012, institu\u00eddo pelo Ato Normativo n\u00ba 54, publicado em 27 de abril de 2012;<\/p>\n<p align=\"LEFT\"><strong>CONSIDERANDO<\/strong> os termos do expediente protocolizado neste Tribunal sob o n\u00famero 2012.00.637-994.<\/p>\n<p align=\"JUSTIFY\"><strong>RESOLVE:<\/strong><\/p>\n<p><strong>DETERMINAR<\/strong> a suspens\u00e3o dos prazos processuais nos dias 18 a 22 de junho de 2012 em todas as demandas de cobran\u00e7a do seguro obrigat\u00f3rio DPVAT.<\/p>\n<p><strong>Publique-se.<\/strong><\/p>\n<p align=\"JUSTIFY\">Vit\u00f3ria, 05 de junho de 2012<\/p>\n<p align=\"CENTER\"><strong>Desembargador Pedro Valls Feu Rosa<br \/>\n<\/strong><strong>Presidente<\/strong><\/p>\n","protected":false},"excerpt":{"rendered":"<p>ESTADO DO ESP\u00cdRITO SANTO PODER JUDICI\u00c1RIO TRIBUNAL DE JUSTI\u00c7A ATO NORMATIVO N\u00ba 076\/2012 O Excelent\u00edssimo Senhor Desembargador Pedro Valls Feu Rosa, Presidente do Egr\u00e9gio Tribunal de Justi\u00e7a do Estado do Esp\u00edrito Santo, no uso de suas atribui\u00e7\u00f5es legais, e CONSIDERANDO o disposto no Art. 58 da Resolu\u00e7\u00e3o n\u00ba 15\/95 (Regimento Interno do Tribunal de Justi\u00e7a [&hellip;]<\/p>\n","protected":false},"author":3,"featured_media":0,"comment_status":"open","ping_status":"open","sticky":false,"template":"","format":"standard","meta":{"footnotes":""},"categories":[4,14],"tags":[],"_links":{"self":[{"href":"https:\/\/www.tjes.jus.br\/corregedoria\/wp-json\/wp\/v2\/posts\/5517"}],"collection":[{"href":"https:\/\/www.tjes.jus.br\/corregedoria\/wp-json\/wp\/v2\/posts"}],"about":[{"href":"https:\/\/www.tjes.jus.br\/corregedoria\/wp-json\/wp\/v2\/types\/post"}],"author":[{"embeddable":true,"href":"https:\/\/www.tjes.jus.br\/corregedoria\/wp-json\/wp\/v2\/users\/3"}],"replies":[{"embeddable":true,"href":"https:\/\/www.tjes.jus.br\/corregedoria\/wp-json\/wp\/v2\/comments?post=5517"}],"version-history":[{"count":2,"href":"https:\/\/www.tjes.jus.br\/corregedoria\/wp-json\/wp\/v2\/posts\/5517\/revisions"}],"predecessor-version":[{"id":15508,"href":"https:\/\/www.tjes.jus.br\/corregedoria\/wp-json\/wp\/v2\/posts\/5517\/revisions\/15508"}],"wp:attachment":[{"href":"https:\/\/www.tjes.jus.br\/corregedoria\/wp-json\/wp\/v2\/media?parent=5517"}],"wp:term":[{"taxonomy":"category","embeddable":true,"href":"https:\/\/www.tjes.jus.br\/corregedoria\/wp-json\/wp\/v2\/categories?post=5517"},{"taxonomy":"post_tag","embeddable":true,"href":"https:\/\/www.tjes.jus.br\/corregedoria\/wp-json\/wp\/v2\/tags?post=5517"}],"curies":[{"name":"wp","href":"https:\/\/api.w.org\/{rel}","templated":true}]}}