{"id":5519,"date":"2016-08-26T17:40:31","date_gmt":"2016-08-26T20:40:31","guid":{"rendered":"https:\/\/www.tjes.jus.br\/corregedoria\/?p=5519"},"modified":"2017-05-19T13:09:08","modified_gmt":"2017-05-19T16:09:08","slug":"ato-normativo-no-0752012-disp-14062012","status":"publish","type":"post","link":"https:\/\/www.tjes.jus.br\/corregedoria\/2016\/08\/26\/ato-normativo-no-0752012-disp-14062012\/","title":{"rendered":"ATO NORMATIVO N\u00ba 075\/2012 &#8211; DISP. 14\/06\/2012"},"content":{"rendered":"<p align=\"center\">ESTADO DO ESP\u00cdRITO SANTO<\/p>\n<p align=\"center\">PODER JUDICI\u00c1RIO<\/p>\n<p align=\"center\"><strong>TRIBUNAL DE JUSTI\u00c7A<\/strong><\/p>\n<p align=\"center\"><em>Gabinete da Presid\u00eancia<\/em><\/p>\n<p align=\"center\"><strong>ATO NORMATIVO N\u00ba 075\/2012<\/strong><\/p>\n<p align=\"justify\">O Excelent\u00edssimo Senhor Desembargador Pedro Valls Feu Rosa, Presidente do Egr\u00e9gio Tribunal de Justi\u00e7a do Estado do Esp\u00edrito Santo, no uso de suas atribui\u00e7\u00f5es legais, e<\/p>\n<p align=\"justify\"><strong>CONSIDERANDO<\/strong> os termos do expediente protocolizado neste Tribunal de Justi\u00e7a sob o n\u00ba 2012.00.689.062, da lavra do Exmo. Senhor Juiz de Direito Diretor do Foro da Comarca de Santa Maria de Jetib\u00e1, de 1\u00aa Entr\u00e2ncia, Menandro Taufner Gomes, solicitando suspens\u00e3o do atendimento ao p\u00fablico e prazos processuais nos dias 14 e 15 de junho de 2012, haja vista a unifica\u00e7\u00e3o dos cart\u00f3rios e necessidade de atualiza\u00e7\u00e3o dos servi\u00e7os, sem preju\u00edzo da realiza\u00e7\u00e3o das audi\u00eancias;<\/p>\n<p align=\"justify\"><strong>CONSIDERANDO<\/strong> o disposto no Art. 58 da Resolu\u00e7\u00e3o n\u00ba 15\/95 &#8211; Regimento Interno do Tribunal de Justi\u00e7a do Estado do Esp\u00edrito Santo, que atribui ao Presidente compet\u00eancia geral para exercer a superintend\u00eancia de todo o servi\u00e7o judici\u00e1rio, na qualidade de Chefe da Magistratura do Estado;<\/p>\n<p align=\"justify\"><strong>RESOLVE<\/strong>:<\/p>\n<p align=\"justify\"><strong>DETERMINAR<\/strong> a suspens\u00e3o do atendimento ao p\u00fablico e prazos processuais, sem preju\u00edzo da realiza\u00e7\u00e3o das audi\u00eancias, nos dias 14 e 15 de junho de 2012 (quinta-feira e sexta-feira), na Comarca de Santa Maria de Jetib\u00e1.<\/p>\n<p align=\"justify\">Publique-se.<\/p>\n<p align=\"justify\">Vit\u00f3ria, 13 de junho de 2012.<\/p>\n<p align=\"center\">Desembargador<strong> Pedro Valls Feu Rosa<br \/>\n<\/strong><strong>Presidente<\/strong><\/p>\n","protected":false},"excerpt":{"rendered":"<p>ESTADO DO ESP\u00cdRITO SANTO PODER JUDICI\u00c1RIO TRIBUNAL DE JUSTI\u00c7A Gabinete da Presid\u00eancia ATO NORMATIVO N\u00ba 075\/2012 O Excelent\u00edssimo Senhor Desembargador Pedro Valls Feu Rosa, Presidente do Egr\u00e9gio Tribunal de Justi\u00e7a do Estado do Esp\u00edrito Santo, no uso de suas atribui\u00e7\u00f5es legais, e CONSIDERANDO os termos do expediente protocolizado neste Tribunal de Justi\u00e7a sob o n\u00ba [&hellip;]<\/p>\n","protected":false},"author":3,"featured_media":0,"comment_status":"open","ping_status":"open","sticky":false,"template":"","format":"standard","meta":{"footnotes":""},"categories":[4,14],"tags":[],"_links":{"self":[{"href":"https:\/\/www.tjes.jus.br\/corregedoria\/wp-json\/wp\/v2\/posts\/5519"}],"collection":[{"href":"https:\/\/www.tjes.jus.br\/corregedoria\/wp-json\/wp\/v2\/posts"}],"about":[{"href":"https:\/\/www.tjes.jus.br\/corregedoria\/wp-json\/wp\/v2\/types\/post"}],"author":[{"embeddable":true,"href":"https:\/\/www.tjes.jus.br\/corregedoria\/wp-json\/wp\/v2\/users\/3"}],"replies":[{"embeddable":true,"href":"https:\/\/www.tjes.jus.br\/corregedoria\/wp-json\/wp\/v2\/comments?post=5519"}],"version-history":[{"count":2,"href":"https:\/\/www.tjes.jus.br\/corregedoria\/wp-json\/wp\/v2\/posts\/5519\/revisions"}],"predecessor-version":[{"id":15507,"href":"https:\/\/www.tjes.jus.br\/corregedoria\/wp-json\/wp\/v2\/posts\/5519\/revisions\/15507"}],"wp:attachment":[{"href":"https:\/\/www.tjes.jus.br\/corregedoria\/wp-json\/wp\/v2\/media?parent=5519"}],"wp:term":[{"taxonomy":"category","embeddable":true,"href":"https:\/\/www.tjes.jus.br\/corregedoria\/wp-json\/wp\/v2\/categories?post=5519"},{"taxonomy":"post_tag","embeddable":true,"href":"https:\/\/www.tjes.jus.br\/corregedoria\/wp-json\/wp\/v2\/tags?post=5519"}],"curies":[{"name":"wp","href":"https:\/\/api.w.org\/{rel}","templated":true}]}}