{"id":5537,"date":"2016-08-26T18:24:11","date_gmt":"2016-08-26T21:24:11","guid":{"rendered":"https:\/\/www.tjes.jus.br\/corregedoria\/?p=5537"},"modified":"2017-05-18T18:36:08","modified_gmt":"2017-05-18T21:36:08","slug":"ato-normativo-no-0702012-disp-04062012-revogado","status":"publish","type":"post","link":"https:\/\/www.tjes.jus.br\/corregedoria\/2016\/08\/26\/ato-normativo-no-0702012-disp-04062012-revogado\/","title":{"rendered":"ATO NORMATIVO N\u00ba 070\/2012 &#8211; DISP. 04\/06\/2012 &#8211; REVOGADO"},"content":{"rendered":"<p style=\"text-align: center;\"><del><strong>ESTADO DO ESP\u00cdRITO SANTO<\/strong><\/del><\/p>\n<p style=\"text-align: center;\"><del><strong>PODER JUDICI\u00c1RIO<\/strong><\/del><\/p>\n<p style=\"text-align: center;\"><del><strong>TRIBUNAL DE JUSTI\u00c7A<\/strong><\/del><\/p>\n<p style=\"text-align: center;\"><del><strong>ATO NORMATIVO N\u00ba 070\/2012<\/strong><\/del><\/p>\n<p style=\"text-align: justify;\"><del><em>Disp\u00f5e sobre a inclus\u00e3o das comarcas de Fund\u00e3o e Guarapari no servi\u00e7o de atendimento inicial de adolescentes apreendidos na Unidade da Atendimento Inicial &#8211; UNAI.<\/em><\/del><\/p>\n<p style=\"text-align: justify;\"><del>O Excelent\u00edssimo Senhor Desembargador PEDRO VALLS FEU ROSA, Presidente do Tribunal de Justi\u00e7a do Esp\u00edrito Santo, no uso de suas atribui\u00e7\u00f5es legais<\/del><\/p>\n<p style=\"text-align: justify;\"><del><strong>CONSIDERANDO<\/strong> que os adolescentes em conflito com a lei apreendidos nas Comarcas de Fund\u00e3o e Guarapari s\u00e3o tamb\u00e9m encaminhados \u00e0 Unidade de Atendimento Inicial &#8211; UNAI;<\/del><\/p>\n<p style=\"text-align: justify;\"><del><strong>CONSIDERANDO<\/strong> que o <a href=\"https:\/\/www.tjes.jus.br\/corregedoria\/index.php\/2016\/08\/29\/ato-normativo-no-0652012-disp-29052012\/\" target=\"_blank\">Ato Normativo n\u00ba 65<\/a>, publicado no Di\u00e1rio da Justi\u00e7a em 29 de maio de 2012, deixou de mencionar as comarcas de Fund\u00e3o e Guarapari;<\/del><\/p>\n<p style=\"text-align: justify;\"><del><strong>RESOLVE:<\/strong><\/del><\/p>\n<p style=\"text-align: justify;\"><del><strong>Art. 1\u00ba <\/strong>Determinar que as audi\u00eancias de apresenta\u00e7\u00e3o de adolescentes em conflito com a lei apreendidos nos munic\u00edpios de Fund\u00e3o e Guarapari sejam igualmente realizadas nos termos do <a href=\"https:\/\/www.tjes.jus.br\/corregedoria\/index.php\/2016\/08\/29\/ato-normativo-no-0652012-disp-29052012\/\" target=\"_blank\">Ato Normativo 65\/2012<\/a>.<\/del><\/p>\n<p style=\"text-align: justify;\"><del><strong>Art. 2\u00ba <\/strong>Este Ato Normativo entra em vigor na data de sua publica\u00e7\u00e3o, revogadas as disposi\u00e7\u00f5es em contr\u00e1rio.<\/del><\/p>\n<p style=\"text-align: justify;\"><del>D\u00ea-se ci\u00eancia, publique-se, anote-se e cumpra-se.<\/del><\/p>\n<p style=\"text-align: justify;\"><del>Vit\u00f3ria, 1\u00ba de Junho de 2012.<\/del><\/p>\n<p style=\"text-align: center;\"><del><strong>DESEMBARGADOR PEDRO VALLS FEU ROSA<br \/>\nPresidente do Egr\u00e9gio Tribunal de Justi\u00e7a do Estado do Esp\u00edrito Santo<\/strong><\/del><\/p>\n<h2 style=\"text-align: center;\"><span style=\"color: #ff0000;\">REVOGADO PELO <a href=\"https:\/\/www.tjes.jus.br\/corregedoria\/index.php\/2016\/08\/26\/ato-normativo-no-0852012-disp-17072012\/\" target=\"_blank\">ATO NORMATIVO N\u00ba 085\/2012<\/a> &#8211; DISP. 17\/07\/2012<\/span><\/h2>\n","protected":false},"excerpt":{"rendered":"<p>ESTADO DO ESP\u00cdRITO SANTO PODER JUDICI\u00c1RIO TRIBUNAL DE JUSTI\u00c7A ATO NORMATIVO N\u00ba 070\/2012 Disp\u00f5e sobre a inclus\u00e3o das comarcas de Fund\u00e3o e Guarapari no servi\u00e7o de atendimento inicial de adolescentes apreendidos na Unidade da Atendimento Inicial &#8211; UNAI. O Excelent\u00edssimo Senhor Desembargador PEDRO VALLS FEU ROSA, Presidente do Tribunal de Justi\u00e7a do Esp\u00edrito Santo, no [&hellip;]<\/p>\n","protected":false},"author":3,"featured_media":0,"comment_status":"open","ping_status":"open","sticky":false,"template":"","format":"standard","meta":{"footnotes":""},"categories":[4,14],"tags":[],"_links":{"self":[{"href":"https:\/\/www.tjes.jus.br\/corregedoria\/wp-json\/wp\/v2\/posts\/5537"}],"collection":[{"href":"https:\/\/www.tjes.jus.br\/corregedoria\/wp-json\/wp\/v2\/posts"}],"about":[{"href":"https:\/\/www.tjes.jus.br\/corregedoria\/wp-json\/wp\/v2\/types\/post"}],"author":[{"embeddable":true,"href":"https:\/\/www.tjes.jus.br\/corregedoria\/wp-json\/wp\/v2\/users\/3"}],"replies":[{"embeddable":true,"href":"https:\/\/www.tjes.jus.br\/corregedoria\/wp-json\/wp\/v2\/comments?post=5537"}],"version-history":[{"count":4,"href":"https:\/\/www.tjes.jus.br\/corregedoria\/wp-json\/wp\/v2\/posts\/5537\/revisions"}],"predecessor-version":[{"id":15482,"href":"https:\/\/www.tjes.jus.br\/corregedoria\/wp-json\/wp\/v2\/posts\/5537\/revisions\/15482"}],"wp:attachment":[{"href":"https:\/\/www.tjes.jus.br\/corregedoria\/wp-json\/wp\/v2\/media?parent=5537"}],"wp:term":[{"taxonomy":"category","embeddable":true,"href":"https:\/\/www.tjes.jus.br\/corregedoria\/wp-json\/wp\/v2\/categories?post=5537"},{"taxonomy":"post_tag","embeddable":true,"href":"https:\/\/www.tjes.jus.br\/corregedoria\/wp-json\/wp\/v2\/tags?post=5537"}],"curies":[{"name":"wp","href":"https:\/\/api.w.org\/{rel}","templated":true}]}}