{"id":5545,"date":"2016-08-26T19:08:47","date_gmt":"2016-08-26T22:08:47","guid":{"rendered":"https:\/\/www.tjes.jus.br\/corregedoria\/?p=5545"},"modified":"2016-08-26T19:08:47","modified_gmt":"2016-08-26T22:08:47","slug":"a-cgj-es-prestigia-posse-do-novo-corregedor-nacional-da-justica","status":"publish","type":"post","link":"https:\/\/www.tjes.jus.br\/corregedoria\/2016\/08\/26\/a-cgj-es-prestigia-posse-do-novo-corregedor-nacional-da-justica\/","title":{"rendered":"A CGJ-ES prestigia posse do novo Corregedor Nacional da Justi\u00e7a"},"content":{"rendered":"<p style=\"text-align: justify;\">A Corregedoria Geral da Justi\u00e7a do Estado do Esp\u00edrito Santo, na pessoa de seu Corregedor-Geral, Desembargador\u00a0Ronaldo Gon\u00e7alves de Sousa,\u00a0prestigiou a solenidade de posse do novo Corregedor Nacional da Justi\u00e7a,<strong> Ministro Jo\u00e3o Ot\u00e1vio de Noronha<\/strong>, realizada na noite de 24 de agosto de 2016, na sede do Superior Tribunal de Justi\u00e7a (STJ), em Bras\u00edlia.<\/p>\n<p style=\"text-align: justify;\">O Presidente do TJES, Desembargador Annibal de Rezende Lima, tamb\u00e9m esteve presente, assim como os Desembargadores Manoel Alves Rabelo, Sergio Luiz Teixeira Gama e Samuel Meira Brasil Junior.<\/p>\n<p style=\"text-align: justify;\">O Ministro\u00a0ocupar\u00e1 o posto durante o bi\u00eanio 2016-2018, substituindo a Ministra Nancy Andrighi. Em seu discurso, o novo Corregedor Nacional destacou a import\u00e2ncia do trabalho desenvolvido pela Corregedoria: \u00a0\u201c\u00c9 um \u00f3rg\u00e3o vital do sistema judici\u00e1rio brasileiro que atua na orienta\u00e7\u00e3o, ordena\u00e7\u00e3o e execu\u00e7\u00e3o de pol\u00edticas p\u00fablicas voltadas \u00e0 atividade correcional e ao bom desempenho da atividade dos tribunais e ju\u00edzos do Pa\u00eds. N\u00e3o medirei esfor\u00e7os para garantir a transpar\u00eancia administrativa e processual com o prop\u00f3sito de que a Justi\u00e7a fique em dia com a sociedade\u201d, destacou.<\/p>\n<p style=\"text-align: justify;\">Para o presidente do Supremo Tribunal Federal (STF) e do Conselho Nacional de Justi\u00e7a (CNJ), Ministro Ricardo Lewandowski, que conduziu a cerim\u00f4nia, o Conselho passou por transforma\u00e7\u00f5es nos \u00faltimos anos, deixando de lado um vi\u00e9s punitivo e correcional para atuar no planejamento estrat\u00e9gico do Judici\u00e1rio brasileiro. \u201cTemos que ter o aspecto da puni\u00e7\u00e3o, mas n\u00e3o \u00e9 s\u00f3 isso: al\u00e9m de tamb\u00e9m atuar no planejamento, o CNJ trabalha para democratizar a gest\u00e3o, ouvir principalmente os ju\u00edzes de primeiro grau e buscar a pacifica\u00e7\u00e3o do pa\u00eds.\u201d<\/p>\n<p style=\"text-align: justify;\"><strong><img loading=\"lazy\" decoding=\"async\" class=\"alignright wp-image-5547 size-medium\" src=\"https:\/\/www.tjes.jus.br\/corregedoria\/wp-content\/uploads\/2016\/08\/Posse-do-Corregedor-Nacional-1-300x160.jpg\" alt=\"Posse do Corregedor Nacional 1\" width=\"300\" height=\"160\" srcset=\"https:\/\/www.tjes.jus.br\/corregedoria\/wp-content\/uploads\/2016\/08\/Posse-do-Corregedor-Nacional-1-300x160.jpg 300w, https:\/\/www.tjes.jus.br\/corregedoria\/wp-content\/uploads\/2016\/08\/Posse-do-Corregedor-Nacional-1.jpg 338w\" sizes=\"(max-width: 300px) 100vw, 300px\" \/>Indica\u00e7\u00e3o<\/strong><\/p>\n<p style=\"text-align: justify;\">Noronha foi indicado para o cargo em 1\u00ba de junho, por aclama\u00e7\u00e3o, pelo Pleno do STJ, e teve a indica\u00e7\u00e3o aprovada pelo Plen\u00e1rio do Senado Federal em 22 de junho. Posteriormente, foi sabatinado pela Comiss\u00e3o de Constitui\u00e7\u00e3o e Justi\u00e7a (CCJ) do Senado Federal e obteve a unanimidade dos votos favor\u00e1veis \u00e0 sua indica\u00e7\u00e3o.<\/p>\n<p>Fonte:\u00a0Com informa\u00e7\u00f5es do STJ e do CNJ<\/p>\n","protected":false},"excerpt":{"rendered":"<p>A Corregedoria Geral da Justi\u00e7a do Estado do Esp\u00edrito Santo, na pessoa de seu Corregedor-Geral, Desembargador\u00a0Ronaldo Gon\u00e7alves de Sousa,\u00a0prestigiou a solenidade de posse do novo Corregedor Nacional da Justi\u00e7a, Ministro Jo\u00e3o Ot\u00e1vio de Noronha, realizada na noite de 24 de agosto de 2016, na sede do Superior Tribunal de Justi\u00e7a (STJ), em Bras\u00edlia. O Presidente [&hellip;]<\/p>\n","protected":false},"author":2,"featured_media":5546,"comment_status":"open","ping_status":"open","sticky":false,"template":"","format":"standard","meta":{"footnotes":""},"categories":[1],"tags":[],"_links":{"self":[{"href":"https:\/\/www.tjes.jus.br\/corregedoria\/wp-json\/wp\/v2\/posts\/5545"}],"collection":[{"href":"https:\/\/www.tjes.jus.br\/corregedoria\/wp-json\/wp\/v2\/posts"}],"about":[{"href":"https:\/\/www.tjes.jus.br\/corregedoria\/wp-json\/wp\/v2\/types\/post"}],"author":[{"embeddable":true,"href":"https:\/\/www.tjes.jus.br\/corregedoria\/wp-json\/wp\/v2\/users\/2"}],"replies":[{"embeddable":true,"href":"https:\/\/www.tjes.jus.br\/corregedoria\/wp-json\/wp\/v2\/comments?post=5545"}],"version-history":[{"count":4,"href":"https:\/\/www.tjes.jus.br\/corregedoria\/wp-json\/wp\/v2\/posts\/5545\/revisions"}],"predecessor-version":[{"id":5551,"href":"https:\/\/www.tjes.jus.br\/corregedoria\/wp-json\/wp\/v2\/posts\/5545\/revisions\/5551"}],"wp:featuredmedia":[{"embeddable":true,"href":"https:\/\/www.tjes.jus.br\/corregedoria\/wp-json\/wp\/v2\/media\/5546"}],"wp:attachment":[{"href":"https:\/\/www.tjes.jus.br\/corregedoria\/wp-json\/wp\/v2\/media?parent=5545"}],"wp:term":[{"taxonomy":"category","embeddable":true,"href":"https:\/\/www.tjes.jus.br\/corregedoria\/wp-json\/wp\/v2\/categories?post=5545"},{"taxonomy":"post_tag","embeddable":true,"href":"https:\/\/www.tjes.jus.br\/corregedoria\/wp-json\/wp\/v2\/tags?post=5545"}],"curies":[{"name":"wp","href":"https:\/\/api.w.org\/{rel}","templated":true}]}}