{"id":5552,"date":"2016-08-29T09:07:44","date_gmt":"2016-08-29T12:07:44","guid":{"rendered":"https:\/\/www.tjes.jus.br\/corregedoria\/?p=5552"},"modified":"2018-03-02T16:19:08","modified_gmt":"2018-03-02T19:19:08","slug":"oficio-circular-cgjes-no-0502016-disp-29082016","status":"publish","type":"post","link":"https:\/\/www.tjes.jus.br\/corregedoria\/2016\/08\/29\/oficio-circular-cgjes-no-0502016-disp-29082016\/","title":{"rendered":"OF\u00cdCIO CIRCULAR CGJES N\u00ba 050\/2016 &#8211; DISP. 29\/08\/2016"},"content":{"rendered":"<p style=\"text-align: center;\"><strong>ESTADO DO ESP\u00cdRITO SANTO<\/strong><\/p>\n<p style=\"text-align: center;\"><strong>PODER JUDICI\u00c1RIO<\/strong><\/p>\n<p style=\"text-align: center;\"><strong>CORREGEDORIA GERAL DA JUSTI\u00c7A<\/strong><\/p>\n<p style=\"text-align: center;\"><strong>OF\u00cdCIO CIRCULAR CGJES N.\u00ba 50\/2016<\/strong><\/p>\n<p style=\"text-align: center;\">(<em>Proc. CGJES n.\u00ba 201600830294<\/em>)<\/p>\n<p style=\"text-align: justify;\">O Desembargador <strong>RONALDO GON\u00c7ALVES DE SOUSA<\/strong>, Corregedor-Geral da Justi\u00e7a, no uso de suas atribui\u00e7\u00f5es e,<\/p>\n<p style=\"text-align: justify;\"><strong>CONSIDERANDO<\/strong> que a Corregedoria Geral da Justi\u00e7a \u00e9 \u00f3rg\u00e3o de fiscaliza\u00e7\u00e3o, disciplina e orienta\u00e7\u00e3o administrativa, com jurisdi\u00e7\u00e3o em todo o Estado, conforme art. 35 da Lei Complementar Estadual n.\u00ba 234\/2002 (COJES) e art. 37 da Lei Federal n.\u00ba 8.935\/94 (Lei dos Not\u00e1rios e Registradores).<\/p>\n<p style=\"text-align: justify;\"><strong>CONSIDERANDO<\/strong> que, diante da edi\u00e7\u00e3o de portarias limitando o acesso de advogados ao interior dos cart\u00f3rios judiciais, todas recepcionadas por este \u00d3rg\u00e3o Censor, foi ajuizado pela Ordem dos Advogados do Brasil \u2013 Seccional do Estado do Esp\u00edrito Santo, perante o Conselho Nacional de Justi\u00e7a, o Pedido de Provid\u00eancias n\u00ba 0002535-67.2016.2.00.0000;<\/p>\n<p style=\"text-align: justify;\"><strong>CONSIDERANDO<\/strong> que, em audi\u00eancia de concilia\u00e7\u00e3o promovida pelo C. CNJ, em 01\/01\/2017, entre a Corregedoria Geral da Justi\u00e7a, representada pelo Corregedor Geral da Justi\u00e7a, e a Ordem dos Advogados do Brasil &#8211; Se\u00e7\u00e3o Esp\u00edrito Santo foi firmado acordo entre as partes acima mencionadas, homologado em 12\/08\/2016;<\/p>\n<p style=\"text-align: justify;\"><strong>RESOLVE:<\/strong><\/p>\n<p style=\"text-align: justify;\"><strong>DAR CI\u00caNCIA <\/strong>aos MM. Ju\u00edzes de Direito do Estado do Esp\u00edrito Santo sobre os lindes da concilia\u00e7\u00e3o realizada no bojo do pedido de provid\u00eancia n\u00ba 0002535-67.2016.2.00.0000 (inteiro teor em anexo), onde ficou assentado que as portarias que versem sobre o acesso dos advogados nas serventias judicias dever\u00e3o observar os seguintes par\u00e2metros: \u201c<em>I \u2013 Nos cart\u00f3rios onde n\u00e3o houver balc\u00e3o de atendimento com condi\u00e7\u00f5es de o advogado manusear os autos do processo, ser\u00e1 disponibilizado uma mesa e cadeira para essa finalidade, sempre em local de ampla visibilidade, independente de carga; II \u2013 Nos cart\u00f3rios onde houver apenas guich\u00ea de atendimento, tamb\u00e9m ser\u00e1 disponibilizada uma mesa e cadeira, nas condi\u00e7\u00f5es do item I; III \u2013 os advogados t\u00eam prioridade no atendimento realizado nos cart\u00f3rios, ressalvadas as prioridades previstas em lei; IV \u2013 Em rela\u00e7\u00e3o \u00e0s Portarias, a Corregedoria adotar\u00e1 provid\u00eancias para sua adequa\u00e7\u00e3o aos itens anteriores\u201d.<\/em><\/p>\n<p style=\"text-align: justify;\"><strong>Publique-se.<\/strong><\/p>\n<p style=\"text-align: justify;\">Vit\u00f3ria (ES), 26 de agosto de 2016<\/p>\n<p style=\"text-align: center;\"><strong>Desembargador RONALDO GON\u00c7ALVES DE SOUSA<br \/>\nCorregedor-Geral da Justi\u00e7a<\/strong><\/p>\n<p style=\"text-align: center;\"><strong><a href=\"https:\/\/www.tjes.jus.br\/corregedoria\/wp-content\/uploads\/2016\/08\/Oficio_Circular_50-2016_Anexo.pdf\" target=\"_blank\" rel=\"noopener\">ANEXO (CLIQUE AQUI)<\/a><\/strong><\/p>\n","protected":false},"excerpt":{"rendered":"<p>ESTADO DO ESP\u00cdRITO SANTO PODER JUDICI\u00c1RIO CORREGEDORIA GERAL DA JUSTI\u00c7A OF\u00cdCIO CIRCULAR CGJES N.\u00ba 50\/2016 (Proc. CGJES n.\u00ba 201600830294) O Desembargador RONALDO GON\u00c7ALVES DE SOUSA, Corregedor-Geral da Justi\u00e7a, no uso de suas atribui\u00e7\u00f5es e, CONSIDERANDO que a Corregedoria Geral da Justi\u00e7a \u00e9 \u00f3rg\u00e3o de fiscaliza\u00e7\u00e3o, disciplina e orienta\u00e7\u00e3o administrativa, com jurisdi\u00e7\u00e3o em todo o Estado, [&hellip;]<\/p>\n","protected":false},"author":3,"featured_media":0,"comment_status":"open","ping_status":"open","sticky":false,"template":"","format":"standard","meta":{"footnotes":""},"categories":[5],"tags":[],"_links":{"self":[{"href":"https:\/\/www.tjes.jus.br\/corregedoria\/wp-json\/wp\/v2\/posts\/5552"}],"collection":[{"href":"https:\/\/www.tjes.jus.br\/corregedoria\/wp-json\/wp\/v2\/posts"}],"about":[{"href":"https:\/\/www.tjes.jus.br\/corregedoria\/wp-json\/wp\/v2\/types\/post"}],"author":[{"embeddable":true,"href":"https:\/\/www.tjes.jus.br\/corregedoria\/wp-json\/wp\/v2\/users\/3"}],"replies":[{"embeddable":true,"href":"https:\/\/www.tjes.jus.br\/corregedoria\/wp-json\/wp\/v2\/comments?post=5552"}],"version-history":[{"count":3,"href":"https:\/\/www.tjes.jus.br\/corregedoria\/wp-json\/wp\/v2\/posts\/5552\/revisions"}],"predecessor-version":[{"id":23110,"href":"https:\/\/www.tjes.jus.br\/corregedoria\/wp-json\/wp\/v2\/posts\/5552\/revisions\/23110"}],"wp:attachment":[{"href":"https:\/\/www.tjes.jus.br\/corregedoria\/wp-json\/wp\/v2\/media?parent=5552"}],"wp:term":[{"taxonomy":"category","embeddable":true,"href":"https:\/\/www.tjes.jus.br\/corregedoria\/wp-json\/wp\/v2\/categories?post=5552"},{"taxonomy":"post_tag","embeddable":true,"href":"https:\/\/www.tjes.jus.br\/corregedoria\/wp-json\/wp\/v2\/tags?post=5552"}],"curies":[{"name":"wp","href":"https:\/\/api.w.org\/{rel}","templated":true}]}}