{"id":5581,"date":"2016-08-29T13:46:56","date_gmt":"2016-08-29T16:46:56","guid":{"rendered":"https:\/\/www.tjes.jus.br\/corregedoria\/?p=5581"},"modified":"2017-07-04T13:50:16","modified_gmt":"2017-07-04T16:50:16","slug":"ato-normativo-no-0652012-disp-29052012","status":"publish","type":"post","link":"https:\/\/www.tjes.jus.br\/corregedoria\/2016\/08\/29\/ato-normativo-no-0652012-disp-29052012\/","title":{"rendered":"ATO NORMATIVO N\u00ba 065\/2012 &#8211; DISP. 29\/05\/2012 &#8211; ALTERADO"},"content":{"rendered":"<p style=\"text-align: center;\"><strong>ESTADO DO ESP\u00cdRITO SANTO<\/strong><\/p>\n<p style=\"text-align: center;\"><strong>PODER JUDICI\u00c1RIO<\/strong><\/p>\n<p style=\"text-align: center;\"><strong>TRIBUNAL DE JUSTI\u00c7A<\/strong><\/p>\n<p style=\"text-align: center;\"><strong>ATO NORMATIVO N\u00ba 065\/2012<\/strong><\/p>\n<p style=\"text-align: justify;\"><em>Disp\u00f5e sobre a realiza\u00e7\u00e3o de audi\u00eancias de apresenta\u00e7\u00e3o de adolescentes apreendidos na Unidade de Atendimento Inicial &#8211; UNAI.<\/em><\/p>\n<p style=\"text-align: justify;\">O Excelent\u00edssimo Senhor Desembargador PEDRO VALLS FEU ROSA, Presidente do Tribunal de Justi\u00e7a do Esp\u00edrito Santo, no uso de suas atribui\u00e7\u00f5es legais<\/p>\n<p style=\"text-align: justify;\"><strong>CONSIDERANDO<\/strong> o grande ac\u00famulo de adolescentes em conflito com a lei na Unidade de Atendimento Inicial \u2013 UNAI sem audi\u00eancia de apresenta\u00e7\u00e3o;<\/p>\n<p style=\"text-align: justify;\"><strong>CONSIDERANDO<\/strong> que a Unidade de Atendimento Inicial &#8211; UNAI permanece com n\u00famero de adolescentes acima de sua capacidade e em condi\u00e7\u00f5es inadequadas, conforme denunciado por entidades de Direitos Humanos;<\/p>\n<p style=\"text-align: justify;\"><strong>RESOLVE<\/strong>:<\/p>\n<p style=\"text-align: justify;\"><strong>Art. 1\u00ba<\/strong> Determinar que, a partir do dia 31 de maio de 2012, as audi\u00eancias de apresenta\u00e7\u00e3o de adolescentes em conflito com a lei apreendidos em Vit\u00f3ria, Serra, Cariacica, Vila Velha e Viana, nos termos do Artigo 184 do Estatuto da Crian\u00e7a e do Adolescente, sejam realizadas na Unidade de Atendimento Inicial \u2013 UNAI, na estrutura do \u00f4nibus da Justi\u00e7a Comunit\u00e1ria.<\/p>\n<p style=\"text-align: justify;\"><strong>Art. 2\u00ba<\/strong> Determinar que os adolescentes apreendidos sejam apresentados, com a devida representa\u00e7\u00e3o, diretamente \u00e0 autoridade jurisdicional na referida Unidade.<\/p>\n<p style=\"text-align: justify;\"><strong>Art. 3\u00ba<\/strong> Determinar que ap\u00f3s as audi\u00eancias de apresenta\u00e7\u00e3o, os processos sejam remetidos aos respectivos cart\u00f3rios para prosseguimento do feito.<\/p>\n<p style=\"text-align: justify;\"><strong>Art. 4\u00ba<\/strong> Este Ato Normativo entra em vigor na data de sua publica\u00e7\u00e3o, revogadas as disposi\u00e7\u00f5es em contr\u00e1rio.<\/p>\n<p style=\"text-align: justify;\">D\u00ea-se ci\u00eancia, publique-se, anote-se e cumpra-se.<\/p>\n<p style=\"text-align: justify;\">Vit\u00f3ria, 28 de maio de 2012.<\/p>\n<p style=\"text-align: center;\"><strong>DESEMBARGADOR PEDRO VALLS FEU ROSA<\/strong><br \/>\n<strong>Presidente do Egr\u00e9gio Tribunal de Justi\u00e7a do Estado do Esp\u00edrito Santo<\/strong><\/p>\n<h2 style=\"text-align: center;\"><span style=\"color: #ff0000;\">INCLUS\u00c3O DE GUARAPARI E FUND\u00c3O PELO\u00a0<a href=\"https:\/\/www.tjes.jus.br\/corregedoria\/index.php\/2016\/06\/20\/ato-normativo-no-0152014-disp-17012014\/\" target=\"_blank\" rel=\"noopener noreferrer\">ATO NORMATIVO N\u00ba 015\/2014<\/a> &#8211; DISP. 17\/01\/2014<\/span><\/h2>\n","protected":false},"excerpt":{"rendered":"<p>ESTADO DO ESP\u00cdRITO SANTO PODER JUDICI\u00c1RIO TRIBUNAL DE JUSTI\u00c7A ATO NORMATIVO N\u00ba 065\/2012 Disp\u00f5e sobre a realiza\u00e7\u00e3o de audi\u00eancias de apresenta\u00e7\u00e3o de adolescentes apreendidos na Unidade de Atendimento Inicial &#8211; UNAI. O Excelent\u00edssimo Senhor Desembargador PEDRO VALLS FEU ROSA, Presidente do Tribunal de Justi\u00e7a do Esp\u00edrito Santo, no uso de suas atribui\u00e7\u00f5es legais CONSIDERANDO o [&hellip;]<\/p>\n","protected":false},"author":3,"featured_media":0,"comment_status":"open","ping_status":"open","sticky":false,"template":"","format":"standard","meta":{"footnotes":""},"categories":[4,14],"tags":[],"_links":{"self":[{"href":"https:\/\/www.tjes.jus.br\/corregedoria\/wp-json\/wp\/v2\/posts\/5581"}],"collection":[{"href":"https:\/\/www.tjes.jus.br\/corregedoria\/wp-json\/wp\/v2\/posts"}],"about":[{"href":"https:\/\/www.tjes.jus.br\/corregedoria\/wp-json\/wp\/v2\/types\/post"}],"author":[{"embeddable":true,"href":"https:\/\/www.tjes.jus.br\/corregedoria\/wp-json\/wp\/v2\/users\/3"}],"replies":[{"embeddable":true,"href":"https:\/\/www.tjes.jus.br\/corregedoria\/wp-json\/wp\/v2\/comments?post=5581"}],"version-history":[{"count":4,"href":"https:\/\/www.tjes.jus.br\/corregedoria\/wp-json\/wp\/v2\/posts\/5581\/revisions"}],"predecessor-version":[{"id":16326,"href":"https:\/\/www.tjes.jus.br\/corregedoria\/wp-json\/wp\/v2\/posts\/5581\/revisions\/16326"}],"wp:attachment":[{"href":"https:\/\/www.tjes.jus.br\/corregedoria\/wp-json\/wp\/v2\/media?parent=5581"}],"wp:term":[{"taxonomy":"category","embeddable":true,"href":"https:\/\/www.tjes.jus.br\/corregedoria\/wp-json\/wp\/v2\/categories?post=5581"},{"taxonomy":"post_tag","embeddable":true,"href":"https:\/\/www.tjes.jus.br\/corregedoria\/wp-json\/wp\/v2\/tags?post=5581"}],"curies":[{"name":"wp","href":"https:\/\/api.w.org\/{rel}","templated":true}]}}