{"id":5630,"date":"2016-08-29T14:41:54","date_gmt":"2016-08-29T17:41:54","guid":{"rendered":"https:\/\/www.tjes.jus.br\/corregedoria\/?p=5630"},"modified":"2017-05-18T17:30:00","modified_gmt":"2017-05-18T20:30:00","slug":"ato-normativo-no-462012-disp-19042012","status":"publish","type":"post","link":"https:\/\/www.tjes.jus.br\/corregedoria\/2016\/08\/29\/ato-normativo-no-462012-disp-19042012\/","title":{"rendered":"ATO NORMATIVO N\u00ba 046\/2012 &#8211; DISP. 19\/04\/2012 &#8211; ALTERADO"},"content":{"rendered":"<p style=\"text-align: center;\"><strong>ESTADO DO ESP\u00cdRITO SANTO<\/strong><\/p>\n<p style=\"text-align: center;\"><strong>PODER JUDICI\u00c1RIO<\/strong><\/p>\n<p style=\"text-align: center;\"><strong>TRIBUNAL DE JUSTI\u00c7A<\/strong><\/p>\n<p style=\"text-align: center;\"><strong>ATO NORMATIVO N\u00ba 46\/2012<\/strong><\/p>\n<p style=\"text-align: justify;\"><em>Designa membros para comporem o N\u00facleo Permanente de M\u00e9todos Consensuais de Solu\u00e7\u00e3o de Conflitos do Poder Judici\u00e1rio do Estado do Esp\u00edrito Santo<\/em><\/p>\n<p style=\"text-align: justify;\">O Excelent\u00edssimo Senhor Desembargador PEDRO VALLS FEU ROSA, Presidente do Egr\u00e9gio Tribunal de Justi\u00e7a do Estado do Esp\u00edrito Santo no uso de suas atribui\u00e7\u00f5es legais, e<\/p>\n<p style=\"text-align: justify;\"><strong>CONSIDERANDO<\/strong> os termos da <a href=\"https:\/\/www.tjes.jus.br\/corregedoria\/index.php\/2017\/02\/16\/resolucao-no-032011-publ-em-24012011\/\" target=\"_blank\">Resolu\u00e7\u00e3o n.\u00ba 03\/2011<\/a>, alterada pela <a href=\"https:\/\/www.tjes.jus.br\/corregedoria\/index.php\/2017\/02\/21\/resolucao-no-192012-publ-em-17042012\/\" target=\"_blank\">Resolu\u00e7\u00e3o n.\u00ba 19\/2012<\/a>, publicada no Di\u00e1rio da Justi\u00e7a do dia 17\/04\/2012 que instituiu o N\u00facleo Permanente de M\u00e9todos Consensuais de Solu\u00e7\u00e3o de Conflitos do Poder Judici\u00e1rio do Estado do Esp\u00edrito Santo;<\/p>\n<p style=\"text-align: justify;\"><strong>CONSIDERANDO<\/strong> que o artigo 1\u00ba da <a href=\"https:\/\/www.tjes.jus.br\/corregedoria\/index.php\/2017\/02\/16\/resolucao-no-032011-publ-em-24012011\/\" target=\"_blank\">Resolu\u00e7\u00e3o n.\u00ba 003\/2011<\/a>, com as altera\u00e7\u00f5es introduzidas pela <a href=\"https:\/\/www.tjes.jus.br\/corregedoria\/index.php\/2017\/02\/21\/resolucao-no-192012-publ-em-17042012\/\" target=\"_blank\">Resolu\u00e7\u00e3o n.\u00ba 19\/2012<\/a>, publicada no Di\u00e1rio da Justi\u00e7a do dia 17\/04\/2012, estabelece que o N\u00facleo Permanente de M\u00e9todos Consensuais de Solu\u00e7\u00e3o de Conflitos do Poder Judici\u00e1rio do Estado do Esp\u00edrito Santo ser\u00e1 composto de 05 (cinco) membros, sendo: 01 (um) Desembargador, que atuar\u00e1 como gestor da Concilia\u00e7\u00e3o em segundo grau; 02 (dois) Ju\u00edzes Assessores Especiais da Presid\u00eancia; 02 (dois) Ju\u00edzes da Coordenadoria dos Juizados Especiais.<\/p>\n<p style=\"text-align: justify;\"><strong>RESOLVE<\/strong>:<\/p>\n<p style=\"text-align: justify;\"><del><strong>Art. 1\u00ba &#8211;<\/strong> Designar os Magistrados ora nominados para comporem o N\u00facleo Permanente de M\u00e9todos Consensuais de Solu\u00e7\u00e3o de Conflitos do Poder Judici\u00e1rio do Estado do Esp\u00edrito Santo, sem preju\u00edzo de suas designa\u00e7\u00f5es anteriores:<\/del><\/p>\n<p style=\"text-align: justify;\"><strong>Art. 1\u00ba &#8211; DESIGNAR<\/strong> os magistrados ora nominados para comporem o N\u00facleo Permanente de M\u00e9todos Consensuais de Solu\u00e7\u00e3o de Conflitos do Poder Judici\u00e1rio, sem preju\u00edzo de suas demais atribui\u00e7\u00f5es: <strong>(Alterado pelo <a href=\"https:\/\/www.tjes.jus.br\/corregedoria\/index.php\/2016\/08\/26\/ato-normativo-no-0992012-disp-28082012\/\" target=\"_blank\">Ato Normativo n\u00ba 099\/2012<\/a>, disponibilizado em 28\/08\/2012)<\/strong><\/p>\n<p style=\"text-align: justify;\">I &#8211; Desembargador <strong>Samuel Meira Brasil J\u00fanior<\/strong>, na qualidade de Gestor da Concilia\u00e7\u00e3o no segundo grau;<\/p>\n<p style=\"text-align: justify;\"><del>II &#8211; Ju\u00edzes de Direito Augusto Passamani Bufulin e Paulino Jos\u00e9 Louren\u00e7o, na qualidade de Assessores Especiais da Presid\u00eancia;<\/del><\/p>\n<p style=\"text-align: justify;\">II &#8211; Ju\u00edzes de Direito <strong>Jorge Henrique Valle dos Santos<\/strong> e <strong>Paulino Jos\u00e9 Louren\u00e7o<\/strong>, na qualidade de Assessores Especiais da Presid\u00eancia;<strong> (Alterado pelo <a href=\"https:\/\/www.tjes.jus.br\/corregedoria\/index.php\/2016\/08\/26\/ato-normativo-no-0992012-disp-28082012\/\" target=\"_blank\">Ato Normativo n\u00ba 099\/2012<\/a>, disponibilizado em 28\/08\/2012)<\/strong><\/p>\n<p style=\"text-align: justify;\">IV &#8211; Ju\u00edzes de Direito <strong>Janete Vargas Sim\u00f5es<\/strong> e <strong>Daniel Pe\u00e7anha Moreira<\/strong>, na qualidade de representantes da Coordenadoria dos Juizados Especiais.<\/p>\n<p style=\"text-align: justify;\"><strong>Art. 2\u00ba &#8211;<\/strong> Este ato entra em vigor na data da sua publica\u00e7\u00e3o.<\/p>\n<p style=\"text-align: justify;\">Vit\u00f3ria, 18 de abril de 2012<\/p>\n<p style=\"text-align: center;\"><strong>Desembargador PEDRO VALLS FEU ROSA<br \/>\n<\/strong><strong>Presidente<\/strong><\/p>\n<h2 style=\"text-align: center;\"><span style=\"color: #ff0000;\">ALTERADO PELO <a href=\"https:\/\/www.tjes.jus.br\/corregedoria\/index.php\/2016\/08\/26\/ato-normativo-no-0992012-disp-28082012\/\" target=\"_blank\">ATO NORMATIVO N\u00ba 099\/2012<\/a> \u2013 DISP. 28\/08\/2012<\/span><\/h2>\n","protected":false},"excerpt":{"rendered":"<p>ESTADO DO ESP\u00cdRITO SANTO PODER JUDICI\u00c1RIO TRIBUNAL DE JUSTI\u00c7A ATO NORMATIVO N\u00ba 46\/2012 Designa membros para comporem o N\u00facleo Permanente de M\u00e9todos Consensuais de Solu\u00e7\u00e3o de Conflitos do Poder Judici\u00e1rio do Estado do Esp\u00edrito Santo O Excelent\u00edssimo Senhor Desembargador PEDRO VALLS FEU ROSA, Presidente do Egr\u00e9gio Tribunal de Justi\u00e7a do Estado do Esp\u00edrito Santo no [&hellip;]<\/p>\n","protected":false},"author":3,"featured_media":0,"comment_status":"open","ping_status":"open","sticky":false,"template":"","format":"standard","meta":{"footnotes":""},"categories":[4,14],"tags":[],"_links":{"self":[{"href":"https:\/\/www.tjes.jus.br\/corregedoria\/wp-json\/wp\/v2\/posts\/5630"}],"collection":[{"href":"https:\/\/www.tjes.jus.br\/corregedoria\/wp-json\/wp\/v2\/posts"}],"about":[{"href":"https:\/\/www.tjes.jus.br\/corregedoria\/wp-json\/wp\/v2\/types\/post"}],"author":[{"embeddable":true,"href":"https:\/\/www.tjes.jus.br\/corregedoria\/wp-json\/wp\/v2\/users\/3"}],"replies":[{"embeddable":true,"href":"https:\/\/www.tjes.jus.br\/corregedoria\/wp-json\/wp\/v2\/comments?post=5630"}],"version-history":[{"count":5,"href":"https:\/\/www.tjes.jus.br\/corregedoria\/wp-json\/wp\/v2\/posts\/5630\/revisions"}],"predecessor-version":[{"id":15430,"href":"https:\/\/www.tjes.jus.br\/corregedoria\/wp-json\/wp\/v2\/posts\/5630\/revisions\/15430"}],"wp:attachment":[{"href":"https:\/\/www.tjes.jus.br\/corregedoria\/wp-json\/wp\/v2\/media?parent=5630"}],"wp:term":[{"taxonomy":"category","embeddable":true,"href":"https:\/\/www.tjes.jus.br\/corregedoria\/wp-json\/wp\/v2\/categories?post=5630"},{"taxonomy":"post_tag","embeddable":true,"href":"https:\/\/www.tjes.jus.br\/corregedoria\/wp-json\/wp\/v2\/tags?post=5630"}],"curies":[{"name":"wp","href":"https:\/\/api.w.org\/{rel}","templated":true}]}}