{"id":5687,"date":"2016-08-29T17:44:54","date_gmt":"2016-08-29T20:44:54","guid":{"rendered":"https:\/\/www.tjes.jus.br\/corregedoria\/?p=5687"},"modified":"2018-02-16T16:04:59","modified_gmt":"2018-02-16T18:04:59","slug":"ato-no-4132122008-disp-30122008","status":"publish","type":"post","link":"https:\/\/www.tjes.jus.br\/corregedoria\/2016\/08\/29\/ato-no-4132122008-disp-30122008\/","title":{"rendered":"ATO N\u00ba 4132\/12\/2008 &#8211; DISP. 30\/12\/2008"},"content":{"rendered":"<p style=\"text-align: center;\"><strong>PODER JUDICI\u00c1RIO DO ESTADO DO ESP\u00cdRITO SANTO<\/strong><\/p>\n<p style=\"text-align: center;\"><strong>CORREGEDORIA GERAL DA JUSTI\u00c7A<\/strong><\/p>\n<p style=\"text-align: center;\"><strong>ATO N\u00ba 4.132\/12\/2008<\/strong><\/p>\n<p style=\"text-align: justify;\"><strong>O EXCELENT\u00cdSSIMO SENHOR DESEMBARGADOR ROMULO TADDEI, CORREGEDOR GERAL DA JUSTI\u00c7A DO ESTADO DO ESP\u00cdRITO SANTO, NO USO DE SUAS ATRIBUI\u00c7\u00d5ES LEGAIS,<\/strong><\/p>\n<p style=\"text-align: justify;\"><strong>CONSIDERANDO<\/strong> que a Lei Estadual n\u00ba 6.670, de 16 de maio de 2001, criou o Fundo de Apoio ao Registro Civil das Pessoas Naturais do Estado do Esp\u00edrito Santo &#8211; FARPEN com a finalidade de atender \u00e0s determina\u00e7\u00f5es do art. 8\u00ba da Lei Federal n\u00ba 10.169, de 20 de dezembro de 2.000;<\/p>\n<p style=\"text-align: justify;\"><strong>CONSIDERANDO<\/strong> que o art. 5\u00ba da referida Lei n\u00ba 6.670, de 16 maio de 2001, instituiu a contribui\u00e7\u00e3o de custeio dos atos gratuitos praticados pelos registradores civis das pessoas naturais;<\/p>\n<p style=\"text-align: justify;\"><strong>CONSIDERANDO<\/strong> que o art. 6\u00ba, \u00a7 2\u00ba, da referida Lei n\u00ba 6.670\/2001 determina que a taxa de compensa\u00e7\u00e3o ser\u00e1 reajustada pela varia\u00e7\u00e3o da VRTE;<\/p>\n<p style=\"text-align: justify;\"><strong>CONSIDERANDO<\/strong> que a Lei Estadual n\u00ba 8.620\/2007 modificou o inciso II do referido artigo 5\u00ba, inserindo a al\u00ednea \u201cd\u201d, que estabelece para intima\u00e7\u00e3o e notifica\u00e7\u00e3o, recebidas por meio eletr\u00f4nico ou magn\u00e9tico, a metade do valor cobrado pelo Registro Sem Valor Declarado;<\/p>\n<p style=\"text-align: justify;\"><strong>CONSIDERANDO<\/strong> que o Decreto n\u00ba 2.175-R, de 12 de dezembro de 2008 fixou o Valor de Refer\u00eancia do Tesouro Estadual &#8211; VRTE, a vigorar no exerc\u00edcio de 2009, em 1.9270 (um real nove mil e duzentos e setenta cent\u00e9simos de centavos).<\/p>\n<p style=\"text-align: justify;\"><strong>R E S O L V E:<\/strong><\/p>\n<p style=\"text-align: justify;\">1\u00ba &#8211; Publicar a tabela de valores da contribui\u00e7\u00e3o ao custeio dos atos gratuitos praticados pelos registradores civis das pessoas naturais do Estado do Esp\u00edrito Santo a vigorar no exerc\u00edcio de 2009.<\/p>\n<p style=\"text-align: justify;\">I &#8211; NOS ATOS LAN\u00c7ADOS NOS TABELIONATOS DE NOTAS E PROTESTOS:<\/p>\n<table>\n<tbody>\n<tr>\n<td width=\"63\">Item<\/td>\n<td width=\"250\">Tipo de Ato<\/td>\n<td style=\"text-align: center;\" width=\"251\">Valor<\/td>\n<\/tr>\n<tr>\n<td width=\"63\">a)<\/td>\n<td width=\"250\">Escritura com Valor Declarado<\/td>\n<td style=\"text-align: center;\" width=\"251\">R$ 24,70<\/td>\n<\/tr>\n<tr>\n<td width=\"63\">b)<\/td>\n<td width=\"250\">Escritura sem Valor Declarado<\/td>\n<td style=\"text-align: center;\" width=\"251\">R$ 8,32<\/td>\n<\/tr>\n<tr>\n<td width=\"63\">c)<\/td>\n<td width=\"250\">Procura\u00e7\u00f5es<\/td>\n<td style=\"text-align: center;\" width=\"251\">R$ 3,33<\/td>\n<\/tr>\n<tr>\n<td width=\"63\">d)<\/td>\n<td width=\"250\">Protestos<\/td>\n<td style=\"text-align: center;\" width=\"251\">R$ 3,33<\/td>\n<\/tr>\n<\/tbody>\n<\/table>\n<p style=\"text-align: justify;\">II &#8211; NOS ATOS LAN\u00c7ADOS EM LIVROS DE REGISTROS P\u00daBLICOS:<\/p>\n<table>\n<tbody>\n<tr>\n<td width=\"63\">Item<\/td>\n<td width=\"251\">Tipo de Ato<\/td>\n<td style=\"text-align: center;\" width=\"251\">Valor<\/td>\n<\/tr>\n<tr>\n<td width=\"63\">a)<\/td>\n<td width=\"251\">Registro com Valor Declarado<\/td>\n<td style=\"text-align: center;\" width=\"251\">R$ 16,67<\/td>\n<\/tr>\n<tr>\n<td width=\"63\">b)<\/td>\n<td width=\"251\">Registro sem Valor Declarado<\/td>\n<td style=\"text-align: center;\" width=\"251\">R$ 6,65<\/td>\n<\/tr>\n<tr>\n<td width=\"63\">c)<\/td>\n<td width=\"251\">Averba\u00e7\u00f5es<\/td>\n<td style=\"text-align: center;\" width=\"251\">R$ 5,00<\/td>\n<\/tr>\n<tr>\n<td width=\"63\">d)<\/td>\n<td width=\"251\">Para intima\u00e7\u00e3o e notifica\u00e7\u00e3o, recebidas por meio eletr\u00f4nico ou magn\u00e9tico, inclu\u00eddas as averba\u00e7\u00f5es \u00e0 margem do registro e a certid\u00e3o lan\u00e7ada nos documentos: metade do valor cobrado na al\u00ednea \u201cb\u201d deste inciso.<\/td>\n<td width=\"251\"><\/td>\n<\/tr>\n<\/tbody>\n<\/table>\n<p style=\"text-align: justify;\">2\u00ba &#8211; Este Ato entra em vigor na data de sua publica\u00e7\u00e3o produzindo efeitos financeiros a partir do dia 1\u00ba de janeiro de 2009.<\/p>\n<p style=\"text-align: justify;\">3\u00ba &#8211; Revogam-se as disposi\u00e7\u00f5es em contr\u00e1rio.<\/p>\n<p style=\"text-align: justify;\"><strong>REGISTRA-SE.<\/strong><\/p>\n<p style=\"text-align: justify;\"><strong>PUBLIQUE-SE.<\/strong><\/p>\n<p style=\"text-align: justify;\"><strong>CUMPRA-SE.<\/strong><\/p>\n<p style=\"text-align: justify;\">Vit\u00f3ria, 29 de dezembro de 2008.<\/p>\n<p style=\"text-align: center;\"><strong>DES. ROMULO TADDEI<\/strong><\/p>\n<p style=\"text-align: center;\"><strong>CORREGEDOR GERAL DA JUSTI\u00c7A<\/strong><\/p>\n","protected":false},"excerpt":{"rendered":"<p>PODER JUDICI\u00c1RIO DO ESTADO DO ESP\u00cdRITO SANTO CORREGEDORIA GERAL DA JUSTI\u00c7A ATO N\u00ba 4.132\/12\/2008 O EXCELENT\u00cdSSIMO SENHOR DESEMBARGADOR ROMULO TADDEI, CORREGEDOR GERAL DA JUSTI\u00c7A DO ESTADO DO ESP\u00cdRITO SANTO, NO USO DE SUAS ATRIBUI\u00c7\u00d5ES LEGAIS, CONSIDERANDO que a Lei Estadual n\u00ba 6.670, de 16 de maio de 2001, criou o Fundo de Apoio ao Registro [&hellip;]<\/p>\n","protected":false},"author":3,"featured_media":0,"comment_status":"open","ping_status":"open","sticky":false,"template":"","format":"standard","meta":{"footnotes":""},"categories":[18,14],"tags":[],"_links":{"self":[{"href":"https:\/\/www.tjes.jus.br\/corregedoria\/wp-json\/wp\/v2\/posts\/5687"}],"collection":[{"href":"https:\/\/www.tjes.jus.br\/corregedoria\/wp-json\/wp\/v2\/posts"}],"about":[{"href":"https:\/\/www.tjes.jus.br\/corregedoria\/wp-json\/wp\/v2\/types\/post"}],"author":[{"embeddable":true,"href":"https:\/\/www.tjes.jus.br\/corregedoria\/wp-json\/wp\/v2\/users\/3"}],"replies":[{"embeddable":true,"href":"https:\/\/www.tjes.jus.br\/corregedoria\/wp-json\/wp\/v2\/comments?post=5687"}],"version-history":[{"count":4,"href":"https:\/\/www.tjes.jus.br\/corregedoria\/wp-json\/wp\/v2\/posts\/5687\/revisions"}],"predecessor-version":[{"id":22571,"href":"https:\/\/www.tjes.jus.br\/corregedoria\/wp-json\/wp\/v2\/posts\/5687\/revisions\/22571"}],"wp:attachment":[{"href":"https:\/\/www.tjes.jus.br\/corregedoria\/wp-json\/wp\/v2\/media?parent=5687"}],"wp:term":[{"taxonomy":"category","embeddable":true,"href":"https:\/\/www.tjes.jus.br\/corregedoria\/wp-json\/wp\/v2\/categories?post=5687"},{"taxonomy":"post_tag","embeddable":true,"href":"https:\/\/www.tjes.jus.br\/corregedoria\/wp-json\/wp\/v2\/tags?post=5687"}],"curies":[{"name":"wp","href":"https:\/\/api.w.org\/{rel}","templated":true}]}}