{"id":5883,"date":"2016-08-31T12:17:03","date_gmt":"2016-08-31T15:17:03","guid":{"rendered":"https:\/\/www.tjes.jus.br\/corregedoria\/?p=5883"},"modified":"2018-03-02T16:21:23","modified_gmt":"2018-03-02T19:21:23","slug":"oficio-circular-no-512016-disp-31082016","status":"publish","type":"post","link":"https:\/\/www.tjes.jus.br\/corregedoria\/2016\/08\/31\/oficio-circular-no-512016-disp-31082016\/","title":{"rendered":"OF\u00cdCIO-CIRCULAR N\u00ba 51\/2016 &#8211; DISP. 31\/08\/2016"},"content":{"rendered":"<p lang=\"en-US\" align=\"center\"><strong>ESTADO DO ESP\u00cdRITO SANTO<\/strong><\/p>\n<p lang=\"en-US\" align=\"center\"><strong>PODER JUDICI\u00c1RIO<\/strong><\/p>\n<p lang=\"en-US\" align=\"center\"><strong>CORREGEDORIA GERAL DA JUSTI\u00c7A<\/strong><\/p>\n<p style=\"text-align: center;\" align=\"justify\"><strong>OF\u00cdCIO-CIRCULAR N\u00ba <\/strong><strong>51<\/strong><strong>\/201<\/strong><strong>6<\/strong><\/p>\n<p style=\"text-align: center;\" align=\"justify\"><strong>REF. PROC. CGJES N\u00ba 201601254121<\/strong><\/p>\n<p align=\"justify\">Aos MM. Ju\u00edzes de Direito das Varas Criminais do Estado do Esp\u00edrito Santo.<\/p>\n<p align=\"justify\">O Exmo. Sr. Desembargador Corregedor-Geral da Justi\u00e7a do Estado do Esp\u00edrito Santo, no uso de suas atribui\u00e7\u00f5es legais, e<\/p>\n<p align=\"justify\"><strong>CONSIDERANDO <\/strong>ser a Corregedoria Geral da Justi\u00e7a \u00f3rg\u00e3o de fiscaliza\u00e7\u00e3o, disciplina e orienta\u00e7\u00e3o administrativa, com jurisdi\u00e7\u00e3o em todo o Estado, conforme artigo 35 da Lei Complementar Estadual n\u00ba 234\/02;<\/p>\n<p align=\"justify\"><strong>CONSIDERANDO<\/strong> que a Lei n\u00ba 10.826\/03, que \u201cdisp\u00f5e sobre registro, posse e comercializa\u00e7\u00e3o de armas de fogo e muni\u00e7\u00e3o, sobre o Sistema Nacional de Armas \u2013 Sinarm, define crimes e d\u00e1 outras provid\u00eancias\u201d, prev\u00ea em seu artigo 25, <i>caput<\/i>, que \u201c<i>as armas de fogo apreendidas, ap\u00f3s a elabora\u00e7\u00e3o do laudo pericial e sua juntada aos autos, quando n\u00e3o mais interessarem \u00e0 persecu\u00e7\u00e3o penal ser\u00e3o encaminhadas pelo juiz competente ao Comando do Ex\u00e9rcito, no prazo m\u00e1ximo de 48 (quarenta e oito) horas, para destrui\u00e7\u00e3o ou doa\u00e7\u00e3o aos \u00f3rg\u00e3os de seguran\u00e7a p\u00fablica ou \u00e0s For\u00e7as Armadas<\/i>\u201d;<\/p>\n<p align=\"justify\"><strong>CONSIDERANDO <\/strong>os termos da <a href=\"https:\/\/www.tjes.jus.br\/corregedoria\/2016\/09\/21\/resolucao-cnj-no-134-de-21062011\/\" target=\"_blank\" rel=\"noopener\">Resolu\u00e7\u00e3o n\u00ba 134\/2011<\/a>, da Corregedoria Nacional da Justi\u00e7a, que disp\u00f5e sobre o dep\u00f3sito judicial de armas de fogo e muni\u00e7\u00f5es e a sua destina\u00e7\u00e3o, no qual determina que as armas de fogo e muni\u00e7\u00f5es apreendidas nos autos submetidos ao Poder Judici\u00e1rio dever\u00e3o ser encaminhadas ao Comando do Ex\u00e9rcito, para destrui\u00e7\u00e3o ou doa\u00e7\u00e3o, nos termos previstos no art. 25 da Lei n\u00ba 10.826\/2003, ap\u00f3s a elabora\u00e7\u00e3o do respectivo laudo pericial, intima\u00e7\u00e3o das partes sobre o seu resultado e eventual notifica\u00e7\u00e3o do propriet\u00e1rio de boa-f\u00e9 para manifesta\u00e7\u00e3o quanto ao interesse na restitui\u00e7\u00e3o;<\/p>\n<p lang=\"en-US\" align=\"justify\"><span lang=\"pt-BR\"><strong>CONSIDERANDO <\/strong><\/span><span lang=\"pt-BR\">que o C\u00f3digo de Normas da Corregedoria Geral do Estado do Esp\u00edrito Santo, disciplina nos artigos 420 e seguintes, o procedimento a ser adotado pelo Ju\u00edzo visando o encaminhamento <\/span><span lang=\"pt-BR\">das armas de fogo, acess\u00f3rios e muni\u00e7\u00f5es apreendidas <\/span><span lang=\"pt-BR\">ao Comando do Ex\u00e9rcito;<\/span><\/p>\n<p lang=\"en-US\" align=\"justify\"><span lang=\"pt-BR\"><strong>CONSIDERANDO <\/strong><\/span><span lang=\"pt-BR\">que a Assessoria de Seguran\u00e7a Institucional do Tribunal de Justi\u00e7a do Estado do Esp\u00edrito Santo, <\/span>em <span lang=\"pt-BR\">parceria com as Pol\u00edcias F<\/span>ederal, Civil e <span lang=\"pt-BR\">Militar e o Ex\u00e9rcito,<\/span><span lang=\"pt-BR\"> implantou o <\/span><span lang=\"pt-BR\">Programa de Recolhimento Preventivo de Armas do Poder Judici\u00e1rio do Estado do Esp\u00edrito Santo, <\/span><span lang=\"pt-BR\">atrav\u00e9s do qual<\/span><span lang=\"pt-BR\"> remove d<\/span><span lang=\"pt-BR\">as Unidades Judici\u00e1ria<\/span><span lang=\"pt-BR\">s armas de fogo e muni\u00e7\u00f5es que j\u00e1 foram liberadas para destrui\u00e7\u00e3o<sup>1<\/sup>;<\/span><\/p>\n<p align=\"justify\"><strong>CONSIDERANDO<\/strong> a decis\u00e3o proferida pela Exma. Sr\u00aa. Ministra Nancy Andrighi, ent\u00e3o Corregedoria Nacional de Justi\u00e7a, nos autos do Pedido de Provid\u00eancias n\u00ba 0003867-69.2016.2.00.0000, na qual determinou a ado\u00e7\u00e3o de provid\u00eancias necess\u00e1rias para que as armas j\u00e1 periciadas existentes nas Varas Criminais sejam remetidas ao Comando do Ex\u00e9rcito;<\/p>\n<p align=\"justify\"><strong>RESOLVE:<\/strong><\/p>\n<p lang=\"en-US\" align=\"justify\"><span lang=\"pt-BR\"><strong>DETERMINAR\u00a0<\/strong><\/span><span lang=\"pt-BR\">a todos os MM. Ju\u00edzes de Direito <\/span><span lang=\"pt-BR\">das Varas Criminais<\/span><span lang=\"pt-BR\"> do Estado do Esp\u00edrito Santo que <\/span><span lang=\"pt-BR\">providenciem a remessa ao Comando do Ex\u00e9rcito das armas de fogo, acess\u00f3rios e muni\u00e7\u00f5es apreendidas e j\u00e1 periciadas existentes nas Unidades Judici\u00e1rias sob a sua responsabilidade, <\/span><span lang=\"pt-BR\"><strong>no prazo de <\/strong><\/span><span lang=\"pt-BR\"><strong>3<\/strong><\/span><span lang=\"pt-BR\"><strong>0 (<\/strong><\/span><span lang=\"pt-BR\"><strong>trinta<\/strong><\/span><span lang=\"pt-BR\"><strong>) dias, <\/strong><\/span><span lang=\"pt-BR\">dando ci\u00eancia a esta Corregedoria acerca do cumprimento do presente Of\u00edcio-Circular.<\/span><\/p>\n<p lang=\"en-US\" align=\"justify\"><span lang=\"pt-BR\"><strong>D<\/strong><\/span><span lang=\"pt-BR\"><strong>ETERMINAR <\/strong><\/span><span lang=\"pt-BR\">que seja cumprido fielmente\u00a0<\/span><span lang=\"pt-BR\">o disposto<\/span><span lang=\"pt-BR\"> nos artigos 420 e seguintes<sup>2<\/sup> do C\u00f3digo de Normas desta Corregedoria Geral da Justi\u00e7a <\/span><span lang=\"pt-BR\">(alterado pelo <a href=\"https:\/\/www.tjes.jus.br\/corregedoria\/2016\/08\/16\/provimento-no-152014-disp-em-21112014-republicacao\/\" target=\"_blank\" rel=\"noopener\">Provimento n\u00ba 15\/2014<\/a>, <\/span><span lang=\"pt-BR\">disponibilizado no e-di\u00e1rio de 21\/11\/2014<\/span><span lang=\"pt-BR\">)<\/span><span lang=\"pt-BR\">, <\/span><span lang=\"pt-BR\">que <\/span><span lang=\"pt-BR\">estabelece\u00a0<\/span><span lang=\"pt-BR\">o procedimento a ser adotado pelo Ju\u00edzo visando o encaminhamento ao Comando do Ex\u00e9rcito <\/span><span lang=\"pt-BR\">das armas de fogo, acess\u00f3rios e muni\u00e7\u00f5es apreendidas.<\/span><\/p>\n<p align=\"justify\"><strong>Publique-se. Cumpra-se.<\/strong><\/p>\n<p align=\"justify\">Vit\u00f3ria\/ES, 30 de agosto de 2016.<\/p>\n<p align=\"center\"><strong>Desembargador RONALDO GON\u00c7ALVES DE SOUSA<br \/>\n<\/strong><strong>Corregedor Geral da Justi\u00e7a<\/strong><\/p>\n<p style=\"text-align: justify;\" align=\"center\">1<a href=\"https:\/\/www.tjes.jus.br\/index.php?option=com_content&amp;view=article&amp;id=15364%3Aprograma-de-recolhimento-de-armas-participa-do-premio-inoves&amp;catid=3%3Aultimasnoticias&amp;Itemid=1\">https:\/\/www.tjes.jus.br\/index.php?option=com_content&amp;view=article&amp;id=15364%3Aprograma-de-recolhimento-de-armas-partic ipa-do-premio-inoves&amp;catid=3%3Aultimasnoticias&amp;Itemid=1<\/a><\/p>\n<div id=\"sdfootnote2\" class=\"override-text\">\n<p align=\"justify\">2 Art. 420. As armas de fogo, acess\u00f3rios e muni\u00e7\u00f5es apreendidas, que n\u00e3o mais interessarem \u00e0 persecu\u00e7\u00e3o penal, dever\u00e3o ser encaminhadas ao Comando do Ex\u00e9rcito, por interm\u00e9dio da Assessoria Militar e\/ou da Assessoria de Seguran\u00e7a Institucional, ambas do Tribunal de Justi\u00e7a do Estado do Esp\u00edrito Santo, para fins de destrui\u00e7\u00e3o ou doa\u00e7\u00e3o, nos termos do art. 25 da Lei n\u00ba 10.826\/2003, ap\u00f3s a elabora\u00e7\u00e3o do respectivo laudo pericial.<\/p>\n<p align=\"justify\">\u00a7 1\u00ba. Recebido pela unidade judici\u00e1ria o laudo pericial das armas de fogo, acess\u00f3rios e muni\u00e7\u00f5es apreendidas, o chefe de secretaria proceder\u00e1 a sua juntada aos autos da pe\u00e7a investigat\u00f3ria ou do processo judicial no prazo de 48 (quarenta e oito) horas, devendo, em igual prazo, promover a intima\u00e7\u00e3o das partes sobre o seu resultado e eventual interesse em sua conserva\u00e7\u00e3o at\u00e9 o julgamento do processo.<\/p>\n<p align=\"justify\">\u00a7 2\u00ba. O chefe de secretaria certificar\u00e1 o decurso do aludido prazo, com ou sem manifesta\u00e7\u00e3o, devendo os autos serem conclusos, em at\u00e9 48 (quarenta e oito) horas, para fins do art. 25 da Lei n\u00ba 10.826\/2003.<\/p>\n<p align=\"justify\">\u00a7 3\u00ba. Os ju\u00edzes, mediante decis\u00e3o fundamentada, poder\u00e3o determinar a guarda das armas de fogo, acess\u00f3rios e muni\u00e7\u00f5es apreendidas, caso a medida seja imprescind\u00edvel para o esclarecimento dos fatos apurados no processo judicial.<\/p>\n<p align=\"justify\">\u00a7 4\u00ba. At\u00e9 o encaminhamento ao Comando do Ex\u00e9rcito, as armas de fogo, acess\u00f3rios, muni\u00e7\u00f5es e demais objetos aprendidos ficar\u00e3o sob a guarda do chefe de secretaria da unidade judici\u00e1ria, com a fiscaliza\u00e7\u00e3o direta do juiz do processo.<\/p>\n<p align=\"justify\">Art. 421. O ju\u00edzo poder\u00e1, excepcionalmente, determinar que a guarda das armas de fogo, acess\u00f3rios e muni\u00e7\u00f5es apreendidas seja realizada pela autoridade policial, ou mesmo pelo Comando do Ex\u00e9rcito (mediante ajuste pr\u00e9vio), desde que sua natureza, volume, poder ofensivo ou outra caracter\u00edstica qualquer represente especial perigo para a unidade judici\u00e1ria, procedendo as devidas atualiza\u00e7\u00f5es no Sistema Nacional de Bens Apreendidos \u2013 SNBA.<\/p>\n<p align=\"justify\">Art. 422. Caso a arma de fogo, acess\u00f3rio ou muni\u00e7\u00e3o apreendida seja de propriedade das Pol\u00edcias Civil ou Militar, ou das For\u00e7as Armadas, ser\u00e1 restitu\u00edda \u00e0 corpora\u00e7\u00e3o ap\u00f3s a elabora\u00e7\u00e3o do respectivo laudo pericial e intima\u00e7\u00e3o das partes.<\/p>\n<\/div>\n","protected":false},"excerpt":{"rendered":"<p>ESTADO DO ESP\u00cdRITO SANTO PODER JUDICI\u00c1RIO CORREGEDORIA GERAL DA JUSTI\u00c7A OF\u00cdCIO-CIRCULAR N\u00ba 51\/2016 REF. PROC. CGJES N\u00ba 201601254121 Aos MM. Ju\u00edzes de Direito das Varas Criminais do Estado do Esp\u00edrito Santo. O Exmo. Sr. Desembargador Corregedor-Geral da Justi\u00e7a do Estado do Esp\u00edrito Santo, no uso de suas atribui\u00e7\u00f5es legais, e CONSIDERANDO ser a Corregedoria Geral [&hellip;]<\/p>\n","protected":false},"author":3,"featured_media":0,"comment_status":"open","ping_status":"open","sticky":false,"template":"","format":"standard","meta":{"footnotes":""},"categories":[14,5],"tags":[],"_links":{"self":[{"href":"https:\/\/www.tjes.jus.br\/corregedoria\/wp-json\/wp\/v2\/posts\/5883"}],"collection":[{"href":"https:\/\/www.tjes.jus.br\/corregedoria\/wp-json\/wp\/v2\/posts"}],"about":[{"href":"https:\/\/www.tjes.jus.br\/corregedoria\/wp-json\/wp\/v2\/types\/post"}],"author":[{"embeddable":true,"href":"https:\/\/www.tjes.jus.br\/corregedoria\/wp-json\/wp\/v2\/users\/3"}],"replies":[{"embeddable":true,"href":"https:\/\/www.tjes.jus.br\/corregedoria\/wp-json\/wp\/v2\/comments?post=5883"}],"version-history":[{"count":5,"href":"https:\/\/www.tjes.jus.br\/corregedoria\/wp-json\/wp\/v2\/posts\/5883\/revisions"}],"predecessor-version":[{"id":23111,"href":"https:\/\/www.tjes.jus.br\/corregedoria\/wp-json\/wp\/v2\/posts\/5883\/revisions\/23111"}],"wp:attachment":[{"href":"https:\/\/www.tjes.jus.br\/corregedoria\/wp-json\/wp\/v2\/media?parent=5883"}],"wp:term":[{"taxonomy":"category","embeddable":true,"href":"https:\/\/www.tjes.jus.br\/corregedoria\/wp-json\/wp\/v2\/categories?post=5883"},{"taxonomy":"post_tag","embeddable":true,"href":"https:\/\/www.tjes.jus.br\/corregedoria\/wp-json\/wp\/v2\/tags?post=5883"}],"curies":[{"name":"wp","href":"https:\/\/api.w.org\/{rel}","templated":true}]}}