{"id":6069,"date":"2016-09-05T17:49:31","date_gmt":"2016-09-05T20:49:31","guid":{"rendered":"https:\/\/www.tjes.jus.br\/corregedoria\/?p=6069"},"modified":"2016-09-05T17:49:31","modified_gmt":"2016-09-05T20:49:31","slug":"oficio-circular-no-1242015-disp-01042015","status":"publish","type":"post","link":"https:\/\/www.tjes.jus.br\/corregedoria\/2016\/09\/05\/oficio-circular-no-1242015-disp-01042015\/","title":{"rendered":"OF\u00cdCIO CIRCULAR N\u00ba 124\/2015 &#8211; DISP. 01\/04\/2015"},"content":{"rendered":"<p align=\"CENTER\"><strong>ESTADO DO ESP\u00cdRITO SANTO<\/strong><\/p>\n<p align=\"CENTER\"><strong>PODER JUDICI\u00c1RIO<\/strong><\/p>\n<p align=\"CENTER\"><strong>CORREGEDORIA GERAL DA JUSTI\u00c7A<\/strong><\/p>\n<p align=\"CENTER\">\n<p align=\"JUSTIFY\"><strong><strong>OF<\/strong><strong>\u00cdCIO CIRCULAR N\u00ba <\/strong><strong>124<\/strong><strong>\/2015<\/strong><\/strong><\/p>\n<p align=\"JUSTIFY\">\n<p align=\"JUSTIFY\"><strong><span lang=\"pt-BR\">REF. PROCESSO CGJES N\u00ba 201500312199<\/span><\/strong><\/p>\n<p align=\"JUSTIFY\">\n<p align=\"JUSTIFY\"><strong><span lang=\"pt-BR\">O Desembargador <\/span><\/strong><strong><span lang=\"pt-BR\">CARLOS ROBERTO MIGNONE, <\/span><\/strong><strong><span lang=\"pt-BR\">Corregedor-Geral da Justi\u00e7a do Estado do Esp\u00edrito Santo, no uso de suas atribui\u00e7\u00f5es e,<\/span><\/strong><\/p>\n<p align=\"JUSTIFY\">\n<p align=\"JUSTIFY\"><strong><span lang=\"pt-BR\">CONSIDERANDO<\/span><\/strong><strong><span lang=\"pt-BR\"> ser a Corregedoria Geral da Justi\u00e7a \u00f3rg\u00e3o de fiscaliza\u00e7\u00e3o e orienta\u00e7\u00e3o administrativa das serventias judiciais com jurisdi\u00e7\u00e3o em todo o Estado do Esp\u00edrito Santo, conforme disp\u00f5e o <\/span><\/strong><span lang=\"pt-BR\">artigo 7\u00ba do C\u00f3digo de Normas;<\/span><\/p>\n<p align=\"JUSTIFY\">\n<p align=\"JUSTIFY\"><span lang=\"pt-BR\"><strong>CONSIDERANDO<\/strong><\/span><span lang=\"pt-BR\"> os termos o Of\u00edcio SUEXP n\u00ba 091\/2015 <\/span><strong><span lang=\"pt-BR\">da lavra do Supervisor das Varas Criminais e de Execu\u00e7\u00f5es Penais, Exm\u00ba Desembargador Jos\u00e9 Paulo Calmon Nogueira da Gama<\/span><\/strong><span lang=\"pt-BR\">, que informou acerca das recomenda\u00e7\u00f5es\/determina\u00e7\u00f5es exaradas pelo Departamento de Monitoramento e Fiscaliza\u00e7\u00e3o do Sistema Carcer\u00e1rio e do Sistema de Execu\u00e7\u00e3o de Medidas Socioeducativas &#8211; DMF do Conselho Nacional de Justi\u00e7a &#8211; CNJ, conforme Of\u00edcio n\u00ba 756\/2014, quanto \u00e0s inspe\u00e7\u00f5es nos estabelecimentos penais e unidades de interna\u00e7\u00e3o;<\/span><\/p>\n<p align=\"JUSTIFY\">\n<p align=\"JUSTIFY\"><span lang=\"pt-BR\"><strong>RESOLVE<\/strong><\/span><span lang=\"pt-BR\"><strong>:<\/strong><\/span><\/p>\n<p align=\"JUSTIFY\">\n<p align=\"JUSTIFY\"><span lang=\"pt-BR\"><strong>Art. 1\u00ba &#8211; ORIENTAR<\/strong><\/span><span lang=\"pt-BR\"> aos<\/span><span lang=\"pt-BR\"> magistrados com compet\u00eancia nas inspe\u00e7\u00f5es nos estabelecimentos penais e nas unidades de interna\u00e7\u00f5es que observem a recomenda\u00e7\u00e3o exarada pelo Departamento de Monitoramento e Fiscaliza\u00e7\u00e3o do Sistema Carcer\u00e1rio e do Sistema de Execu\u00e7\u00e3o de Medidas Socioeducativas &#8211; DMF, de maneira que as inspe\u00e7\u00f5es tamb\u00e9m contemplem a oitiva dos detentos e adolescentes, assegurando-lhes a oportunidade de relatarem den\u00fancias de maus tratos e torturas, sem precisarem se expor aos poss\u00edveis algozes.<\/span><\/p>\n<p align=\"JUSTIFY\"><strong><span lang=\"pt-BR\">Par\u00e1grafo \u00fanico &#8211;<\/span><\/strong><span lang=\"pt-BR\"> Na efetiva\u00e7\u00e3o das oitivas, dever\u00e1 o magistrado competente observar as diretrizes e normas estabelecidas no Protocolo de Istambul, da Organiza\u00e7\u00e3o das Na\u00e7\u00f5es Unidas \u2013 ONU.<\/span><\/p>\n<p align=\"JUSTIFY\">\n<p align=\"JUSTIFY\"><strong><span lang=\"pt-BR\">Art. 2\u00ba &#8211;\u00a0<\/span><\/strong><span lang=\"pt-BR\">DETERMINAR<\/span><span lang=\"pt-BR\"> que as informa\u00e7\u00f5es provenientes das mencionada orienta\u00e7\u00e3o sejam inseridas no \u00faltimo campo dos relat\u00f3rios\/formul\u00e1rios correspondentes (campo das considera\u00e7\u00f5es\/provid\u00eancias), cuja anota\u00e7\u00e3o \u00e9 livre.<\/span><\/p>\n<p align=\"JUSTIFY\">\n<p align=\"JUSTIFY\"><strong><span lang=\"pt-BR\">Publique-se.<\/span><\/strong><\/p>\n<p align=\"JUSTIFY\"><strong><span lang=\"pt-BR\">Cumpra-se.<\/span><\/strong><\/p>\n<p align=\"JUSTIFY\">\n<p align=\"JUSTIFY\"><span lang=\"pt-BR\">Vit\u00f3ria\/ES, 24 de mar\u00e7o de 2015.<\/span><\/p>\n<p align=\"JUSTIFY\">\n<p align=\"CENTER\"><strong><span lang=\"pt-BR\">CARLOS ROBERTO MIGNONE<\/span><\/strong><\/p>\n<p align=\"CENTER\"><strong><span lang=\"pt-BR\">Corregedor-Geral de Justi\u00e7a<\/span><\/strong><\/p>\n<p align=\"CENTER\">\n<p align=\"CENTER\"><strong><span lang=\"pt-BR\">DECIS\u00c3O PROCESSO N\u00ba 201500312199 (<\/span><span lang=\"pt-BR\"><a href=\"https:\/\/www.tjes.jus.br\/corregedoria\/wp-content\/uploads\/2016\/09\/decis\u00e3o-OFICIO-CIRCULAR-124-2015.pdf\">Clique aqui<\/a><\/span><span lang=\"pt-BR\">)<\/span><\/strong><\/p>\n","protected":false},"excerpt":{"rendered":"<p>ESTADO DO ESP\u00cdRITO SANTO PODER JUDICI\u00c1RIO CORREGEDORIA GERAL DA JUSTI\u00c7A OF\u00cdCIO CIRCULAR N\u00ba 124\/2015 REF. PROCESSO CGJES N\u00ba 201500312199 O Desembargador CARLOS ROBERTO MIGNONE, Corregedor-Geral da Justi\u00e7a do Estado do Esp\u00edrito Santo, no uso de suas atribui\u00e7\u00f5es e, CONSIDERANDO ser a Corregedoria Geral da Justi\u00e7a \u00f3rg\u00e3o de fiscaliza\u00e7\u00e3o e orienta\u00e7\u00e3o administrativa das serventias judiciais com [&hellip;]<\/p>\n","protected":false},"author":3,"featured_media":0,"comment_status":"open","ping_status":"open","sticky":false,"template":"","format":"standard","meta":{"footnotes":""},"categories":[14,5],"tags":[],"_links":{"self":[{"href":"https:\/\/www.tjes.jus.br\/corregedoria\/wp-json\/wp\/v2\/posts\/6069"}],"collection":[{"href":"https:\/\/www.tjes.jus.br\/corregedoria\/wp-json\/wp\/v2\/posts"}],"about":[{"href":"https:\/\/www.tjes.jus.br\/corregedoria\/wp-json\/wp\/v2\/types\/post"}],"author":[{"embeddable":true,"href":"https:\/\/www.tjes.jus.br\/corregedoria\/wp-json\/wp\/v2\/users\/3"}],"replies":[{"embeddable":true,"href":"https:\/\/www.tjes.jus.br\/corregedoria\/wp-json\/wp\/v2\/comments?post=6069"}],"version-history":[{"count":1,"href":"https:\/\/www.tjes.jus.br\/corregedoria\/wp-json\/wp\/v2\/posts\/6069\/revisions"}],"predecessor-version":[{"id":6071,"href":"https:\/\/www.tjes.jus.br\/corregedoria\/wp-json\/wp\/v2\/posts\/6069\/revisions\/6071"}],"wp:attachment":[{"href":"https:\/\/www.tjes.jus.br\/corregedoria\/wp-json\/wp\/v2\/media?parent=6069"}],"wp:term":[{"taxonomy":"category","embeddable":true,"href":"https:\/\/www.tjes.jus.br\/corregedoria\/wp-json\/wp\/v2\/categories?post=6069"},{"taxonomy":"post_tag","embeddable":true,"href":"https:\/\/www.tjes.jus.br\/corregedoria\/wp-json\/wp\/v2\/tags?post=6069"}],"curies":[{"name":"wp","href":"https:\/\/api.w.org\/{rel}","templated":true}]}}