{"id":607,"date":"2016-06-01T15:24:08","date_gmt":"2016-06-01T18:24:08","guid":{"rendered":"http:\/\/10.99.253.4\/corregedoria\/?p=607"},"modified":"2017-08-02T13:16:29","modified_gmt":"2017-08-02T16:16:29","slug":"ato-normativo-no-0072016-disp-18012016","status":"publish","type":"post","link":"https:\/\/www.tjes.jus.br\/corregedoria\/2016\/06\/01\/ato-normativo-no-0072016-disp-18012016\/","title":{"rendered":"ATO NORMATIVO N\u00ba 007\/2016 &#8211; DISP. 18\/01\/2016"},"content":{"rendered":"<p style=\"text-align: center;\" align=\"center\"><strong>ESTADO DO ESP\u00cdRITO SANTO<\/strong><\/p>\n<p style=\"text-align: center;\" align=\"center\"><strong>PODER JUDICI\u00c1RIO<\/strong><\/p>\n<p style=\"text-align: center;\" align=\"center\"><strong>TRIBUNAL DE JUSTI\u00c7A<\/strong><\/p>\n<p style=\"text-align: center;\" align=\"center\"><strong>PRESID\u00caNCIA<\/strong><\/p>\n<p style=\"text-align: center;\" align=\"center\"><strong>ATO NORMATIVO N\u00ba 007\/2016<\/strong><\/p>\n<p style=\"text-align: justify;\"><strong>O Exm\u00ba Sr. Desembargador ANNIBAL DE REZENDE LIMA, Presidente do Egr\u00e9gio Tribunal de Justi\u00e7a do Estado do Esp\u00edrito Santo, no uso de suas atribui\u00e7\u00f5es legais, e<\/strong><\/p>\n<p style=\"text-align: justify;\"><strong>CONSIDERANDO<\/strong> o <a href=\"https:\/\/www.tjes.jus.br\/corregedoria\/index.php\/2016\/06\/09\/ato-normativo-n-0042015-disp-14012015-alterado\/\" target=\"_blank\" rel=\"noopener noreferrer\">Ato Normativo n\u00ba 004\/2015<\/a>, publicado no Di\u00e1rio da Justi\u00e7a de 14\/01\/2015 que autorizou a instala\u00e7\u00e3o do 1\u00ba Centro Judici\u00e1rio de Solu\u00e7\u00e3o de Conflitos e Cidadania &#8211; CEJUSC, nos termos das Resolu\u00e7\u00f5es n\u00bas <a href=\"https:\/\/www.tjes.jus.br\/corregedoria\/index.php\/2016\/09\/14\/resolucao-cnj-no-125-de-29112010\/\" target=\"_blank\" rel=\"noopener noreferrer\">125 do CNJ<\/a> e <a href=\"https:\/\/www.tjes.jus.br\/corregedoria\/index.php\/2016\/07\/06\/resolucao-no-0172013-disp-13042013\/\" target=\"_blank\" rel=\"noopener noreferrer\">17\/2013 do TJES<\/a>;<\/p>\n<p style=\"text-align: justify;\"><strong>RESOLVE:<\/strong><\/p>\n<p style=\"text-align: justify;\"><strong>INCLUIR, <\/strong>a partir de 18\/12\/2015, a Analista Judici\u00e1ria,<strong> MARGARETH RAMPINELLI MORO QUEIROZ<\/strong>, mat. 20040301 para atuar no mencionado Centro.<\/p>\n<p style=\"text-align: justify;\">PUBLIQUE-SE<\/p>\n<p style=\"text-align: justify;\" align=\"center\">Vit\u00f3ria, 15 de Janeiro de 2016.<\/p>\n<p style=\"text-align: center;\" align=\"center\"><strong>Desembargador ANNIBAL DE REZENDE LIMA<br \/>\nPresidente<\/strong><\/p>\n","protected":false},"excerpt":{"rendered":"<p>ESTADO DO ESP\u00cdRITO SANTO PODER JUDICI\u00c1RIO TRIBUNAL DE JUSTI\u00c7A PRESID\u00caNCIA ATO NORMATIVO N\u00ba 007\/2016 O Exm\u00ba Sr. Desembargador ANNIBAL DE REZENDE LIMA, Presidente do Egr\u00e9gio Tribunal de Justi\u00e7a do Estado do Esp\u00edrito Santo, no uso de suas atribui\u00e7\u00f5es legais, e CONSIDERANDO o Ato Normativo n\u00ba 004\/2015, publicado no Di\u00e1rio da Justi\u00e7a de 14\/01\/2015 que autorizou [&hellip;]<\/p>\n","protected":false},"author":1,"featured_media":0,"comment_status":"open","ping_status":"open","sticky":false,"template":"","format":"standard","meta":{"footnotes":""},"categories":[4,14],"tags":[],"_links":{"self":[{"href":"https:\/\/www.tjes.jus.br\/corregedoria\/wp-json\/wp\/v2\/posts\/607"}],"collection":[{"href":"https:\/\/www.tjes.jus.br\/corregedoria\/wp-json\/wp\/v2\/posts"}],"about":[{"href":"https:\/\/www.tjes.jus.br\/corregedoria\/wp-json\/wp\/v2\/types\/post"}],"author":[{"embeddable":true,"href":"https:\/\/www.tjes.jus.br\/corregedoria\/wp-json\/wp\/v2\/users\/1"}],"replies":[{"embeddable":true,"href":"https:\/\/www.tjes.jus.br\/corregedoria\/wp-json\/wp\/v2\/comments?post=607"}],"version-history":[{"count":4,"href":"https:\/\/www.tjes.jus.br\/corregedoria\/wp-json\/wp\/v2\/posts\/607\/revisions"}],"predecessor-version":[{"id":17951,"href":"https:\/\/www.tjes.jus.br\/corregedoria\/wp-json\/wp\/v2\/posts\/607\/revisions\/17951"}],"wp:attachment":[{"href":"https:\/\/www.tjes.jus.br\/corregedoria\/wp-json\/wp\/v2\/media?parent=607"}],"wp:term":[{"taxonomy":"category","embeddable":true,"href":"https:\/\/www.tjes.jus.br\/corregedoria\/wp-json\/wp\/v2\/categories?post=607"},{"taxonomy":"post_tag","embeddable":true,"href":"https:\/\/www.tjes.jus.br\/corregedoria\/wp-json\/wp\/v2\/tags?post=607"}],"curies":[{"name":"wp","href":"https:\/\/api.w.org\/{rel}","templated":true}]}}