{"id":6076,"date":"2016-09-05T17:55:29","date_gmt":"2016-09-05T20:55:29","guid":{"rendered":"https:\/\/www.tjes.jus.br\/corregedoria\/?p=6076"},"modified":"2016-09-05T17:55:29","modified_gmt":"2016-09-05T20:55:29","slug":"oficio-circular-no-1212015-disp-20032015","status":"publish","type":"post","link":"https:\/\/www.tjes.jus.br\/corregedoria\/2016\/09\/05\/oficio-circular-no-1212015-disp-20032015\/","title":{"rendered":"OF\u00cdCIO-CIRCULAR N\u00ba 121\/2015 &#8211; DISP. 20\/03\/2015"},"content":{"rendered":"<p align=\"CENTER\"><strong>ESTADO DO ESP\u00cdRITO SANTO<\/strong><\/p>\n<p align=\"CENTER\"><strong>PODER JUDICI\u00c1RIO<\/strong><\/p>\n<p align=\"CENTER\"><strong>CORREGEDORIA GERAL DA JUSTI\u00c7A<\/strong><\/p>\n<p align=\"CENTER\">\n<p align=\"CENTER\"><span lang=\"pt-BR\"><strong>OF\u00cdCIO-CIRCULAR N\u00ba <\/strong><\/span><span lang=\"pt-BR\"><strong>1<\/strong><\/span><span lang=\"pt-BR\"><strong>21<\/strong><\/span><span lang=\"pt-BR\"><strong>\/<\/strong><\/span><span lang=\"pt-BR\"><strong>201<\/strong><\/span><span lang=\"pt-BR\"><strong>5<\/strong><\/span><\/p>\n<p align=\"CENTER\"><span lang=\"pt-BR\"><strong>Protocolo <\/strong><\/span><span lang=\"pt-BR\"><strong>201<\/strong><\/span><span lang=\"pt-BR\"><strong>401223823<\/strong><\/span><\/p>\n<p align=\"CENTER\">\n<p lang=\"pt-BR\" align=\"JUSTIFY\">O Desembargador Corregedor-Geral da Justi\u00e7a do Estado do Esp\u00edrito Santo, no uso de suas atribui\u00e7\u00f5es legais:<\/p>\n<p align=\"JUSTIFY\"><span lang=\"pt-BR\"><strong>CONSIDERANDO<\/strong><\/span><span lang=\"pt-BR\"> o recebimento do Of\u00edcio <\/span><span lang=\"pt-BR\">n\u00ba 51\/2014<\/span><span lang=\"pt-BR\">da Corregedoria do Estado de Tocantins;<\/span><\/p>\n<p align=\"JUSTIFY\"><span lang=\"pt-BR\"><strong>CONSIDERANDO <\/strong><\/span><span lang=\"pt-BR\">que <\/span><span lang=\"pt-BR\">o <\/span><span lang=\"pt-BR\">referido Of\u00edcio informa sobre <\/span><span lang=\"pt-BR\">a inutiliza\u00e7\u00e3o de alguns selos de autenticidade, e dos atos notoriais e registrais a eles correspondentes, trata-se de:<\/span><\/p>\n<table border=\"1\" cellspacing=\"0\" cellpadding=\"4\">\n<colgroup>\n<col width=\"51*\" \/>\n<col width=\"51*\" \/>\n<col width=\"64*\" \/>\n<col width=\"90*\" \/><\/colgroup>\n<tbody>\n<tr valign=\"TOP\">\n<td width=\"20%\">\n<p align=\"JUSTIFY\">Certid\u00e3o de Inteiro Teor<\/p>\n<\/td>\n<td width=\"20%\">\n<p align=\"JUSTIFY\">Matr\u00edcula do Im\u00f3vel: n\u00ba 3925<\/p>\n<\/td>\n<td width=\"25%\">\n<p align=\"JUSTIFY\">Propriet\u00e1rio: Cosipar \u2013 Companhia Sider\u00fargica do Par\u00e1<\/p>\n<\/td>\n<td width=\"35%\">\n<p align=\"JUSTIFY\">Selo de Autenticidade: ANB 368924<\/p>\n<\/td>\n<\/tr>\n<\/tbody>\n<\/table>\n<p align=\"JUSTIFY\"><span lang=\"pt-BR\"><strong>RECOMEND<\/strong><\/span><span lang=\"pt-BR\"><strong>A<\/strong><\/span><span lang=\"pt-BR\"> aos Ju\u00edzes de Direito Diretores dos F\u00f3runs, Membros do Minist\u00e9rio P\u00fablico, Advogados, Not\u00e1rios e Registradores, Serventu\u00e1rios e a quem mais possa interessar, que observem o Of\u00edcio Circular <\/span><span lang=\"pt-BR\">supracitado <\/span><span lang=\"pt-BR\">em anexo<\/span><span lang=\"pt-BR\">, e adotem as provid\u00eancias que entenderem pertinentes.<\/span><\/p>\n<p align=\"JUSTIFY\">\n<p lang=\"pt-BR\" align=\"JUSTIFY\"><strong>Publique-se. Cumpra-se.<\/strong><\/p>\n<p align=\"JUSTIFY\"><span lang=\"pt-BR\">Vit\u00f3ria\/ES, <\/span><span lang=\"pt-BR\">19<\/span><span lang=\"pt-BR\"> de <\/span><span lang=\"pt-BR\">mar\u00e7o<\/span><span lang=\"pt-BR\"> de 201<\/span><span lang=\"pt-BR\">5<\/span><span lang=\"pt-BR\">.<\/span><\/p>\n<p align=\"JUSTIFY\">\n<p lang=\"pt-BR\" align=\"CENTER\"><strong>CARLOS ROBERTO MIGNONE<\/strong><\/p>\n<p lang=\"pt-BR\" align=\"CENTER\"><strong>Corregedor Geral da Justi\u00e7a<\/strong><\/p>\n","protected":false},"excerpt":{"rendered":"<p>ESTADO DO ESP\u00cdRITO SANTO PODER JUDICI\u00c1RIO CORREGEDORIA GERAL DA JUSTI\u00c7A OF\u00cdCIO-CIRCULAR N\u00ba 121\/2015 Protocolo 201401223823 O Desembargador Corregedor-Geral da Justi\u00e7a do Estado do Esp\u00edrito Santo, no uso de suas atribui\u00e7\u00f5es legais: CONSIDERANDO o recebimento do Of\u00edcio n\u00ba 51\/2014da Corregedoria do Estado de Tocantins; CONSIDERANDO que o referido Of\u00edcio informa sobre a inutiliza\u00e7\u00e3o de alguns selos [&hellip;]<\/p>\n","protected":false},"author":3,"featured_media":0,"comment_status":"open","ping_status":"open","sticky":false,"template":"","format":"standard","meta":{"footnotes":""},"categories":[14,5],"tags":[],"_links":{"self":[{"href":"https:\/\/www.tjes.jus.br\/corregedoria\/wp-json\/wp\/v2\/posts\/6076"}],"collection":[{"href":"https:\/\/www.tjes.jus.br\/corregedoria\/wp-json\/wp\/v2\/posts"}],"about":[{"href":"https:\/\/www.tjes.jus.br\/corregedoria\/wp-json\/wp\/v2\/types\/post"}],"author":[{"embeddable":true,"href":"https:\/\/www.tjes.jus.br\/corregedoria\/wp-json\/wp\/v2\/users\/3"}],"replies":[{"embeddable":true,"href":"https:\/\/www.tjes.jus.br\/corregedoria\/wp-json\/wp\/v2\/comments?post=6076"}],"version-history":[{"count":1,"href":"https:\/\/www.tjes.jus.br\/corregedoria\/wp-json\/wp\/v2\/posts\/6076\/revisions"}],"predecessor-version":[{"id":6077,"href":"https:\/\/www.tjes.jus.br\/corregedoria\/wp-json\/wp\/v2\/posts\/6076\/revisions\/6077"}],"wp:attachment":[{"href":"https:\/\/www.tjes.jus.br\/corregedoria\/wp-json\/wp\/v2\/media?parent=6076"}],"wp:term":[{"taxonomy":"category","embeddable":true,"href":"https:\/\/www.tjes.jus.br\/corregedoria\/wp-json\/wp\/v2\/categories?post=6076"},{"taxonomy":"post_tag","embeddable":true,"href":"https:\/\/www.tjes.jus.br\/corregedoria\/wp-json\/wp\/v2\/tags?post=6076"}],"curies":[{"name":"wp","href":"https:\/\/api.w.org\/{rel}","templated":true}]}}