{"id":6082,"date":"2016-09-05T18:05:12","date_gmt":"2016-09-05T21:05:12","guid":{"rendered":"https:\/\/www.tjes.jus.br\/corregedoria\/?p=6082"},"modified":"2016-09-05T18:05:12","modified_gmt":"2016-09-05T21:05:12","slug":"oficio-circular-no-1152015-disp-16032015","status":"publish","type":"post","link":"https:\/\/www.tjes.jus.br\/corregedoria\/2016\/09\/05\/oficio-circular-no-1152015-disp-16032015\/","title":{"rendered":"OF\u00cdCIO CIRCULAR N\u00ba 115\/2015 &#8211; DISP. 16\/03\/2015"},"content":{"rendered":"<p align=\"CENTER\"><strong>ESTADO DO ESP\u00cdRITO SANTO<\/strong><\/p>\n<p align=\"CENTER\"><strong>PODER JUDICI\u00c1RIO<\/strong><\/p>\n<p align=\"CENTER\"><strong>CORREGEDORIA GERAL DA JUSTI\u00c7A<\/strong><\/p>\n<p align=\"CENTER\">\n<p align=\"CENTER\">\n<p style=\"text-align: center;\" align=\"JUSTIFY\"><strong><strong>OF<\/strong><strong>\u00cdCIO CIRCULAR N\u00ba 115\/2015<\/strong><\/strong><\/p>\n<p style=\"text-align: center;\" align=\"JUSTIFY\"><strong><span lang=\"pt-BR\">REF. PROCESSO CGJES N\u00ba 201500194943<\/span><\/strong><\/p>\n<p align=\"JUSTIFY\">\n<p align=\"JUSTIFY\"><strong><span lang=\"pt-BR\">O Desembargador <\/span><\/strong><strong><span lang=\"pt-BR\">CARLOS ROBERTO MIGNONE, <\/span><\/strong><strong><span lang=\"pt-BR\">Corregedor-Geral da Justi\u00e7a do Estado do Esp\u00edrito Santo, no uso de suas atribui\u00e7\u00f5es e,<\/span><\/strong><\/p>\n<p align=\"JUSTIFY\">\n<p align=\"JUSTIFY\"><strong><span lang=\"pt-BR\">CONSIDERANDO<\/span><\/strong><strong><span lang=\"pt-BR\"> ser a Corregedoria Geral da Justi\u00e7a \u00f3rg\u00e3o de fiscaliza\u00e7\u00e3o e orienta\u00e7\u00e3o administrativa das serventias judiciais com jurisdi\u00e7\u00e3o em todo o Estado do Esp\u00edrito Santo, conforme disp\u00f5e o <\/span><\/strong><span lang=\"pt-BR\">artigo 7\u00ba do C\u00f3digo de Normas;<\/span><\/p>\n<p align=\"JUSTIFY\">\n<p align=\"JUSTIFY\"><span lang=\"pt-BR\"><strong>CONSIDERANDO<\/strong><\/span><span lang=\"pt-BR\"> o Pedido de Provid\u00eancias <\/span><strong><span lang=\"pt-BR\">n\u00ba 0004846-02.2014.2.00.0000<\/span><\/strong><span lang=\"pt-BR\"> do Conselho Nacional de Justi\u00e7a &#8211; CNJ, no qual relata a preocupa\u00e7\u00e3o do Minist\u00e9rio P\u00fablico Federal quanto ao cumprimento da Lei n\u00ba 5.709\/71 pelos Cart\u00f3rios de Registro Geral de Im\u00f3veis na hip\u00f3tese de aquisi\u00e7\u00e3o e arrendamento de \u00e1rea rural por pessoa estrangeira (f\u00edsica ou jur\u00eddica);<\/span><\/p>\n<p align=\"JUSTIFY\">\n<p align=\"JUSTIFY\"><span lang=\"pt-BR\"><strong>CONSIDERANDO<\/strong><\/span><span lang=\"pt-BR\"> as regras insertas na Se\u00e7\u00e3o VII, Cap\u00edtulo VII do C\u00f3digo de Normas desta Corregedoria Estadual, que disciplina acerca da aquisi\u00e7\u00e3o de im\u00f3vel rural por pessoa natural e jur\u00eddica estrangeira e cidad\u00e3o portugu\u00eas, bem como as normas da Se\u00e7\u00e3o II, do mesmo cap\u00edtulo, que tratam dos livros e suas escritura\u00e7\u00f5es;<\/span><\/p>\n<p align=\"JUSTIFY\">\n<p align=\"JUSTIFY\">\n<p align=\"JUSTIFY\"><span lang=\"pt-BR\"><strong>RESOLVE<\/strong><\/span><span lang=\"pt-BR\"><strong>:<\/strong><\/span><\/p>\n<p align=\"JUSTIFY\">\n<p align=\"JUSTIFY\"><span lang=\"pt-BR\"><strong>Art. 1\u00ba &#8211; DETERMINAR<\/strong><\/span><span lang=\"pt-BR\"> que os<\/span><span lang=\"pt-BR\"> Cart\u00f3rios de Registro Geral de Im\u00f3veis deste Estado observem as regras estabelecidas nos artigos 9\u00ba, 10 e 11 da Lei n\u00ba 5.709\/71 para aquisi\u00e7\u00f5es e tamb\u00e9m para os arrendamentos de propriedades rurais por pessoa estrangeira (f\u00edsica ou jur\u00eddica), comunicando, obrigat\u00f3ria e trimestralmente, a ocorr\u00eancia de tal fato a esta Corregedoria e ao INCRA, em conson\u00e2ncia com os artigos 1.281 e seguintes do C\u00f3digo de Normas.<\/span><\/p>\n<p align=\"JUSTIFY\"><strong><span lang=\"pt-BR\">Par\u00e1grafo \u00fanico &#8211;<\/span><\/strong><span lang=\"pt-BR\"> \u00c9 dispensado o envio das informa\u00e7\u00f5es em caso de remessa negativa, nos termos do par\u00e1grafo \u00fanico do artigo 1.283 daquele diploma.<\/span><\/p>\n<p align=\"JUSTIFY\">\n<p align=\"JUSTIFY\"><strong><span lang=\"pt-BR\">Art. 2\u00ba &#8211;\u00a0<\/span><\/strong><strong><span lang=\"pt-BR\">DETERMINAR<\/span><\/strong><span lang=\"pt-BR\"> que as mencionadas serventias extrajudiciais observem o artigo 1.075 do C\u00f3digo de Normas desta Corregedoria, que prev\u00ea a utiliza\u00e7\u00e3o obrigat\u00f3ria do Livro de Cadastro de Aquisi\u00e7\u00e3o de Im\u00f3vel Rural por Estrangeiro.<\/span><\/p>\n<p align=\"JUSTIFY\">\n<p align=\"JUSTIFY\"><strong><span lang=\"pt-BR\">Publique-se.<\/span><\/strong><\/p>\n<p align=\"JUSTIFY\"><strong><span lang=\"pt-BR\">Cumpra-se.<\/span><\/strong><\/p>\n<p align=\"JUSTIFY\">\n<p align=\"JUSTIFY\"><span lang=\"pt-BR\">Vit\u00f3ria\/ES, 19 de fevereiro de 2015.<\/span><\/p>\n<p align=\"JUSTIFY\">\n<p align=\"CENTER\"><strong><span lang=\"pt-BR\">CARLOS ROBERTO MIGNONE<br \/>\n<\/span><\/strong><strong><span lang=\"pt-BR\">Corregedor-Geral de Justi\u00e7a<\/span><\/strong><\/p>\n","protected":false},"excerpt":{"rendered":"<p>ESTADO DO ESP\u00cdRITO SANTO PODER JUDICI\u00c1RIO CORREGEDORIA GERAL DA JUSTI\u00c7A OF\u00cdCIO CIRCULAR N\u00ba 115\/2015 REF. PROCESSO CGJES N\u00ba 201500194943 O Desembargador CARLOS ROBERTO MIGNONE, Corregedor-Geral da Justi\u00e7a do Estado do Esp\u00edrito Santo, no uso de suas atribui\u00e7\u00f5es e, CONSIDERANDO ser a Corregedoria Geral da Justi\u00e7a \u00f3rg\u00e3o de fiscaliza\u00e7\u00e3o e orienta\u00e7\u00e3o administrativa das serventias judiciais com [&hellip;]<\/p>\n","protected":false},"author":3,"featured_media":0,"comment_status":"open","ping_status":"open","sticky":false,"template":"","format":"standard","meta":{"footnotes":""},"categories":[14,5],"tags":[],"_links":{"self":[{"href":"https:\/\/www.tjes.jus.br\/corregedoria\/wp-json\/wp\/v2\/posts\/6082"}],"collection":[{"href":"https:\/\/www.tjes.jus.br\/corregedoria\/wp-json\/wp\/v2\/posts"}],"about":[{"href":"https:\/\/www.tjes.jus.br\/corregedoria\/wp-json\/wp\/v2\/types\/post"}],"author":[{"embeddable":true,"href":"https:\/\/www.tjes.jus.br\/corregedoria\/wp-json\/wp\/v2\/users\/3"}],"replies":[{"embeddable":true,"href":"https:\/\/www.tjes.jus.br\/corregedoria\/wp-json\/wp\/v2\/comments?post=6082"}],"version-history":[{"count":1,"href":"https:\/\/www.tjes.jus.br\/corregedoria\/wp-json\/wp\/v2\/posts\/6082\/revisions"}],"predecessor-version":[{"id":6083,"href":"https:\/\/www.tjes.jus.br\/corregedoria\/wp-json\/wp\/v2\/posts\/6082\/revisions\/6083"}],"wp:attachment":[{"href":"https:\/\/www.tjes.jus.br\/corregedoria\/wp-json\/wp\/v2\/media?parent=6082"}],"wp:term":[{"taxonomy":"category","embeddable":true,"href":"https:\/\/www.tjes.jus.br\/corregedoria\/wp-json\/wp\/v2\/categories?post=6082"},{"taxonomy":"post_tag","embeddable":true,"href":"https:\/\/www.tjes.jus.br\/corregedoria\/wp-json\/wp\/v2\/tags?post=6082"}],"curies":[{"name":"wp","href":"https:\/\/api.w.org\/{rel}","templated":true}]}}