{"id":6127,"date":"2016-09-06T12:14:03","date_gmt":"2016-09-06T15:14:03","guid":{"rendered":"https:\/\/www.tjes.jus.br\/corregedoria\/?p=6127"},"modified":"2018-12-17T16:33:04","modified_gmt":"2018-12-17T18:33:04","slug":"oficio-circular-no-1072014-disp-08012015","status":"publish","type":"post","link":"https:\/\/www.tjes.jus.br\/corregedoria\/2016\/09\/06\/oficio-circular-no-1072014-disp-08012015\/","title":{"rendered":"OF\u00cdCIO-CIRCULAR N\u00ba 107\/2014 &#8211; DISP. 08\/01\/2015"},"content":{"rendered":"<p style=\"text-align: center;\"><strong>PODER JUDICI\u00c1RIO<\/strong><\/p>\n<p style=\"text-align: center;\"><strong>TRIBUNAL DE JUSTI\u00c7A DO ESTADO DO ESP\u00cdRITO SANTO<\/strong><\/p>\n<p style=\"text-align: center;\"><strong>CORREGEDORIA GERAL DA JUSTI\u00c7A<\/strong><\/p>\n<p lang=\"pt-BR\" style=\"text-align: center;\" align=\"JUSTIFY\"><strong>OF\u00cdCIO-CIRCULAR N\u00ba 107\/2014<\/strong><\/p>\n<p lang=\"pt-BR\" align=\"JUSTIFY\"><strong>Vit\u00f3ria\/ES, 18 de dezembro de 2014.<\/strong><\/p>\n<p lang=\"pt-BR\" align=\"JUSTIFY\">Aos Oficiais de Registro de Im\u00f3veis e Tabeli\u00e3es de Notas do Esp\u00edrito Santo.<\/p>\n<p lang=\"pt-BR\" align=\"JUSTIFY\">O Exmo. Sr. Desembargador Corregedor-Geral da Justi\u00e7a do Estado do Esp\u00edrito Santo, no uso de suas atribui\u00e7\u00f5es legais, e<\/p>\n<p lang=\"pt-BR\" align=\"JUSTIFY\"><strong>CONSIDERANDO <\/strong>ser a Corregedoria Geral da Justi\u00e7a \u00f3rg\u00e3o de fiscaliza\u00e7\u00e3o, disciplina e orienta\u00e7\u00e3o administrativa, com jurisdi\u00e7\u00e3o em todo o Estado, conforme artigo 35 da Lei Complementar Estadual n\u00ba 234\/02;<\/p>\n<p lang=\"pt-BR\" align=\"JUSTIFY\"><strong>CONSIDERANDO<\/strong> a publica\u00e7\u00e3o no e-di\u00e1rio do <a href=\"https:\/\/www.tjes.jus.br\/corregedoria\/2016\/08\/16\/provimento-no-592013-disp-02122013\/\" target=\"_blank\" rel=\"noopener\">Provimento CGJES n.\u00ba 59\/2013<\/a> (em 02\/12\/2013), alterado, respectivamente, pelos Provimentos CGJES n.\u00ba <a href=\"https:\/\/www.tjes.jus.br\/corregedoria\/2016\/08\/16\/provimento-no-042014-disp-25032014\/\" target=\"_blank\" rel=\"noopener\">04\/2014<\/a> e <a href=\"https:\/\/www.tjes.jus.br\/corregedoria\/2016\/08\/16\/provimento-no-122014-disp-23072014\/\" target=\"_blank\" rel=\"noopener\">12\/2014<\/a>;<\/p>\n<p lang=\"pt-BR\" align=\"JUSTIFY\"><strong>CONSIDERANDO<\/strong> a publica\u00e7\u00e3o do <a href=\"http:\/\/www.cnj.jus.br\/atos-normativos?documento=2049\" target=\"_blank\" rel=\"noopener\">Provimento CNJ n.\u00ba 39\/2014<\/a>, que disp\u00f5e sobre a institui\u00e7\u00e3o e funcionamento da Central Nacional de Indisponibilidade de Bens &#8211; CNIB, destinada a recepcionar comunica\u00e7\u00f5es de indisponibilidade de bens im\u00f3veis n\u00e3o individualizados.<\/p>\n<p lang=\"pt-BR\" align=\"JUSTIFY\"><strong>RESOLVE:<\/strong><\/p>\n<p lang=\"pt-BR\" align=\"JUSTIFY\"><strong>1) INFORMAR<\/strong> a todos os Registradores de Im\u00f3veis e Tabeli\u00e3es de Notas do Esp\u00edrito Santo que a Associa\u00e7\u00e3o de Registradores Imobili\u00e1rios de S\u00e3o Paulo &#8211; ARISP comunicou a esta CGJES, por meio do of\u00edcio n.\u00ba 181\/2014, que j\u00e1 foi realizado o pr\u00e9vio cadastramento dos servi\u00e7os extrajudiciais deste Estado na Central Nacional de Indisponibilidade de Bens &#8211; CNIB, com base nos dados extra\u00eddos do Sistema Justi\u00e7a Aberta.<\/p>\n<p lang=\"pt-BR\" align=\"JUSTIFY\"><strong>2)<\/strong> <strong>COMUNICAR<\/strong> que os dados do referido cadastramento dever\u00e3o ser complementados, no prazo impreter\u00edvel de 05 (cinco) dias, atrav\u00e9s do s\u00edtio eletr\u00f4nico <a href=\"http:\/\/www.indisponibilidade.org.br\" target=\"_blank\" rel=\"noopener\">www.indisponibilidade.org.br<\/a>, clicando-se na imagem do e-CPF e conectando-se atrav\u00e9s de certificado digital.<\/p>\n<p lang=\"pt-BR\" align=\"JUSTIFY\"><strong>3) CIENTIFICAR<\/strong> que, com a publica\u00e7\u00e3o do <a href=\"http:\/\/www.cnj.jus.br\/atos-normativos?documento=2049\" target=\"_blank\" rel=\"noopener\">Provimento CNJ n.\u00ba 39\/2014<\/a> (artigo 14), passou ser obrigat\u00f3rio consultar a Central Nacional de Indisponibilidade de Bens &#8211; CNIB, antes da pr\u00e1tica de atos notariais ou registrais que tenham por objeto bens im\u00f3veis ou direitos a eles relativos (exceto lavratura de escritura).<\/p>\n<p lang=\"pt-BR\" align=\"JUSTIFY\"><strong>4)<\/strong> <strong>INFORMAR<\/strong> aos Registradores de Im\u00f3veis que deve ser cumprida na \u00edntegra as disposi\u00e7\u00f5es do artigo 8\u00ba, do <a href=\"http:\/\/www.cnj.jus.br\/atos-normativos?documento=2049\" target=\"_blank\" rel=\"noopener\">Provimento CNJ n.\u00ba 39\/2014<\/a>, ainda que eventualmente incompat\u00edveis com o <a href=\"https:\/\/www.tjes.jus.br\/corregedoria\/2016\/08\/16\/provimento-no-592013-disp-02122013\/\" target=\"_blank\" rel=\"noopener\">Provimento CGJES n.\u00ba 59\/2013<\/a>.<\/p>\n<p lang=\"pt-BR\" align=\"JUSTIFY\">5) Os manuais de utiliza\u00e7\u00e3o da Central Nacional de Indisponibilidade de Bens &#8211; CNIB, bem como os\u00a0<i>links<\/i> referentes aos v\u00eddeos de treinamento do referido sistema, encontram-se dispon\u00edveis atrav\u00e9s no s\u00edtio eletr\u00f4nico <a href=\"http:\/\/www.indisponibilidade.org.br\/\" target=\"_blank\" rel=\"noopener\">www.indisponibilidade.org.br<\/a>.<\/p>\n<p lang=\"pt-BR\" align=\"JUSTIFY\">6) As d\u00favidas referentes ao cadastramento e consultas \u00e0 Central Nacional de Indisponibilidade de Bens &#8211; CNIB dever\u00e3o ser enviadas ao e-mail <a href=\"mailto:suporte@indisponibilidade.org.br\">suporte@indisponibilidade.org.br<\/a><a href=\"mailto:suporte@indisponibilidade.org.br.\">.<\/a><\/p>\n<p lang=\"pt-BR\" align=\"JUSTIFY\"><strong>Publique-se. Cumpra-se.<\/strong><\/p>\n<p lang=\"pt-BR\" align=\"CENTER\"><strong>CARLOS ROBERTO MIGNONE<br \/>\n<\/strong>Corregedor-Geral da Justi\u00e7a<\/p>\n","protected":false},"excerpt":{"rendered":"<p>PODER JUDICI\u00c1RIO TRIBUNAL DE JUSTI\u00c7A DO ESTADO DO ESP\u00cdRITO SANTO CORREGEDORIA GERAL DA JUSTI\u00c7A OF\u00cdCIO-CIRCULAR N\u00ba 107\/2014 Vit\u00f3ria\/ES, 18 de dezembro de 2014. Aos Oficiais de Registro de Im\u00f3veis e Tabeli\u00e3es de Notas do Esp\u00edrito Santo. O Exmo. Sr. Desembargador Corregedor-Geral da Justi\u00e7a do Estado do Esp\u00edrito Santo, no uso de suas atribui\u00e7\u00f5es legais, e [&hellip;]<\/p>\n","protected":false},"author":3,"featured_media":0,"comment_status":"open","ping_status":"open","sticky":false,"template":"","format":"standard","meta":{"footnotes":""},"categories":[14,5],"tags":[],"_links":{"self":[{"href":"https:\/\/www.tjes.jus.br\/corregedoria\/wp-json\/wp\/v2\/posts\/6127"}],"collection":[{"href":"https:\/\/www.tjes.jus.br\/corregedoria\/wp-json\/wp\/v2\/posts"}],"about":[{"href":"https:\/\/www.tjes.jus.br\/corregedoria\/wp-json\/wp\/v2\/types\/post"}],"author":[{"embeddable":true,"href":"https:\/\/www.tjes.jus.br\/corregedoria\/wp-json\/wp\/v2\/users\/3"}],"replies":[{"embeddable":true,"href":"https:\/\/www.tjes.jus.br\/corregedoria\/wp-json\/wp\/v2\/comments?post=6127"}],"version-history":[{"count":5,"href":"https:\/\/www.tjes.jus.br\/corregedoria\/wp-json\/wp\/v2\/posts\/6127\/revisions"}],"predecessor-version":[{"id":25700,"href":"https:\/\/www.tjes.jus.br\/corregedoria\/wp-json\/wp\/v2\/posts\/6127\/revisions\/25700"}],"wp:attachment":[{"href":"https:\/\/www.tjes.jus.br\/corregedoria\/wp-json\/wp\/v2\/media?parent=6127"}],"wp:term":[{"taxonomy":"category","embeddable":true,"href":"https:\/\/www.tjes.jus.br\/corregedoria\/wp-json\/wp\/v2\/categories?post=6127"},{"taxonomy":"post_tag","embeddable":true,"href":"https:\/\/www.tjes.jus.br\/corregedoria\/wp-json\/wp\/v2\/tags?post=6127"}],"curies":[{"name":"wp","href":"https:\/\/api.w.org\/{rel}","templated":true}]}}