{"id":6129,"date":"2016-09-06T12:15:16","date_gmt":"2016-09-06T15:15:16","guid":{"rendered":"https:\/\/www.tjes.jus.br\/corregedoria\/?p=6129"},"modified":"2017-10-25T15:21:16","modified_gmt":"2017-10-25T17:21:16","slug":"oficio-circular-no-1062014-disp-09012015","status":"publish","type":"post","link":"https:\/\/www.tjes.jus.br\/corregedoria\/2016\/09\/06\/oficio-circular-no-1062014-disp-09012015\/","title":{"rendered":"OF\u00cdCIO-CIRCULAR N\u00ba 106\/2014 &#8211; DISP. 09\/01\/2015"},"content":{"rendered":"<p lang=\"pt-BR\" align=\"CENTER\"><strong>Poder Judici\u00e1rio<\/strong><\/p>\n<p lang=\"pt-BR\" align=\"CENTER\"><strong>Tribunal de Justi\u00e7a do Estado do Esp\u00edrito Santo<\/strong><\/p>\n<p lang=\"pt-BR\" align=\"CENTER\"><strong>Corregedoria Geral da Justi\u00e7a<\/strong><\/p>\n<p lang=\"pt-BR\" style=\"text-align: center;\" align=\"JUSTIFY\"><strong>OF\u00cdCIO-CIRCULAR N\u00ba <\/strong><strong>106<\/strong><strong>\/2014<\/strong><\/p>\n<p lang=\"pt-BR\" align=\"JUSTIFY\"><strong>Vit\u00f3ria\/ES, <\/strong><strong>18<\/strong><strong> de <\/strong><strong>dezembro <\/strong><strong>de 2014.<\/strong><\/p>\n<p lang=\"pt-BR\" align=\"JUSTIFY\"><strong>Aos MM. Ju\u00edzes de Direito do Estado do Esp\u00edrito Santo.<\/strong><\/p>\n<p lang=\"pt-BR\" align=\"JUSTIFY\">O Exmo. Sr. Desembargador Corregedor-Geral da Justi\u00e7a do Estado do Esp\u00edrito Santo, no uso de suas atribui\u00e7\u00f5es legais, e<\/p>\n<p align=\"JUSTIFY\"><strong>CONSIDERANDO<\/strong> <span lang=\"pt-BR\">ser a Corregedoria Geral da Justi\u00e7a \u00f3rg\u00e3o de fiscaliza\u00e7\u00e3o, disciplina e orienta\u00e7\u00e3o administrativa, com jurisdi\u00e7\u00e3o em todo o Estado, conforme artigo 35 da Lei Complementar Estadual n\u00ba 234\/02;<\/span><\/p>\n<p lang=\"pt-BR\" align=\"JUSTIFY\"><strong>CONSIDERANDO<\/strong> a publica\u00e7\u00e3o no e-di\u00e1rio do <a href=\"https:\/\/www.tjes.jus.br\/corregedoria\/2016\/08\/16\/provimento-no-592013-disp-02122013\/\" target=\"_blank\" rel=\"noopener\">Provimento CGJES n.\u00ba 59\/2013<\/a> (em 02\/12\/2013), alterado, respectivamente, pelos Provimentos CGJES n.\u00bas <a href=\"https:\/\/www.tjes.jus.br\/corregedoria\/2016\/08\/16\/provimento-no-042014-disp-25032014\/\" target=\"_blank\" rel=\"noopener\">04\/2014<\/a> e <a href=\"https:\/\/www.tjes.jus.br\/corregedoria\/2016\/08\/16\/provimento-no-122014-disp-23072014\/\" target=\"_blank\" rel=\"noopener\">12\/2014<\/a>;<\/p>\n<p lang=\"pt-BR\" align=\"JUSTIFY\"><strong>CONSIDERANDO<\/strong> a informa\u00e7\u00e3o prestada pela Associa\u00e7\u00e3o dos Registradores Imobili\u00e1rios de S\u00e3o Paulo &#8211; ARISP -, dando conta de que, em 16\/12\/2014, 40 (quarenta) dos 74 (setenta e quatro) Cart\u00f3rios de Registros de Im\u00f3veis do Estado do Esp\u00edrito Santo j\u00e1 se encontram devidamente cadastrados e ativos no Sistema de Registro Eletr\u00f4nico de Im\u00f3veis;<\/p>\n<p lang=\"pt-BR\" align=\"JUSTIFY\"><strong>CONSIDERANDO<\/strong> que a Central Registradores de Im\u00f3veis j\u00e1 \u00e9 utilizada por Registradores de Im\u00f3veis de outros Estados da Federa\u00e7\u00e3o, tais como: S\u00e3o Paulo, Rio de Janeiro, Minas Gerais, Santa Catarina, Pernambuco, Par\u00e1 e Mato Grosso.<\/p>\n<p lang=\"pt-BR\" align=\"JUSTIFY\"><strong>CONSIDERANDO<\/strong>, ainda, o <a href=\"https:\/\/www.tjes.jus.br\/corregedoria\/2016\/09\/06\/oficio-circular-no-832014-disp-04112014\/\" target=\"_blank\" rel=\"noopener\">Of\u00edcio-Circular n.\u00ba 83\/2014<\/a>, publicado no e-di\u00e1rio do dia 03\/11\/2014, e a informa\u00e7\u00e3o de fl. 660 do expediente n.\u00ba 201301519810.<\/p>\n<p lang=\"pt-BR\" align=\"JUSTIFY\"><strong>RESOLVE:<\/strong><\/p>\n<p lang=\"pt-BR\" align=\"JUSTIFY\"><strong>1) COMUNICAR<\/strong> que todos os MM. Ju\u00edzes de Direito do Estado do Esp\u00edrito Santo j\u00e1 foram devidamente cadastrados e est\u00e3o ativos no <strong>M\u00f3dulo Penhora <\/strong><i><strong>Online<\/strong><\/i>, da Central Registradores de Im\u00f3veis, institu\u00edda e regulamentada pelo <a href=\"https:\/\/www.tjes.jus.br\/corregedoria\/2016\/08\/16\/provimento-no-592013-disp-02122013\/\" target=\"_blank\" rel=\"noopener\">Provimento CGJES n.\u00ba 59\/2013<\/a>, raz\u00e3o pela qual dever\u00e3o utilizar esta ferramenta quando das solicita\u00e7\u00f5es de averba\u00e7\u00e3o de penhora e\/ou realiza\u00e7\u00f5es de pesquisas e\/ou apresenta\u00e7\u00e3o de pedidos de certid\u00e3o pelo Poder Judici\u00e1rio Estadual do Esp\u00edrito Santo aos Oficiais de Registro de Im\u00f3veis que j\u00e1 se encontram em opera\u00e7\u00e3o na respectiva Central.<\/p>\n<p lang=\"pt-BR\" align=\"JUSTIFY\"><strong>2) INFORMAR<\/strong> que, caso os magistrados queiram cadastrar servidores no citado m\u00f3dulo, dever\u00e3o solicitar aos seus servidores que realizem o respectivo cadastro no s\u00edtio eletr\u00f4nico\u00a0<a href=\"http:\/\/www.oficioeletronico.com.br\/penhoraonline\">www.oficioeletronico.com.br\/penhoraonline<\/a>, utilizando, para tanto, o Certificado Digital ICP &#8211; Brasil.<\/p>\n<p lang=\"pt-BR\" align=\"JUSTIFY\"><strong>3) DAR CI\u00caNCIA <\/strong>a todos os usu\u00e1rios que o uso do sistema ou de qualquer outro mecanismo eletr\u00f4nico que venha a ser utilizado para permitir o acesso ao sistema \u00e9 de sua inteira responsabilidade, n\u00e3o devendo os dados para acesso serem repassados a terceiros.<\/p>\n<p lang=\"pt-BR\" align=\"JUSTIFY\"><strong>4<\/strong><strong>) <\/strong><strong>RECORDAR <\/strong>que est\u00e3o dispon\u00edveis, no s\u00edtio da Corregedoria Geral da Justi\u00e7a, os 04 (quatro) manuais indispens\u00e1veis \u00e0 correta utiliza\u00e7\u00e3o do <strong>M\u00f3dulo Penhora <\/strong><i><strong>Online<\/strong><\/i><strong> da Central de Registradores de Im\u00f3veis<\/strong>, que poder\u00e1 ser acessado, por quest\u00f5es de melhor compatibilidade pelo navegador <i>Mozilla Firefox<\/i>, tanto pelo endere\u00e7o eletr\u00f4nico <a href=\"http:\/\/www.registradores.org.br\/\">www.registradores.org.br<\/a> como pelo\u00a0<a href=\"http:\/\/www.penhoraonline.com.br\/\">www.penhoraonline.com.br<\/a>.<\/p>\n<p lang=\"pt-BR\" align=\"JUSTIFY\"><strong>5<\/strong><strong>) <\/strong>Qualquer d\u00favida referente ao adequado uso do m\u00f3dulo poder\u00e1 ser encaminhada para o endere\u00e7o eletr\u00f4nico funcional da Coordenadoria de Monitoramento de Foros (<a href=\"mailto:coordenadorijudicialextrajudicial@tjes.jus.br\">coordenadori<\/a><a href=\"mailto:coordenadorijudicialextrajudicial@tjes.jus.br\">a<\/a><a href=\"mailto:coordenadorijudicialextrajudicial@tjes.jus.br\">judicialextrajudicial@tjes.jus.br<\/a>) ou pelos n\u00fameros (27) 3145-3144 ou 3136.<\/p>\n<p lang=\"pt-BR\" align=\"JUSTIFY\"><strong>Publique-se por 03 (tr\u00eas) vezes consecutivas. Cumpra-se.<\/strong><\/p>\n<p lang=\"pt-BR\" align=\"CENTER\"><strong>CARLOS ROBERTO MIGNONE<br \/>\n<\/strong>Corregedor-Geral da Justi\u00e7a<\/p>\n","protected":false},"excerpt":{"rendered":"<p>Poder Judici\u00e1rio Tribunal de Justi\u00e7a do Estado do Esp\u00edrito Santo Corregedoria Geral da Justi\u00e7a OF\u00cdCIO-CIRCULAR N\u00ba 106\/2014 Vit\u00f3ria\/ES, 18 de dezembro de 2014. Aos MM. Ju\u00edzes de Direito do Estado do Esp\u00edrito Santo. O Exmo. Sr. Desembargador Corregedor-Geral da Justi\u00e7a do Estado do Esp\u00edrito Santo, no uso de suas atribui\u00e7\u00f5es legais, e CONSIDERANDO ser a [&hellip;]<\/p>\n","protected":false},"author":3,"featured_media":0,"comment_status":"open","ping_status":"open","sticky":false,"template":"","format":"standard","meta":{"footnotes":""},"categories":[14,5],"tags":[],"_links":{"self":[{"href":"https:\/\/www.tjes.jus.br\/corregedoria\/wp-json\/wp\/v2\/posts\/6129"}],"collection":[{"href":"https:\/\/www.tjes.jus.br\/corregedoria\/wp-json\/wp\/v2\/posts"}],"about":[{"href":"https:\/\/www.tjes.jus.br\/corregedoria\/wp-json\/wp\/v2\/types\/post"}],"author":[{"embeddable":true,"href":"https:\/\/www.tjes.jus.br\/corregedoria\/wp-json\/wp\/v2\/users\/3"}],"replies":[{"embeddable":true,"href":"https:\/\/www.tjes.jus.br\/corregedoria\/wp-json\/wp\/v2\/comments?post=6129"}],"version-history":[{"count":3,"href":"https:\/\/www.tjes.jus.br\/corregedoria\/wp-json\/wp\/v2\/posts\/6129\/revisions"}],"predecessor-version":[{"id":20502,"href":"https:\/\/www.tjes.jus.br\/corregedoria\/wp-json\/wp\/v2\/posts\/6129\/revisions\/20502"}],"wp:attachment":[{"href":"https:\/\/www.tjes.jus.br\/corregedoria\/wp-json\/wp\/v2\/media?parent=6129"}],"wp:term":[{"taxonomy":"category","embeddable":true,"href":"https:\/\/www.tjes.jus.br\/corregedoria\/wp-json\/wp\/v2\/categories?post=6129"},{"taxonomy":"post_tag","embeddable":true,"href":"https:\/\/www.tjes.jus.br\/corregedoria\/wp-json\/wp\/v2\/tags?post=6129"}],"curies":[{"name":"wp","href":"https:\/\/api.w.org\/{rel}","templated":true}]}}