{"id":6181,"date":"2016-09-06T14:21:19","date_gmt":"2016-09-06T17:21:19","guid":{"rendered":"https:\/\/www.tjes.jus.br\/corregedoria\/?p=6181"},"modified":"2018-02-23T13:33:26","modified_gmt":"2018-02-23T16:33:26","slug":"oficio-circular-no-1002014-disp-04122014","status":"publish","type":"post","link":"https:\/\/www.tjes.jus.br\/corregedoria\/2016\/09\/06\/oficio-circular-no-1002014-disp-04122014\/","title":{"rendered":"OF\u00cdCIO CIRCULAR N\u00ba 100\/2014 &#8211; DISP. 04\/12\/2014"},"content":{"rendered":"<p style=\"text-align: center;\"><strong>PODER JUDICI\u00c1RIO<\/strong><\/p>\n<p style=\"text-align: center;\"><strong>TRIBUNAL DE JUSTI\u00c7A DO E. DO ESP\u00cdRITO SANTO<\/strong><\/p>\n<p style=\"text-align: center;\"><strong>CORREGEDORIA GERAL DA JUSTI\u00c7A<\/strong><\/p>\n<p style=\"text-align: center;\"><strong>OF\u00cdCIO CIRCULAR N\u00ba 100\/2014<\/strong><\/p>\n<p style=\"text-align: justify;\"><strong>O Desembargador CARLOS ROBERTO MIGNONE, Corregedor-Geral da Justi\u00e7a, no uso de suas atribui\u00e7\u00f5es e,<\/strong><\/p>\n<p style=\"text-align: justify;\"><strong>CONSIDERANDO<\/strong> ser a Corregedoria Geral da Justi\u00e7a \u00f3rg\u00e3o de fiscaliza\u00e7\u00e3o e orienta\u00e7\u00e3o administrativa do foro extrajudicial com jurisdi\u00e7\u00e3o em todo o Estado do Esp\u00edrito Santo, conforme art. 35 da Lei Complementar Estadual n.\u00ba 234\/02 c\/c art. 37 da Lei n.\u00ba 8.935\/94;<\/p>\n<p style=\"text-align: justify;\"><strong>CONSIDERANDO<\/strong> que o Ato TJES n.\u00ba 2.079\/2013, da Presid\u00eancia desta Corte, que fixa os Feriados e Pontos Facultativos para o calend\u00e1rio judici\u00e1rio referente ao Ano de 2014, expressamente ressalva seus efeitos com rela\u00e7\u00e3o \u00e0s Serventias Extrajudiciais;<\/p>\n<p style=\"text-align: justify;\"><strong>CONSIDERANDO<\/strong>, no entanto, a not\u00edcia de que legisla\u00e7\u00e3o municipal declara feriado local o dia 08 de dezembro (Dia de Nossa Senhora da Concei\u00e7\u00e3o) em ao menos sete Munic\u00edpios em todo o Estado, a saber: Castelo; Concei\u00e7\u00e3o do Castelo; Guarapari; Linhares; Pi\u00fama; Serra; e Viana; e<\/p>\n<p style=\"text-align: justify;\"><strong>CONSIDERANDO<\/strong>, por fim, as in\u00fameras consultas telef\u00f4nicas dirigidas a este \u00f3rg\u00e3o censor do foro extrajudicial, questionando o funcionamento do servi\u00e7o notarial e de registro na pr\u00f3xima segunda-feira, dia 08 de dezembro de 2014, o denominado Dia da Justi\u00e7a.<\/p>\n<p style=\"text-align: justify;\"><strong>RESOLVE:<\/strong><\/p>\n<p style=\"text-align: justify;\"><strong>1. ORIENTAR<\/strong> os Srs. Tabeli\u00e3es e Oficiais de Registro do Estado do Esp\u00edrito Santo que, ressalvados os casos em que legisla\u00e7\u00e3o municipal declara feriado local o dia 08 de dezembro (Dia de Nossa Senhora da Concei\u00e7\u00e3o), observem rigorosamente o expediente regular de funcionamento para os dias \u00fateis.<\/p>\n<p style=\"text-align: justify;\"><strong>2. ORIENTAR<\/strong> os Srs. Oficiais do Registro Civil de Pessoas Naturais do Estado do Esp\u00edrito Santo que, na hip\u00f3tese de legisla\u00e7\u00e3o municipal declarar feriado local o dia 08 de dezembro (Dia de Nossa Senhora da Concei\u00e7\u00e3o), observem rigorosamente o expediente de funcionamento em regime de plant\u00e3o.<\/p>\n<p style=\"text-align: justify;\"><strong>Publique-se. Cumpra-se.<\/strong><\/p>\n<p style=\"text-align: justify;\"><strong>Vit\u00f3ria\/ES, 03 de dezembro de 2014.<\/strong><\/p>\n<p style=\"text-align: center;\"><strong>CARLOS ROBERTO MIGNONE<\/strong><br \/>\n<strong>Corregedor-Geral da Justi\u00e7a<\/strong><\/p>\n","protected":false},"excerpt":{"rendered":"<p>PODER JUDICI\u00c1RIO TRIBUNAL DE JUSTI\u00c7A DO E. DO ESP\u00cdRITO SANTO CORREGEDORIA GERAL DA JUSTI\u00c7A OF\u00cdCIO CIRCULAR N\u00ba 100\/2014 O Desembargador CARLOS ROBERTO MIGNONE, Corregedor-Geral da Justi\u00e7a, no uso de suas atribui\u00e7\u00f5es e, CONSIDERANDO ser a Corregedoria Geral da Justi\u00e7a \u00f3rg\u00e3o de fiscaliza\u00e7\u00e3o e orienta\u00e7\u00e3o administrativa do foro extrajudicial com jurisdi\u00e7\u00e3o em todo o Estado do [&hellip;]<\/p>\n","protected":false},"author":3,"featured_media":0,"comment_status":"open","ping_status":"open","sticky":false,"template":"","format":"standard","meta":{"footnotes":""},"categories":[14,5],"tags":[],"_links":{"self":[{"href":"https:\/\/www.tjes.jus.br\/corregedoria\/wp-json\/wp\/v2\/posts\/6181"}],"collection":[{"href":"https:\/\/www.tjes.jus.br\/corregedoria\/wp-json\/wp\/v2\/posts"}],"about":[{"href":"https:\/\/www.tjes.jus.br\/corregedoria\/wp-json\/wp\/v2\/types\/post"}],"author":[{"embeddable":true,"href":"https:\/\/www.tjes.jus.br\/corregedoria\/wp-json\/wp\/v2\/users\/3"}],"replies":[{"embeddable":true,"href":"https:\/\/www.tjes.jus.br\/corregedoria\/wp-json\/wp\/v2\/comments?post=6181"}],"version-history":[{"count":3,"href":"https:\/\/www.tjes.jus.br\/corregedoria\/wp-json\/wp\/v2\/posts\/6181\/revisions"}],"predecessor-version":[{"id":22836,"href":"https:\/\/www.tjes.jus.br\/corregedoria\/wp-json\/wp\/v2\/posts\/6181\/revisions\/22836"}],"wp:attachment":[{"href":"https:\/\/www.tjes.jus.br\/corregedoria\/wp-json\/wp\/v2\/media?parent=6181"}],"wp:term":[{"taxonomy":"category","embeddable":true,"href":"https:\/\/www.tjes.jus.br\/corregedoria\/wp-json\/wp\/v2\/categories?post=6181"},{"taxonomy":"post_tag","embeddable":true,"href":"https:\/\/www.tjes.jus.br\/corregedoria\/wp-json\/wp\/v2\/tags?post=6181"}],"curies":[{"name":"wp","href":"https:\/\/api.w.org\/{rel}","templated":true}]}}