{"id":6205,"date":"2016-09-06T15:07:20","date_gmt":"2016-09-06T18:07:20","guid":{"rendered":"https:\/\/www.tjes.jus.br\/corregedoria\/?p=6205"},"modified":"2018-02-23T13:18:46","modified_gmt":"2018-02-23T16:18:46","slug":"oficio-circular-n-0872014-disp-10112014","status":"publish","type":"post","link":"https:\/\/www.tjes.jus.br\/corregedoria\/2016\/09\/06\/oficio-circular-n-0872014-disp-10112014\/","title":{"rendered":"OF\u00cdCIO-CIRCULAR N\u00ba 087\/2014 &#8211; DISP. 10\/11\/2014 &#8211; REPUBLICA\u00c7\u00c3O"},"content":{"rendered":"<p style=\"text-align: center;\" align=\"center\"><strong>PODER JUDICI\u00c1RIO<\/strong><\/p>\n<p style=\"text-align: center;\" align=\"center\"><strong>TRIBUNAL DE JUSTI\u00c7A DO ESTADO DO ESP\u00cdRITO SANTO<\/strong><\/p>\n<p style=\"text-align: center;\" align=\"center\"><strong>CORREGEDORIA GERAL DA JUSTI\u00c7A<\/strong><\/p>\n<p style=\"text-align: center;\" align=\"center\"><strong>OF\u00cdCIO &#8211; CIRCULAR N\u00ba 87\/2014.<\/strong><\/p>\n<p style=\"text-align: justify;\">O Exmo. Sr. Desembargador Corregedor-Geral da Justi\u00e7a do Estado do Esp\u00edrito Santo, no uso de suas atribui\u00e7\u00f5es legais, e<\/p>\n<p style=\"text-align: justify;\"><strong>Considerando<\/strong> que a Corregedoria Geral da Justi\u00e7a \u00e9 \u00f3rg\u00e3o de fiscaliza\u00e7\u00e3o administrativa, judicial, disciplinar e de orienta\u00e7\u00e3o administrativa, com jurisdi\u00e7\u00e3o em todo o Estado do Esp\u00edrito Santo, nos termos do artigo 35, caput, da Lei Complementar Estadual n\u00ba 234\/2002 (C\u00f3digo de Organiza\u00e7\u00e3o Judici\u00e1ria) c\/c art. 7\u00ba do Provimento CGJ\/ES n\u00ba 029\/2009 (C\u00f3digo de Normas);<\/p>\n<p style=\"text-align: justify;\"><strong>Considerando<\/strong> que s\u00e3o deveres do magistrado, dentre outros, determinar as provid\u00eancias necess\u00e1rias para que os atos processuais se realizem nos prazos legais, bem como exercer a ass\u00eddua fiscaliza\u00e7\u00e3o sobre os subordinados, conforme previsto no art. 35, incisos III e VII, da Lei Complementar n\u00ba 35\/1979 (Lei Org\u00e2nica da Magistratura Nacional);<\/p>\n<p style=\"text-align: justify;\"><strong>Considerando<\/strong> que incumbe aos Ju\u00edzes de Direito a superintend\u00eancia do servi\u00e7o judici\u00e1rio da comarca ou vara, visando \u00e0 manuten\u00e7\u00e3o da ordem e regularidade do expediente das audi\u00eancias e atos p\u00fablicos, e a inspe\u00e7\u00e3o anual dos servi\u00e7os a cargo das respectivas secretarias, nos termos do art. 48, incisos V e VI, da Lei Complementar Estadual n\u00ba 234\/2002 (C\u00f3digo de Organiza\u00e7\u00e3o Judici\u00e1ria);<\/p>\n<p style=\"text-align: justify;\"><strong>Considerando<\/strong> as disposi\u00e7\u00f5es do Estatuto da Crian\u00e7a e do Adolescente e da Lei n\u00ba 12.010\/09 sobre o acolhimento institucional e familiar e sobre ado\u00e7\u00e3o;<\/p>\n<p style=\"text-align: justify;\"><strong>Considerando<\/strong> as disposi\u00e7\u00f5es do Conselho Nacional de Justi\u00e7a nas Resolu\u00e7\u00f5es n\u00ba 54\/2008 e n\u00ba 93\/2009, sobre a implanta\u00e7\u00e3o e funcionamento do Cadastro Nacional de Ado\u00e7\u00e3o;<\/p>\n<p style=\"text-align: justify;\"><strong>Considerando<\/strong> que o <a href=\"https:\/\/www.tjes.jus.br\/corregedoria\/2016\/10\/07\/provimento-no-422013-disp-17062013\/\" target=\"_blank\" rel=\"noopener\">Provimento n\u00ba 42\/2013<\/a>, que disp\u00f5e sobre o Sistema de Informa\u00e7\u00e3o e Ger\u00eancia da Ado\u00e7\u00e3o e Acolhimento \u2013 SIGA\/ES e sobre os procedimentos relativos \u00e0 habilita\u00e7\u00e3o e \u00e0 ado\u00e7\u00e3o no Estado do Esp\u00edrito Santo;<\/p>\n<p style=\"text-align: justify;\"><strong>Considerando<\/strong> que o <a href=\"https:\/\/www.tjes.jus.br\/corregedoria\/2017\/11\/22\/ato-conjunto-no-022013-disp-21112013-revogado\/\" target=\"_blank\" rel=\"noopener\">Ato Conjunto n\u00ba 02\/2013<\/a> disp\u00f5e sobre a atua\u00e7\u00e3o dos magistrados na defesa do direito fundamental \u00e0 conviv\u00eancia familiar e comunit\u00e1ria de crian\u00e7as e adolescentes em acolhimento, e d\u00e1 outras provid\u00eancias;<\/p>\n<p style=\"text-align: justify;\"><strong>RESOLVE<\/strong>:<\/p>\n<p style=\"text-align: justify;\"><strong>DETERMINAR<\/strong> a todos os Ju\u00edzes de Direito do Estado do Esp\u00edrito Santo com compet\u00eancia em mat\u00e9ria de inf\u00e2ncia e juventude &#8211; \u00c1rea C\u00edvel e Protetiva que realizem, impreterivelmente at\u00e9 o dia 19\/12\/2014, a inspe\u00e7\u00e3o das unidades de acolhimento institucional e programas de acolhimento familiar sob sua responsabilidade, alusiva ao ano de 2014;<\/p>\n<p style=\"text-align: justify;\"><strong>DETERMINAR<\/strong>, ainda, que os relat\u00f3rios de inspe\u00e7\u00e3o das unidades de acolhimento institucional e de programas de acolhimento familiar sejam encaminhados a esta Corregedoria Geral da Justi\u00e7a do Estado do Esp\u00edrito Santo, atrav\u00e9s do e-mail institucional <strong><a href=\"mailto:acolhimentocgj@tjes.jus.br\">acolhimentocgj@tjes.jus.br<\/a><\/strong>, nos termos do <a href=\"https:\/\/www.tjes.jus.br\/corregedoria\/2017\/11\/22\/ato-conjunto-no-022013-disp-21112013-revogado\/\" target=\"_blank\" rel=\"noopener\">Ato Conjunto n\u00ba 02\/2013<\/a>.<\/p>\n<p style=\"text-align: justify;\"><strong>Publique-se. Cumpra-se.<\/strong><\/p>\n<p style=\"text-align: justify;\">Vit\u00f3ria\/ES, 05 de novembro de 2014.<\/p>\n<p style=\"text-align: center;\"><strong>CARLOS ROBERTO MIGNONE<\/strong><br \/>\n<strong>Corregedor Geral da Justi\u00e7a<\/strong><\/p>\n<h2 style=\"text-align: center;\"><span style=\"color: #ff0000;\">REPUBLICADO POR TER SIDO REDIGIDO COM INCORRE\u00c7\u00c3O<\/span><\/h2>\n","protected":false},"excerpt":{"rendered":"<p>PODER JUDICI\u00c1RIO TRIBUNAL DE JUSTI\u00c7A DO ESTADO DO ESP\u00cdRITO SANTO CORREGEDORIA GERAL DA JUSTI\u00c7A OF\u00cdCIO &#8211; CIRCULAR N\u00ba 87\/2014. O Exmo. Sr. Desembargador Corregedor-Geral da Justi\u00e7a do Estado do Esp\u00edrito Santo, no uso de suas atribui\u00e7\u00f5es legais, e Considerando que a Corregedoria Geral da Justi\u00e7a \u00e9 \u00f3rg\u00e3o de fiscaliza\u00e7\u00e3o administrativa, judicial, disciplinar e de orienta\u00e7\u00e3o [&hellip;]<\/p>\n","protected":false},"author":3,"featured_media":0,"comment_status":"open","ping_status":"open","sticky":false,"template":"","format":"standard","meta":{"footnotes":""},"categories":[5],"tags":[],"_links":{"self":[{"href":"https:\/\/www.tjes.jus.br\/corregedoria\/wp-json\/wp\/v2\/posts\/6205"}],"collection":[{"href":"https:\/\/www.tjes.jus.br\/corregedoria\/wp-json\/wp\/v2\/posts"}],"about":[{"href":"https:\/\/www.tjes.jus.br\/corregedoria\/wp-json\/wp\/v2\/types\/post"}],"author":[{"embeddable":true,"href":"https:\/\/www.tjes.jus.br\/corregedoria\/wp-json\/wp\/v2\/users\/3"}],"replies":[{"embeddable":true,"href":"https:\/\/www.tjes.jus.br\/corregedoria\/wp-json\/wp\/v2\/comments?post=6205"}],"version-history":[{"count":5,"href":"https:\/\/www.tjes.jus.br\/corregedoria\/wp-json\/wp\/v2\/posts\/6205\/revisions"}],"predecessor-version":[{"id":22833,"href":"https:\/\/www.tjes.jus.br\/corregedoria\/wp-json\/wp\/v2\/posts\/6205\/revisions\/22833"}],"wp:attachment":[{"href":"https:\/\/www.tjes.jus.br\/corregedoria\/wp-json\/wp\/v2\/media?parent=6205"}],"wp:term":[{"taxonomy":"category","embeddable":true,"href":"https:\/\/www.tjes.jus.br\/corregedoria\/wp-json\/wp\/v2\/categories?post=6205"},{"taxonomy":"post_tag","embeddable":true,"href":"https:\/\/www.tjes.jus.br\/corregedoria\/wp-json\/wp\/v2\/tags?post=6205"}],"curies":[{"name":"wp","href":"https:\/\/api.w.org\/{rel}","templated":true}]}}