{"id":6260,"date":"2016-09-06T16:41:33","date_gmt":"2016-09-06T19:41:33","guid":{"rendered":"https:\/\/www.tjes.jus.br\/corregedoria\/?p=6260"},"modified":"2018-02-22T17:33:20","modified_gmt":"2018-02-22T20:33:20","slug":"oficio-circular-no-0722014-disp-30092014","status":"publish","type":"post","link":"https:\/\/www.tjes.jus.br\/corregedoria\/2016\/09\/06\/oficio-circular-no-0722014-disp-30092014\/","title":{"rendered":"OF\u00cdCIO-CIRCULAR N\u00ba 072\/2014 &#8211; DISP. 30\/09\/2014"},"content":{"rendered":"<p align=\"CENTER\"><span lang=\"PT-BR\"><strong>PODER JUDICI\u00c1RIO<\/strong><\/span><\/p>\n<p align=\"CENTER\"><span lang=\"PT-BR\"><strong>TRIBUNAL DE JUSTI\u00c7A DO ESTADO DO ESP\u00cdRITO SANTO<\/strong><\/span><\/p>\n<p align=\"CENTER\"><span lang=\"PT-BR\"><strong>CORREGEDORIA GERAL DA JUSTI\u00c7A<\/strong><\/span><\/p>\n<p align=\"CENTER\"><strong>OF\u00cdCIO-CIRCULAR N\u00ba 72\/2014<\/strong><\/p>\n<p align=\"JUSTIFY\"><strong>Ref. ao Processo n.\u00ba 201400510448<\/strong><\/p>\n<p align=\"JUSTIFY\">Aos Oficiais de Registro Civil de Pessoas Naturais do Estado do Esp\u00edrito Santo.<\/p>\n<p align=\"JUSTIFY\">O Exmo. Sr. Desembargador Corregedor-Geral da Justi\u00e7a do Estado do Esp\u00edrito Santo, no uso de suas atribui\u00e7\u00f5es legais, e<\/p>\n<p align=\"JUSTIFY\"><span lang=\"pt-BR\"><strong>CONSIDERANDO <\/strong><\/span><span lang=\"pt-BR\">ser a Corregedoria Geral da Justi\u00e7a \u00f3rg\u00e3o de fiscaliza\u00e7\u00e3o, disciplina e orienta\u00e7\u00e3o administrativa, com jurisdi\u00e7\u00e3o em todo o Estado, conforme artigo 35 da Lei Complementar Estadual n\u00ba 234\/02;<\/span><\/p>\n<p align=\"JUSTIFY\"><strong>CONSIDERANDO<\/strong> a publica\u00e7\u00e3o no e-di\u00e1rio do <a href=\"https:\/\/www.tjes.jus.br\/corregedoria\/2016\/10\/07\/provimento-no-412013-disp-28052013\/\" target=\"_blank\" rel=\"noopener\">Provimento CGJES n.\u00ba 41\/2013<\/a> (em 28\/05\/2013) e dos Of\u00edcios-Circulares n.\u00ba <a href=\"https:\/\/www.tjes.jus.br\/corregedoria\/wp-content\/uploads\/2016\/10\/Oficio_Circular_258-2013.pdf\">258\/2013<\/a>\u00a0(em 14\/10\/2013) e n.\u00ba <a href=\"https:\/\/www.tjes.jus.br\/corregedoria\/wp-content\/uploads\/2016\/09\/Oficio_Circular_045-2014.pdf\">45\/2014<\/a>\u00a0(12\/06\/2014);<\/p>\n<p align=\"JUSTIFY\"><strong>CONSIDERANDO<\/strong> a publica\u00e7\u00e3o do <a href=\"http:\/\/www.cnj.jus.br\/busca-atos-adm?documento=2890\" target=\"_blank\" rel=\"noopener\">Provimento n.\u00ba 38\/2014, pela Corregedoria Nacional da Justi\u00e7a<\/a>, que implantou a Central de Informa\u00e7\u00f5es de Registro Civil em \u00e2mbito nacional.<\/p>\n<p align=\"JUSTIFY\"><strong>CONSIDERANDO<\/strong> a exist\u00eancia de prazos diferenciados, por\u00e9m de observ\u00e2ncia simult\u00e2nea pelos Oficiais de Registro Civil de Pessoas Naturais deste Estado, previstos no <a href=\"https:\/\/www.tjes.jus.br\/corregedoria\/2016\/10\/07\/provimento-no-412013-disp-28052013\/\" target=\"_blank\" rel=\"noopener\">Provimento CGJES n.\u00ba 41\/2013<\/a>.<\/p>\n<p align=\"JUSTIFY\"><strong>CONSIDERANDO<\/strong> a planilha \u201cCart\u00f3rios sem carga a mais de 10 dias\u201d, extra\u00edda do m\u00f3dulo Correi\u00e7\u00e3o\u00a0<i>online<\/i> da Central de Informa\u00e7\u00f5es de Registro Civil, que revela a inadimpl\u00eancia de 67 (sessenta e sete) delegat\u00e1rios, no dia 17\/09\/2014, quanto ao cumprimento das disposi\u00e7\u00f5es do artigo 3\u00ba, \u00a7 4\u00ba;<\/p>\n<p align=\"JUSTIFY\"><strong>CONSIDERANDO<\/strong> que, de acordo com o documento de fls. 47 do Processo n.\u00ba 201400510448, 25 (vinte e cinco) solicita\u00e7\u00f5es de expedi\u00e7\u00e3o de certid\u00e3o dirigidas a servi\u00e7os de registro civil deste Estado estavam sem resposta at\u00e9 a data de 17\/09\/2014;<\/p>\n<p align=\"JUSTIFY\"><strong>CONSIDERANDO<\/strong> que na planilha \u201cComunica\u00e7\u00f5es Abertas\u201d, extra\u00edda do M\u00f3dulo de Correi\u00e7\u00e3o <i>online\u00a0<\/i>da CRC, identificaram-se pend\u00eancias em 126 (cento e vinte e seis) serventias, no dia 17\/09\/2014, referentes \u00e0s comunica\u00e7\u00f5es enviadas por for\u00e7a do artigo 106 da Lei n.\u00ba 6.015\/1973.<\/p>\n<p align=\"JUSTIFY\"><strong>RESOLVE:<\/strong><\/p>\n<p align=\"JUSTIFY\"><strong>ALERTAR <\/strong>todos os Oficiais de Registro Civil de Pessoas Naturais deste Estado que se encontram em atraso: a) na alimenta\u00e7\u00e3o da base de dados eletr\u00f4nicos da CRC quanto aos novos atos de registro efetivados (artigo 3\u00ba, \u00a7 4\u00ba do <a href=\"https:\/\/www.tjes.jus.br\/corregedoria\/2016\/10\/07\/provimento-no-412013-disp-28052013\/\" target=\"_blank\" rel=\"noopener\">Provimento CGJES n.\u00ba 41\/2013<\/a>); e\/ou b) na emiss\u00e3o das certid\u00f5es requeridas atrav\u00e9s da CRC (artigo 9\u00ba do referido ato administrativo); e\/ou c) na baixa das comunica\u00e7\u00f5es realizadas por for\u00e7a dos artigos 106 e 107, da Lei n.\u00ba 6.015\/1973, que a n\u00e3o regulariza\u00e7\u00e3o das pend\u00eancias, no prazo impreter\u00edvel de 15 (quinze) dias, acarretar\u00e1 a ado\u00e7\u00e3o das medidas disciplinares pertinentes.<\/p>\n<p align=\"JUSTIFY\"><strong>Publique-se. Cumpra-se.<\/strong><\/p>\n<p align=\"JUSTIFY\">Vit\u00f3ria\/ES, 19 de setembro de 2014.<\/p>\n<p align=\"CENTER\"><strong>CARLOS ROBERTO MIGNONE<br \/>\n<\/strong>Corregedor-Geral da Justi\u00e7a<\/p>\n<p align=\"CENTER\"><strong><a href=\"https:\/\/www.tjes.jus.br\/corregedoria\/wp-content\/uploads\/2016\/09\/OficioCircular_72-14-PLANILHA.pdf\" target=\"_blank\" rel=\"noopener\">(CLIQUE AQUI PARA VISUALIZAR A PLANILHA)<\/a><\/strong><\/p>\n","protected":false},"excerpt":{"rendered":"<p>PODER JUDICI\u00c1RIO TRIBUNAL DE JUSTI\u00c7A DO ESTADO DO ESP\u00cdRITO SANTO CORREGEDORIA GERAL DA JUSTI\u00c7A OF\u00cdCIO-CIRCULAR N\u00ba 72\/2014 Ref. ao Processo n.\u00ba 201400510448 Aos Oficiais de Registro Civil de Pessoas Naturais do Estado do Esp\u00edrito Santo. O Exmo. Sr. Desembargador Corregedor-Geral da Justi\u00e7a do Estado do Esp\u00edrito Santo, no uso de suas atribui\u00e7\u00f5es legais, e CONSIDERANDO [&hellip;]<\/p>\n","protected":false},"author":3,"featured_media":0,"comment_status":"open","ping_status":"open","sticky":false,"template":"","format":"standard","meta":{"footnotes":""},"categories":[14,5],"tags":[],"_links":{"self":[{"href":"https:\/\/www.tjes.jus.br\/corregedoria\/wp-json\/wp\/v2\/posts\/6260"}],"collection":[{"href":"https:\/\/www.tjes.jus.br\/corregedoria\/wp-json\/wp\/v2\/posts"}],"about":[{"href":"https:\/\/www.tjes.jus.br\/corregedoria\/wp-json\/wp\/v2\/types\/post"}],"author":[{"embeddable":true,"href":"https:\/\/www.tjes.jus.br\/corregedoria\/wp-json\/wp\/v2\/users\/3"}],"replies":[{"embeddable":true,"href":"https:\/\/www.tjes.jus.br\/corregedoria\/wp-json\/wp\/v2\/comments?post=6260"}],"version-history":[{"count":4,"href":"https:\/\/www.tjes.jus.br\/corregedoria\/wp-json\/wp\/v2\/posts\/6260\/revisions"}],"predecessor-version":[{"id":22799,"href":"https:\/\/www.tjes.jus.br\/corregedoria\/wp-json\/wp\/v2\/posts\/6260\/revisions\/22799"}],"wp:attachment":[{"href":"https:\/\/www.tjes.jus.br\/corregedoria\/wp-json\/wp\/v2\/media?parent=6260"}],"wp:term":[{"taxonomy":"category","embeddable":true,"href":"https:\/\/www.tjes.jus.br\/corregedoria\/wp-json\/wp\/v2\/categories?post=6260"},{"taxonomy":"post_tag","embeddable":true,"href":"https:\/\/www.tjes.jus.br\/corregedoria\/wp-json\/wp\/v2\/tags?post=6260"}],"curies":[{"name":"wp","href":"https:\/\/api.w.org\/{rel}","templated":true}]}}