{"id":6298,"date":"2016-09-06T17:31:36","date_gmt":"2016-09-06T20:31:36","guid":{"rendered":"https:\/\/www.tjes.jus.br\/corregedoria\/?p=6298"},"modified":"2018-02-22T15:55:32","modified_gmt":"2018-02-22T18:55:32","slug":"oficio-circular-no-0532014-disp-03072014","status":"publish","type":"post","link":"https:\/\/www.tjes.jus.br\/corregedoria\/2016\/09\/06\/oficio-circular-no-0532014-disp-03072014\/","title":{"rendered":"OF\u00cdCIO-CIRCULAR N\u00ba 053\/2014 &#8211; DISP. 03\/07\/2014"},"content":{"rendered":"<p style=\"text-align: center;\" align=\"center\"><strong>PODER JUDICI\u00c1RIO<\/strong><\/p>\n<p style=\"text-align: center;\" align=\"center\"><strong>TRIBUNAL DE JUSTI\u00c7A DO ESTADO DO ESP\u00cdRITO SANTO<\/strong><\/p>\n<p style=\"text-align: center;\" align=\"center\"><strong>CORREGEDORIA GERAL DA JUSTI\u00c7A<\/strong><\/p>\n<p style=\"text-align: center;\" align=\"center\"><strong>OF\u00cdCIO-CIRCULAR N.\u00ba 53\/2014<\/strong><\/p>\n<p>Vit\u00f3ria\/ES, 02 de julho de 2014.<\/p>\n<p style=\"text-align: justify;\"><strong>Senhores not\u00e1rios e registradores das serventias de foro extrajudicial do Estado do Esp\u00edrito Santo,<\/strong><\/p>\n<p style=\"text-align: justify;\">O Exmo. Sr. Desembargador Carlos Roberto Mignone, Corregedor-Geral da Justi\u00e7a, no uso de suas atribui\u00e7\u00f5es legais,<\/p>\n<p style=\"text-align: justify;\"><strong>CONSIDERANDO <\/strong>ser a Corregedoria-Geral da Justi\u00e7a \u00d3rg\u00e3o de fiscaliza\u00e7\u00e3o, disciplina e orienta\u00e7\u00e3o administrativa com jurisdi\u00e7\u00e3o em todo o Estado, conforme artigo 35 da Lei Complementar Estadual n\u00ba 234\/02.<\/p>\n<p style=\"text-align: justify;\"><strong>CONSIDERANDO <\/strong>a classifica\u00e7\u00e3o da sele\u00e7\u00e3o brasileira de futebol para disputar, no dia 04 de julho do corrente ano, a fase de quartas de final da Copa do Mundo, conforme tabela oficial divulgada pela FIFA.<\/p>\n<p style=\"text-align: justify;\"><strong>CONSIDERANDO<\/strong> a publica\u00e7\u00e3o no e-di\u00e1rio do <a href=\"https:\/\/www.tjes.jus.br\/corregedoria\/wp-content\/uploads\/2016\/09\/Oficio_Circular_047-2014.pdf\" target=\"_blank\" rel=\"noopener\">Of\u00edcio-Circular n.\u00ba 47\/2014<\/a>, que regulamentou a possibilidade de altera\u00e7\u00e3o no hor\u00e1rio de funcionamento dos servi\u00e7os do foro extrajudicial, nas datas dos jogos da sele\u00e7\u00e3o brasileira de futebol na fase de grupos da Copa do Mundo de 2014.<\/p>\n<p style=\"text-align: justify;\"><strong>CONSIDERANDO<\/strong> ser razo\u00e1vel adotar os mesmos motivos que sustentam os Atos Normativos n.\u00ba <a href=\"https:\/\/www.tjes.jus.br\/corregedoria\/2016\/06\/13\/ato-normativo-no-1072014-disp-10062014\/\" target=\"_blank\" rel=\"noopener\">107\/2014<\/a> e n.\u00ba <a href=\"https:\/\/www.tjes.jus.br\/corregedoria\/2016\/06\/13\/ato-normativo-no-1202014-disp-02072014\/\" target=\"_blank\" rel=\"noopener\">120\/2014<\/a> para autorizar, de forma extraordin\u00e1ria, a altera\u00e7\u00e3o no hor\u00e1rio de funcionamento dos servi\u00e7os notariais e registrais do Estado do Esp\u00edrito Santo, nos dias em que a sele\u00e7\u00e3o brasileira de futebol dispute os jogos da Copa do Mundo de 2014.<\/p>\n<p style=\"text-align: justify;\"><strong>CONSIDERANDO<\/strong> a necessidade de orienta\u00e7\u00e3o para todo o servi\u00e7o do foro extrajudicial.<\/p>\n<p style=\"text-align: justify;\"><strong>RESOLVE:<\/strong><\/p>\n<p style=\"text-align: justify;\"><strong>1)<\/strong> <strong>ESCLARECER<\/strong> aos Oficiais de Registro e Tabeli\u00e3es do Estado do Esp\u00edrito Santo que nos dias \u00fateis de jogos da sele\u00e7\u00e3o brasileira de futebol na Copa do Mundo de 2014, conforme tabela oficial divulgada pela FIFA, o hor\u00e1rio de funcionamento dos servi\u00e7os do foro extrajudicial, a crit\u00e9rio de cada delegat\u00e1rio, poder\u00e1 ser o estabelecido no <a href=\"https:\/\/www.tjes.jus.br\/corregedoria\/2016\/06\/13\/ato-normativo-no-1202014-disp-02072014\/\" target=\"_blank\" rel=\"noopener\">Ato Normativo n.\u00ba 120\/2014<\/a> &#8211; disponibilizado no e-di\u00e1rio da presente data.<\/p>\n<p style=\"text-align: justify;\"><strong>2) DETERMINAR <\/strong>que, caso seja alterado o hor\u00e1rio de funcionamento da serventia extrajudicial nos moldes deste Of\u00edcio-Circular, a popula\u00e7\u00e3o local seja devidamente comunicada, atrav\u00e9s da fixa\u00e7\u00e3o de cartazes na serventia e divulga\u00e7\u00e3o nos respectivos s\u00edtios eletr\u00f4nicos.<\/p>\n<p style=\"text-align: justify;\"><strong>3)<\/strong> <strong>ESCLARECER<\/strong> que, quanto aos servi\u00e7os de registro civil de pessoas naturais, <strong>as regras atinentes ao plant\u00e3o (artigo 4\u00ba, \u00a7 1\u00ba, da Lei Federal n.\u00ba 8.935\/1994 c\/c artigo 531, \u00a7 1\u00ba, do CNCGJES) dever\u00e3o ser rigorosamente observadas.<\/strong><\/p>\n<p style=\"text-align: justify;\"><strong>Publique-se, por dois dias consecutivos. Cumpra-se.<\/strong><\/p>\n<p style=\"text-align: center;\" align=\"center\"><strong>CARLOS ROBERTO MIGNONE<br \/>\n<\/strong>Corregedor-Geral da Justi\u00e7a<\/p>\n","protected":false},"excerpt":{"rendered":"<p>PODER JUDICI\u00c1RIO TRIBUNAL DE JUSTI\u00c7A DO ESTADO DO ESP\u00cdRITO SANTO CORREGEDORIA GERAL DA JUSTI\u00c7A OF\u00cdCIO-CIRCULAR N.\u00ba 53\/2014 Vit\u00f3ria\/ES, 02 de julho de 2014. Senhores not\u00e1rios e registradores das serventias de foro extrajudicial do Estado do Esp\u00edrito Santo, O Exmo. Sr. Desembargador Carlos Roberto Mignone, Corregedor-Geral da Justi\u00e7a, no uso de suas atribui\u00e7\u00f5es legais, CONSIDERANDO ser [&hellip;]<\/p>\n","protected":false},"author":3,"featured_media":0,"comment_status":"open","ping_status":"open","sticky":false,"template":"","format":"standard","meta":{"footnotes":""},"categories":[14,5],"tags":[],"_links":{"self":[{"href":"https:\/\/www.tjes.jus.br\/corregedoria\/wp-json\/wp\/v2\/posts\/6298"}],"collection":[{"href":"https:\/\/www.tjes.jus.br\/corregedoria\/wp-json\/wp\/v2\/posts"}],"about":[{"href":"https:\/\/www.tjes.jus.br\/corregedoria\/wp-json\/wp\/v2\/types\/post"}],"author":[{"embeddable":true,"href":"https:\/\/www.tjes.jus.br\/corregedoria\/wp-json\/wp\/v2\/users\/3"}],"replies":[{"embeddable":true,"href":"https:\/\/www.tjes.jus.br\/corregedoria\/wp-json\/wp\/v2\/comments?post=6298"}],"version-history":[{"count":4,"href":"https:\/\/www.tjes.jus.br\/corregedoria\/wp-json\/wp\/v2\/posts\/6298\/revisions"}],"predecessor-version":[{"id":22763,"href":"https:\/\/www.tjes.jus.br\/corregedoria\/wp-json\/wp\/v2\/posts\/6298\/revisions\/22763"}],"wp:attachment":[{"href":"https:\/\/www.tjes.jus.br\/corregedoria\/wp-json\/wp\/v2\/media?parent=6298"}],"wp:term":[{"taxonomy":"category","embeddable":true,"href":"https:\/\/www.tjes.jus.br\/corregedoria\/wp-json\/wp\/v2\/categories?post=6298"},{"taxonomy":"post_tag","embeddable":true,"href":"https:\/\/www.tjes.jus.br\/corregedoria\/wp-json\/wp\/v2\/tags?post=6298"}],"curies":[{"name":"wp","href":"https:\/\/api.w.org\/{rel}","templated":true}]}}