{"id":6343,"date":"2016-09-13T09:25:46","date_gmt":"2016-09-13T12:25:46","guid":{"rendered":"https:\/\/www.tjes.jus.br\/corregedoria\/?p=6343"},"modified":"2018-03-02T16:42:06","modified_gmt":"2018-03-02T19:42:06","slug":"oficio-circular-no-0542016-disp-13092016","status":"publish","type":"post","link":"https:\/\/www.tjes.jus.br\/corregedoria\/2016\/09\/13\/oficio-circular-no-0542016-disp-13092016\/","title":{"rendered":"OF\u00cdCIO &#8211; CIRCULAR N\u00ba 054\/2016 &#8211; DISP. 13\/09\/2016"},"content":{"rendered":"<p style=\"text-align: center;\" align=\"center\"><strong>ESTADO DO ESP\u00cdRITO SANTO<\/strong><\/p>\n<p style=\"text-align: center;\" align=\"center\"><strong>PODER JUDICI\u00c1RIO<\/strong><\/p>\n<p style=\"text-align: center;\" align=\"center\"><strong>CORREGEDORIA GERAL DA JUSTI\u00c7A<\/strong><\/p>\n<p style=\"text-align: center;\" align=\"center\"><strong>Of\u00edcio &#8211; Circular n.\u00ba 54\/2016<\/strong><\/p>\n<p style=\"text-align: justify;\"><strong>Vit\u00f3ria, 12 de setembro de 2016.<\/strong><\/p>\n<p style=\"text-align: justify;\">O Exmo. Sr. Desembargador Corregedor-Geral da Justi\u00e7a do Estado do Esp\u00edrito Santo, Desembargador Ronaldo Gon\u00e7alves de Sousa, no uso de suas atribui\u00e7\u00f5es legais,<\/p>\n<p style=\"text-align: justify;\"><strong>CONSIDERANDO <\/strong>que a Corregedoria Geral da Justi\u00e7a do Estado do Esp\u00edrito Santo \u00e9 \u00f3rg\u00e3o de fiscaliza\u00e7\u00e3o, disciplina e orienta\u00e7\u00e3o administrativa, com jurisdi\u00e7\u00e3o em todo Estado, conforme art. 35 da Lei complementar Estadual N\u00ba 234\/02;<\/p>\n<p style=\"text-align: justify;\"><strong>CONSIDERANDO <\/strong>o movimento grevista do Banco do Estado do Esp\u00edrito Santo S\/A &#8211; BANESTES;<\/p>\n<p style=\"text-align: center;\" align=\"center\"><strong>RESOLVE<\/strong><\/p>\n<p style=\"text-align: justify;\"><strong>Art. 1\u00ba<\/strong> Os valores relativos \u00e0s custas e despesas processuais, em se tratando de medida urgente, enquanto n\u00e3o findar o movimento grevista do Banco do Estado do Esp\u00edrito Santo, dever\u00e3o ser recolhidas nas Contadorias Judiciais das respectivas Comarcas, em rela\u00e7\u00e3o aos feitos ali em andamento, nos termos do Art. 16 \u00a7 1\u00ba. da Lei Estadual 9.974\/13 \u2013 Regimento de Custas.<\/p>\n<p style=\"text-align: justify;\"><strong>Art. 2\u00ba<\/strong> Fica autorizada a posterga\u00e7\u00e3o dos recolhimentos dos valores relativos aos Fundos de Apoio ao Registro Civil das Pessoas Naturais do Estado do Esp\u00edrito Santo \u2013 <strong>FARPEN,<\/strong> Especial do Poder Judici\u00e1rio do Estado do Esp\u00edrito Santo \u2013 <strong>FUNEPJ;<\/strong> Aparelhamento da Defensoria P\u00fablica \u2013<strong>FADESPES; <\/strong>Especial do Minist\u00e9rio P\u00fablico do Estado do Esp\u00edrito Santo \u2013 <strong>FUNEMP <\/strong>e Moderniza\u00e7\u00e3o e Incentivo \u00e0 cobran\u00e7a da D\u00edvida Ativa e de Reestrutura\u00e7\u00e3o Administrativa da Procuradoria Geral do Estado \u2013 <strong>FUNCAD<\/strong>.<\/p>\n<p style=\"text-align: justify;\"><strong>Art. 3\u00ba<\/strong> Os pedidos relativos aos Selos de Fiscaliza\u00e7\u00e3o ser\u00e3o liberados sem o pagamento pr\u00e9vio, enquanto n\u00e3o findar o movimento grevista no Banco do Estado do Esp\u00edrito Santo &#8211; BANESTES, sendo necess\u00e1ria a gera\u00e7\u00e3o imediata da guia de recolhimento \u2013 c\u00f3digo da receita 205 \u2013 e o encaminhamento da c\u00f3pia, por fax (27) 31453125 ou no e-mail <a href=\"mailto:selodigital@tjes.jus.br\">selodigital@tjes.jus.br<\/a>, \u00e0 Assessoria de Planejamento e Fiscaliza\u00e7\u00e3o da Corregedoria Geral da Justi\u00e7a.<\/p>\n<p style=\"text-align: justify;\"><strong>Art. 4\u00ba<\/strong> Os recolhimentos na forma dos artigos anteriores dever\u00e3o ser regularizados, junto ao BANESTES, no primeiro dia \u00fatil ap\u00f3s o encerramento do movimento grevista.<\/p>\n<p style=\"text-align: center;\" align=\"center\"><strong>Des. Ronaldo Gon\u00e7alves de Sousa<br \/>\nCorregedor-Geral da Justi\u00e7a<\/strong><\/p>\n","protected":false},"excerpt":{"rendered":"<p>ESTADO DO ESP\u00cdRITO SANTO PODER JUDICI\u00c1RIO CORREGEDORIA GERAL DA JUSTI\u00c7A Of\u00edcio &#8211; Circular n.\u00ba 54\/2016 Vit\u00f3ria, 12 de setembro de 2016. O Exmo. Sr. Desembargador Corregedor-Geral da Justi\u00e7a do Estado do Esp\u00edrito Santo, Desembargador Ronaldo Gon\u00e7alves de Sousa, no uso de suas atribui\u00e7\u00f5es legais, CONSIDERANDO que a Corregedoria Geral da Justi\u00e7a do Estado do Esp\u00edrito [&hellip;]<\/p>\n","protected":false},"author":3,"featured_media":0,"comment_status":"open","ping_status":"open","sticky":false,"template":"","format":"standard","meta":{"footnotes":""},"categories":[5],"tags":[],"_links":{"self":[{"href":"https:\/\/www.tjes.jus.br\/corregedoria\/wp-json\/wp\/v2\/posts\/6343"}],"collection":[{"href":"https:\/\/www.tjes.jus.br\/corregedoria\/wp-json\/wp\/v2\/posts"}],"about":[{"href":"https:\/\/www.tjes.jus.br\/corregedoria\/wp-json\/wp\/v2\/types\/post"}],"author":[{"embeddable":true,"href":"https:\/\/www.tjes.jus.br\/corregedoria\/wp-json\/wp\/v2\/users\/3"}],"replies":[{"embeddable":true,"href":"https:\/\/www.tjes.jus.br\/corregedoria\/wp-json\/wp\/v2\/comments?post=6343"}],"version-history":[{"count":4,"href":"https:\/\/www.tjes.jus.br\/corregedoria\/wp-json\/wp\/v2\/posts\/6343\/revisions"}],"predecessor-version":[{"id":23118,"href":"https:\/\/www.tjes.jus.br\/corregedoria\/wp-json\/wp\/v2\/posts\/6343\/revisions\/23118"}],"wp:attachment":[{"href":"https:\/\/www.tjes.jus.br\/corregedoria\/wp-json\/wp\/v2\/media?parent=6343"}],"wp:term":[{"taxonomy":"category","embeddable":true,"href":"https:\/\/www.tjes.jus.br\/corregedoria\/wp-json\/wp\/v2\/categories?post=6343"},{"taxonomy":"post_tag","embeddable":true,"href":"https:\/\/www.tjes.jus.br\/corregedoria\/wp-json\/wp\/v2\/tags?post=6343"}],"curies":[{"name":"wp","href":"https:\/\/api.w.org\/{rel}","templated":true}]}}