{"id":6383,"date":"2016-09-13T13:58:56","date_gmt":"2016-09-13T16:58:56","guid":{"rendered":"https:\/\/www.tjes.jus.br\/corregedoria\/?p=6383"},"modified":"2016-09-13T13:58:56","modified_gmt":"2016-09-13T16:58:56","slug":"oficio-circular-no-0262014-disp-13052014","status":"publish","type":"post","link":"https:\/\/www.tjes.jus.br\/corregedoria\/2016\/09\/13\/oficio-circular-no-0262014-disp-13052014\/","title":{"rendered":"OF\u00cdCIO-CIRCULAR N\u00ba 026\/2014 &#8211; DISP. 13\/05\/2014"},"content":{"rendered":"<p align=\"center\"><strong>ESTADO DO ESP\u00cdRITO SANTO<\/strong><\/p>\n<p align=\"center\"><strong>PODER JUDICI\u00c1RIO<\/strong><\/p>\n<p align=\"center\"><strong>CORREGEDORIA GERAL DA JUSTI\u00c7A<\/strong><\/p>\n<p><strong>\u00a0<\/strong><\/p>\n<p style=\"text-align: center;\"><strong>OF\u00cdCIO-CIRCULAR N\u00ba 26\/2014<\/strong><\/p>\n<p style=\"text-align: justify;\">Vit\u00f3ria\/ES, 12 de maio de 2014.<\/p>\n<p style=\"text-align: justify;\">\n<p style=\"text-align: justify;\"><strong>AOS(AS) SENHORES(AS) DELEGAT\u00c1RIOS TITULARES E INTERINOS DOS CART\u00d3RIOS DE REGISTRO CIVIL DAS PESSOAS NATURAIS DO ESTADO DO ESP\u00cdRITO SANTO<\/strong><\/p>\n<p style=\"text-align: justify;\">\n<p style=\"text-align: justify;\">O Exmo. Sr. Desembargador Carlos Roberto Mignone, Corregedor-Geral da Justi\u00e7a, no uso de suas atribui\u00e7\u00f5es, e<\/p>\n<p style=\"text-align: justify;\">\n<p style=\"text-align: justify;\"><strong>CONSIDERANDO<\/strong> ser a <strong>CORREGEDORIA GERAL DA JUSTI\u00c7A<\/strong> \u00f3rg\u00e3o de fiscaliza\u00e7\u00e3o, disciplina e orienta\u00e7\u00e3o administrativa, com jurisdi\u00e7\u00e3o em todo o Estado do Esp\u00edrito Santo, conforme disp\u00f5e o art. 2\u00ba da Lei Complementar Estadual n.\u00ba 83\/96, e o art. 35 da Lei Complementar Estadual n.\u00ba 234\/02;<\/p>\n<p style=\"text-align: justify;\">\n<p style=\"text-align: justify;\"><strong>CONSIDERANDO<\/strong> os termos do despacho exarado pelo MM Juiz Auxiliar da Corregedoria Nacional da Justi\u00e7a, Dr. Gabriel da Silveira Matos, no Pedido de Provid\u00eancias-Corregedoria Nacional de Justi\u00e7a n.\u00ba 0003872-96.2013.2.00.0000.<\/p>\n<p style=\"text-align: justify;\">\n<p style=\"text-align: justify;\"><strong>RESOLVE:<\/strong><\/p>\n<p style=\"text-align: justify;\">\n<p style=\"text-align: justify;\"><strong>Art. 1\u00ba &#8211;<\/strong> <strong>DETERMINAR<\/strong> aos senhores delegat\u00e1rios dos Cart\u00f3rios de Registro Civil das Pessoas Naturais do Estado do Esp\u00edrito Santo que informem, no prazo m\u00e1ximo de at\u00e9 05 (cinco) dias,\u00a0 atrav\u00e9s do e-mail <a href=\"mailto:mboliveira@tjes.jus.br\">mboliveira@tjes.jus.br<\/a>, se localizaram o registro de nascimento de\u00a0<strong>MAXIMILIANO HOR\u00c1CIO SARMIENTO,<\/strong> nascido em 17.03.1999 e supostamente registrado com os seguintes dados: <strong>acta AA9, tomo 5245, folio 233 V<\/strong>.<\/p>\n<p style=\"text-align: justify;\"><strong>Par\u00e1grafo \u00danico.<\/strong> A inobserv\u00e2ncia do prazo contido no <i>caput<\/i> ensejar\u00e1 a ado\u00e7\u00e3o das provid\u00eancias disciplinares pertinentes.<\/p>\n<p style=\"text-align: justify;\">\n<p style=\"text-align: justify;\">Publique-se. Cumpra-se.<\/p>\n<p style=\"text-align: justify;\">Vit\u00f3ria\/ES, 12 de maio de 2014.<\/p>\n<p><strong>\u00a0\u00a0\u00a0\u00a0<\/strong><\/p>\n<p align=\"center\"><strong>CARLOS ROBERTO MIGNONE<br \/>\n<\/strong><strong>Corregedor-Geral da Justi\u00e7a<\/strong><\/p>\n","protected":false},"excerpt":{"rendered":"<p>ESTADO DO ESP\u00cdRITO SANTO PODER JUDICI\u00c1RIO CORREGEDORIA GERAL DA JUSTI\u00c7A \u00a0 OF\u00cdCIO-CIRCULAR N\u00ba 26\/2014 Vit\u00f3ria\/ES, 12 de maio de 2014. AOS(AS) SENHORES(AS) DELEGAT\u00c1RIOS TITULARES E INTERINOS DOS CART\u00d3RIOS DE REGISTRO CIVIL DAS PESSOAS NATURAIS DO ESTADO DO ESP\u00cdRITO SANTO O Exmo. Sr. Desembargador Carlos Roberto Mignone, Corregedor-Geral da Justi\u00e7a, no uso de suas atribui\u00e7\u00f5es, e [&hellip;]<\/p>\n","protected":false},"author":3,"featured_media":0,"comment_status":"open","ping_status":"open","sticky":false,"template":"","format":"standard","meta":{"footnotes":""},"categories":[14,5],"tags":[],"_links":{"self":[{"href":"https:\/\/www.tjes.jus.br\/corregedoria\/wp-json\/wp\/v2\/posts\/6383"}],"collection":[{"href":"https:\/\/www.tjes.jus.br\/corregedoria\/wp-json\/wp\/v2\/posts"}],"about":[{"href":"https:\/\/www.tjes.jus.br\/corregedoria\/wp-json\/wp\/v2\/types\/post"}],"author":[{"embeddable":true,"href":"https:\/\/www.tjes.jus.br\/corregedoria\/wp-json\/wp\/v2\/users\/3"}],"replies":[{"embeddable":true,"href":"https:\/\/www.tjes.jus.br\/corregedoria\/wp-json\/wp\/v2\/comments?post=6383"}],"version-history":[{"count":1,"href":"https:\/\/www.tjes.jus.br\/corregedoria\/wp-json\/wp\/v2\/posts\/6383\/revisions"}],"predecessor-version":[{"id":6384,"href":"https:\/\/www.tjes.jus.br\/corregedoria\/wp-json\/wp\/v2\/posts\/6383\/revisions\/6384"}],"wp:attachment":[{"href":"https:\/\/www.tjes.jus.br\/corregedoria\/wp-json\/wp\/v2\/media?parent=6383"}],"wp:term":[{"taxonomy":"category","embeddable":true,"href":"https:\/\/www.tjes.jus.br\/corregedoria\/wp-json\/wp\/v2\/categories?post=6383"},{"taxonomy":"post_tag","embeddable":true,"href":"https:\/\/www.tjes.jus.br\/corregedoria\/wp-json\/wp\/v2\/tags?post=6383"}],"curies":[{"name":"wp","href":"https:\/\/api.w.org\/{rel}","templated":true}]}}