{"id":6497,"date":"2016-09-14T12:04:23","date_gmt":"2016-09-14T15:04:23","guid":{"rendered":"https:\/\/www.tjes.jus.br\/corregedoria\/?p=6497"},"modified":"2016-09-19T08:03:37","modified_gmt":"2016-09-19T11:03:37","slug":"oficio-circular-no-0552016-disp-14092016","status":"publish","type":"post","link":"https:\/\/www.tjes.jus.br\/corregedoria\/2016\/09\/14\/oficio-circular-no-0552016-disp-14092016\/","title":{"rendered":"OF\u00cdCIO CIRCULAR N\u00ba 055\/2016 &#8211; DISP. 14\/09\/2016"},"content":{"rendered":"<p align=\"center\">ESTADO DO ESP\u00cdRITO SANTO<\/p>\n<p align=\"center\">Poder Judici\u00e1rio<\/p>\n<p align=\"center\"><strong>Corregedoria Geral da Justi\u00e7a<\/strong><\/p>\n<p style=\"text-align: center;\" align=\"justify\"><strong><span lang=\"pt-BR\">OF\u00cdCIO CIRCULAR CGJES N.\u00ba <\/span><span lang=\"pt-BR\">55<\/span><span lang=\"pt-BR\">\/2016<\/span><\/strong><\/p>\n<p align=\"justify\">(<i>Proc. CGJES n.\u00ba <\/i><i>201601148638<\/i>)<\/p>\n<p align=\"justify\">O Desembargador <strong>RONALDO GON\u00c7ALVES DE SOUSA<\/strong>, Corregedor-Geral da Justi\u00e7a do E. do Esp\u00edrito Santo, no uso de suas atribui\u00e7\u00f5es e,<\/p>\n<p align=\"justify\"><span lang=\"pt-BR\"><strong>CONSIDERANDO\u00a0<\/strong><\/span><span lang=\"pt-BR\">que a Corregedoria Geral da Justi\u00e7a \u00e9 \u00f3rg\u00e3o de fiscaliza\u00e7\u00e3o, disciplina e orienta\u00e7\u00e3o administrativa <\/span><span lang=\"pt-BR\">do foro extrajudicial<\/span><span lang=\"pt-BR\">, com jurisdi\u00e7\u00e3o em todo o Estado, conforme art. 35 da Lei Complementar Estadual n.\u00ba 234\/2002 (COJES) <\/span><span lang=\"pt-BR\">c\/c art. 37 da Lei Federal n.\u00ba 8.935\/94;<\/span><\/p>\n<p align=\"justify\"><strong>CONSIDERANDO<\/strong> a entrada em vigor, em 23 de junho de 2016, da <a href=\"https:\/\/www.tjes.jus.br\/corregedoria\/index.php\/2016\/07\/13\/resolucao-cnj-no-228-de-22062016\/\" target=\"_blank\">Resolu\u00e7\u00e3o n.\u00ba 228<\/a>, do Conselho Nacional de Justi\u00e7a, que regulamenta a aplica\u00e7\u00e3o, no \u00e2mbito do Poder Judici\u00e1rio, da Conven\u00e7\u00e3o sobre a Elimina\u00e7\u00e3o da Exig\u00eancia de Legaliza\u00e7\u00e3o de Documentos P\u00fablicos Estrangeiros, celebrada na Haia, em 5 de outubro de 1961 (Conven\u00e7\u00e3o da Apostila);<\/p>\n<p align=\"justify\"><strong>CONSIDERANDO<\/strong>, por fim, o quanto deliberado pela Corregedoria Geral da Justi\u00e7a deste Estado nos autos do Processo CGJES n.\u00ba 201601148638;<\/p>\n<p align=\"justify\"><span lang=\"pt-BR\"><strong>COMUNICA\u00a0<\/strong><\/span><span lang=\"pt-BR\">a <\/span><span lang=\"pt-BR\">todos os MM. Ju\u00edzes de Direito do Estado do Esp\u00edrito Santo, Membros do Minist\u00e9rio P\u00fablico, Advogados, Not\u00e1rios e Registradores, Serventu\u00e1rios da Justi\u00e7a deste Estado e a quem mais possa interessar, <\/span><span lang=\"pt-BR\">que a emiss\u00e3o de apostilas passou a ser obrigat\u00f3ria em todas as capitai<\/span><span lang=\"pt-BR\">s<\/span><span lang=\"pt-BR\"> do Pa\u00eds desde a data de 14 de agosto de 2016, conforme disposi\u00e7\u00e3o contida no <a href=\"https:\/\/www.tjes.jus.br\/corregedoria\/index.php\/2016\/07\/13\/resolucao-cnj-no-228-de-22062016\/\" target=\"_blank\">art. 19 da Resolu\u00e7\u00e3o n.\u00ba 228, do CNJ<\/a>.<\/span><\/p>\n<p align=\"justify\"><strong>Publique-se.<\/strong><\/p>\n<p align=\"center\"><span lang=\"pt-BR\">Vit\u00f3ria <\/span><span lang=\"pt-BR\">(<\/span><span lang=\"pt-BR\">ES<\/span><span lang=\"pt-BR\">)<\/span><span lang=\"pt-BR\">, <\/span><span lang=\"pt-BR\">23<\/span><span lang=\"pt-BR\"> de <\/span><span lang=\"pt-BR\">agosto\u00a0<\/span><span lang=\"pt-BR\">de 201<\/span><span lang=\"pt-BR\">6<\/span><span lang=\"pt-BR\">.<\/span><\/p>\n<p align=\"center\"><strong>Desembargador <\/strong><strong>RONALDO GON\u00c7ALVES DE SOUSA<br \/>\n<\/strong><strong><span lang=\"pt-BR\">Corregedor-Geral da Justi\u00e7<\/span><span lang=\"pt-BR\">a<\/span><\/strong><\/p>\n","protected":false},"excerpt":{"rendered":"<p>ESTADO DO ESP\u00cdRITO SANTO Poder Judici\u00e1rio Corregedoria Geral da Justi\u00e7a OF\u00cdCIO CIRCULAR CGJES N.\u00ba 55\/2016 (Proc. CGJES n.\u00ba 201601148638) O Desembargador RONALDO GON\u00c7ALVES DE SOUSA, Corregedor-Geral da Justi\u00e7a do E. do Esp\u00edrito Santo, no uso de suas atribui\u00e7\u00f5es e, CONSIDERANDO\u00a0que a Corregedoria Geral da Justi\u00e7a \u00e9 \u00f3rg\u00e3o de fiscaliza\u00e7\u00e3o, disciplina e orienta\u00e7\u00e3o administrativa do foro [&hellip;]<\/p>\n","protected":false},"author":3,"featured_media":0,"comment_status":"open","ping_status":"open","sticky":false,"template":"","format":"standard","meta":{"footnotes":""},"categories":[14,5],"tags":[],"_links":{"self":[{"href":"https:\/\/www.tjes.jus.br\/corregedoria\/wp-json\/wp\/v2\/posts\/6497"}],"collection":[{"href":"https:\/\/www.tjes.jus.br\/corregedoria\/wp-json\/wp\/v2\/posts"}],"about":[{"href":"https:\/\/www.tjes.jus.br\/corregedoria\/wp-json\/wp\/v2\/types\/post"}],"author":[{"embeddable":true,"href":"https:\/\/www.tjes.jus.br\/corregedoria\/wp-json\/wp\/v2\/users\/3"}],"replies":[{"embeddable":true,"href":"https:\/\/www.tjes.jus.br\/corregedoria\/wp-json\/wp\/v2\/comments?post=6497"}],"version-history":[{"count":3,"href":"https:\/\/www.tjes.jus.br\/corregedoria\/wp-json\/wp\/v2\/posts\/6497\/revisions"}],"predecessor-version":[{"id":6963,"href":"https:\/\/www.tjes.jus.br\/corregedoria\/wp-json\/wp\/v2\/posts\/6497\/revisions\/6963"}],"wp:attachment":[{"href":"https:\/\/www.tjes.jus.br\/corregedoria\/wp-json\/wp\/v2\/media?parent=6497"}],"wp:term":[{"taxonomy":"category","embeddable":true,"href":"https:\/\/www.tjes.jus.br\/corregedoria\/wp-json\/wp\/v2\/categories?post=6497"},{"taxonomy":"post_tag","embeddable":true,"href":"https:\/\/www.tjes.jus.br\/corregedoria\/wp-json\/wp\/v2\/tags?post=6497"}],"curies":[{"name":"wp","href":"https:\/\/api.w.org\/{rel}","templated":true}]}}