{"id":6959,"date":"2016-09-19T07:55:10","date_gmt":"2016-09-19T10:55:10","guid":{"rendered":"https:\/\/www.tjes.jus.br\/corregedoria\/?p=6959"},"modified":"2018-03-02T16:44:21","modified_gmt":"2018-03-02T19:44:21","slug":"oficio-circular-no-0562016-disp-19092016","status":"publish","type":"post","link":"https:\/\/www.tjes.jus.br\/corregedoria\/2016\/09\/19\/oficio-circular-no-0562016-disp-19092016\/","title":{"rendered":"OF\u00cdCIO CIRCULAR N\u00ba 056\/2016 &#8211; DISP. 19\/09\/2016"},"content":{"rendered":"<p align=\"center\">ESTADO DO ESP\u00cdRITO SANTO<\/p>\n<p align=\"center\">PODER JUDICI\u00c1RIO<\/p>\n<p align=\"center\"><strong>CORREGEDORIA GERAL DA JUSTI\u00c7A<\/strong><\/p>\n<p style=\"text-align: center;\" align=\"justify\"><strong>OF\u00cdCIO CIRCULAR N.\u00ba <\/strong><strong>56<\/strong><strong>\/2016<\/strong><\/p>\n<p align=\"justify\">(Processo CGJES n.\u00ba 201601047756)<\/p>\n<p align=\"justify\">O Desembargador <strong>RONALDO GON\u00c7ALVES DE SOUSA<\/strong>, Corregedor-Geral da Justi\u00e7a, no uso de suas atribui\u00e7\u00f5es e,<\/p>\n<p align=\"justify\"><strong>CONSIDERANDO <\/strong>que a Corregedoria Geral da Justi\u00e7a \u00e9 \u00f3rg\u00e3o de fiscaliza\u00e7\u00e3o, disciplina e orienta\u00e7\u00e3o administrativa, com jurisdi\u00e7\u00e3o em todo o Estado, conforme art. 35 da Lei Complementar Estadual n.\u00ba 234\/2002 (COJES) e art. 37 da Lei Federal n.\u00ba 8.935\/94 (Lei dos Not\u00e1rios e Registradores).<\/p>\n<p align=\"justify\"><strong>CONSIDERANDO <\/strong>os prazos estabelecidos no artigo 78 da <a href=\"http:\/\/www.planalto.gov.br\/CCIVIL_03\/LEIS\/L6015consolidado.htm\" target=\"_blank\" rel=\"noopener\">Lei n.\u00ba 6.015\/73<\/a> em rela\u00e7\u00e3o ao registro do \u00f3bito, e a determina\u00e7\u00e3o de que o assento tardio de \u00f3bito seja realizado \u201ccom a maior urg\u00eancia\u201d;<\/p>\n<p align=\"justify\"><strong>CONSIDERANDO <\/strong>a previs\u00e3o inserta no \u00a7 2\u00ba do artigo 1.001 do C\u00f3digo de Normas desta Corregedoria no sentido de que, excedido o prazo legal, o assento de \u00f3bito somente ser\u00e1 lavrado mediante determina\u00e7\u00e3o judicial;<\/p>\n<p align=\"justify\"><strong>CONSIDERANDO <\/strong>a necessidade de garantir a seguran\u00e7a jur\u00eddica nos registros de \u00f3bito tardios solicitados em favor dos cad\u00e1veres n\u00e3o reconhecidos, e conferir celeridade aos tr\u00e2mites dos procedimentos judiciais que veiculem tais requerimentos;<\/p>\n<p align=\"justify\"><strong>RESOLVE:<\/strong><\/p>\n<p align=\"justify\"><strong>DAR CI\u00caNCIA <\/strong>aos MM. Ju\u00edzes de Direito do Estado do Esp\u00edrito Santo com compet\u00eancia em registros p\u00fablicos acerca da necessidade de autoriza\u00e7\u00e3o judicial espec\u00edfica quando for requerido registro do \u00f3bito fora dos prazos estipulados pela <a href=\"http:\/\/www.planalto.gov.br\/CCIVIL_03\/LEIS\/L6015consolidado.htm\" target=\"_blank\" rel=\"noopener\">Lei n.\u00ba 6.015\/73<\/a>, conforme determina do \u00a7 2\u00ba do artigo 1.001 do C\u00f3digo de Normas.<\/p>\n<p align=\"justify\"><strong>DETERMINAR <\/strong>que os procedimentos que veiculem autoriza\u00e7\u00e3o para registro tardio de \u00f3bito sejam identificados e tratados como \u201cprioridade legal\u201d, tanto assim nos autos f\u00edsicos \u2013 mediante a aposi\u00e7\u00e3o de etiqueta \u2013 quanto no sistema eletr\u00f4nico de gerenciamento processual de 1\u00aa inst\u00e2ncia (E-jud).<\/p>\n<p align=\"justify\"><strong>Publique-se.<\/strong><\/p>\n<p align=\"justify\">Vit\u00f3ria\/ES, 12 de setembro de 2016<\/p>\n<p align=\"center\"><strong>Desembargador RONALDO GON\u00c7ALVES DE SOUSA<br \/>\n<\/strong><strong>Corregedor-Geral da Justi\u00e7a<\/strong><\/p>\n","protected":false},"excerpt":{"rendered":"<p>ESTADO DO ESP\u00cdRITO SANTO PODER JUDICI\u00c1RIO CORREGEDORIA GERAL DA JUSTI\u00c7A OF\u00cdCIO CIRCULAR N.\u00ba 56\/2016 (Processo CGJES n.\u00ba 201601047756) O Desembargador RONALDO GON\u00c7ALVES DE SOUSA, Corregedor-Geral da Justi\u00e7a, no uso de suas atribui\u00e7\u00f5es e, CONSIDERANDO que a Corregedoria Geral da Justi\u00e7a \u00e9 \u00f3rg\u00e3o de fiscaliza\u00e7\u00e3o, disciplina e orienta\u00e7\u00e3o administrativa, com jurisdi\u00e7\u00e3o em todo o Estado, conforme [&hellip;]<\/p>\n","protected":false},"author":3,"featured_media":0,"comment_status":"open","ping_status":"open","sticky":false,"template":"","format":"standard","meta":{"footnotes":""},"categories":[14,5],"tags":[],"_links":{"self":[{"href":"https:\/\/www.tjes.jus.br\/corregedoria\/wp-json\/wp\/v2\/posts\/6959"}],"collection":[{"href":"https:\/\/www.tjes.jus.br\/corregedoria\/wp-json\/wp\/v2\/posts"}],"about":[{"href":"https:\/\/www.tjes.jus.br\/corregedoria\/wp-json\/wp\/v2\/types\/post"}],"author":[{"embeddable":true,"href":"https:\/\/www.tjes.jus.br\/corregedoria\/wp-json\/wp\/v2\/users\/3"}],"replies":[{"embeddable":true,"href":"https:\/\/www.tjes.jus.br\/corregedoria\/wp-json\/wp\/v2\/comments?post=6959"}],"version-history":[{"count":5,"href":"https:\/\/www.tjes.jus.br\/corregedoria\/wp-json\/wp\/v2\/posts\/6959\/revisions"}],"predecessor-version":[{"id":23120,"href":"https:\/\/www.tjes.jus.br\/corregedoria\/wp-json\/wp\/v2\/posts\/6959\/revisions\/23120"}],"wp:attachment":[{"href":"https:\/\/www.tjes.jus.br\/corregedoria\/wp-json\/wp\/v2\/media?parent=6959"}],"wp:term":[{"taxonomy":"category","embeddable":true,"href":"https:\/\/www.tjes.jus.br\/corregedoria\/wp-json\/wp\/v2\/categories?post=6959"},{"taxonomy":"post_tag","embeddable":true,"href":"https:\/\/www.tjes.jus.br\/corregedoria\/wp-json\/wp\/v2\/tags?post=6959"}],"curies":[{"name":"wp","href":"https:\/\/api.w.org\/{rel}","templated":true}]}}