{"id":7245,"date":"2016-09-21T09:56:15","date_gmt":"2016-09-21T12:56:15","guid":{"rendered":"https:\/\/www.tjes.jus.br\/corregedoria\/?p=7245"},"modified":"2016-09-21T10:11:06","modified_gmt":"2016-09-21T13:11:06","slug":"oficio-circular-no-0572016-disp-21092016","status":"publish","type":"post","link":"https:\/\/www.tjes.jus.br\/corregedoria\/2016\/09\/21\/oficio-circular-no-0572016-disp-21092016\/","title":{"rendered":"OF\u00cdCIO CIRCULAR N\u00ba 057\/2016 &#8211; DISP. 21\/09\/2016"},"content":{"rendered":"<p align=\"center\"><strong>ESTADO DO ESP\u00cdRITO SANTO<\/strong><\/p>\n<p align=\"center\"><strong>PODER JUDICI\u00c1RIO<\/strong><\/p>\n<p style=\"text-align: center;\"><strong>CORREGEDORIA GERAL DA JUSTI\u00c7A<\/strong><\/p>\n<p style=\"text-align: center;\"><strong>CEJA\/ES<\/strong><\/p>\n<p style=\"text-align: center;\" align=\"justify\"><strong>OF\u00cdCIO CIRC<\/strong><strong>ULAR<\/strong><strong> N\u00ba <\/strong><strong>57<\/strong><strong>\/<\/strong><strong>2016<\/strong><\/p>\n<p align=\"justify\"><strong>Vit\u00f3ria, 15 de setembro de 2016.<\/strong><\/p>\n<p align=\"justify\">Excelent\u00edssimo Senhor (a) Juiz(a),<\/p>\n<p align=\"justify\"><strong>Considerando <\/strong>que a Corregedoria Geral da Justi\u00e7a \u00e9 o \u00f3rg\u00e3o de fiscaliza\u00e7\u00e3o e orienta\u00e7\u00e3o administrativa, judicial e disciplinar com jurisdi\u00e7\u00e3o em todo Estado do Esp\u00edrito Santo;<\/p>\n<p align=\"justify\"><strong>Considerando<\/strong> que dentre suas atribui\u00e7\u00f5es est\u00e1 a de promover de forma mais efetiva e \u00e1gil a conviv\u00eancia familiar e comunit\u00e1ria das crian\u00e7as e adolescentes que vivem em situa\u00e7\u00e3o de acolhimento institucional ou familiar em nosso Estado;<\/p>\n<p align=\"justify\"><strong>Considerando <\/strong>as disposi\u00e7\u00f5es da <a href=\"http:\/\/www.planalto.gov.br\/ccivil_03\/_Ato2007-2010\/2009\/Lei\/L12010.htm\" target=\"_blank\">Lei 12.010\/09<\/a>, <a href=\"http:\/\/www.planalto.gov.br\/ccivil_03\/Leis\/L8069Compilado.htm\" target=\"_blank\">Estatuto da Crian\u00e7a e do Adolescente<\/a> sobre o acolhimento e a ado\u00e7\u00e3o;<\/p>\n<p align=\"justify\"><strong>Considerando <\/strong>que \u00e9 da compet\u00eancia dos magistrados que atuam no \u00e2mbito da Inf\u00e2ncia e Juventude, mat\u00e9ria c\u00edvel, a correta alimenta\u00e7\u00e3o e atualiza\u00e7\u00e3o do SIGA\/ES, conforme <a href=\"https:\/\/www.tjes.jus.br\/corregedoria\/index.php\/2016\/08\/16\/provimento-no-202014-disp-17122014\/\" target=\"_blank\">Provimentos N\u00ba 20\/2014<\/a> e N\u00ba <a href=\"https:\/\/www.tjes.jus.br\/corregedoria\/index.php\/2016\/07\/28\/provimento-no-082016-disp-28072016\/\" target=\"_blank\">08\/2016<\/a> da Corregedoria;<\/p>\n<p align=\"justify\"><strong>Considerando <\/strong>que \u00e9 da responsabilidade desta Corregedoria-Geral da Justi\u00e7a atender as exig\u00eancias do CNJ, nos prazos estipulados, quanto a correta alimenta\u00e7\u00e3o do Cadastro Nacional de Ado\u00e7\u00e3o, CNA, que \u00e9 feita atrav\u00e9s da migra\u00e7\u00e3o autom\u00e1tica dos dados inseridos no SIGA\/ES;<\/p>\n<p align=\"justify\"><strong>Considerando que<\/strong> atrav\u00e9s das dilig\u00eancias rotineiras que s\u00e3o realizadas no SIGA\/ES esta Corregedoria identificou um grande contingente de informa\u00e7\u00f5es n\u00e3o atualizadas, outras incorretas em rela\u00e7\u00e3o \u00e0s informa\u00e7\u00f5es do E-JUD, habilita\u00e7\u00e3o de pretendentes \u00e0 ado\u00e7\u00e3o vencidas, crian\u00e7as\/adolescentes com situa\u00e7\u00e3o jur\u00eddica indefinida, uma vez que est\u00e3o em processo de guarda por tempo prolongado ou pela grande demora na tramita\u00e7\u00e3o dos processos de destitui\u00e7\u00e3o do poder familiar e\/ou de ado\u00e7\u00e3o,<\/p>\n<p align=\"justify\"><strong>DETERMINO<\/strong>:<\/p>\n<p align=\"justify\">1- que observem as regras constantes dos <a href=\"https:\/\/www.tjes.jus.br\/corregedoria\/index.php\/2016\/08\/16\/provimento-no-202014-disp-17122014\/\" target=\"_blank\">Provimentos n\u00ba 20\/2014<\/a> e <a href=\"https:\/\/www.tjes.jus.br\/corregedoria\/index.php\/2016\/07\/28\/provimento-no-082016-disp-28072016\/\" target=\"_blank\">08\/2016<\/a>, dispon\u00edveis no <i>site\u00a0<\/i>da Corregedoria Geral da Justi\u00e7a, <strong>zelando para que os dados sejam corretamente inseridos nos prazos estabelecidos<\/strong>;<\/p>\n<p align=\"justify\">2 &#8211; que agilizem as provid\u00eancias em rela\u00e7\u00e3o \u00e0s crian\u00e7as e adolescentes em situa\u00e7\u00e3o de acolhimento por tempo prolongado;<\/p>\n<p align=\"justify\">3 \u2013 que igualmente agilizem os procedimentos em rela\u00e7\u00e3o \u00e0s crian\u00e7as e aos adolescentes, identificadas em situa\u00e7\u00e3o de guarda provis\u00f3ria, processo de destitui\u00e7\u00e3o e de ado\u00e7\u00e3o por tempo prolongado;<\/p>\n<p align=\"justify\">4 \u2013 que providenciem o registro das pr\u00e9-ado\u00e7\u00f5es iniciadas, no campo pr\u00f3prio do sistema reservado para essa informa\u00e7\u00e3o, a fim de que, automaticamente, o sistema suspenda a busca daquele pretendente que j\u00e1 est\u00e1 em est\u00e1gio de conviv\u00eancia com uma crian\u00e7a;<\/p>\n<p align=\"justify\">5 \u2013 que insiram corretamente os dados constantes dos processos de habilita\u00e7\u00e3o para ado\u00e7\u00e3o, a fim de que os pretendentes n\u00e3o sejam prejudicados quando da busca de habilitados para ado\u00e7\u00e3o de uma crian\u00e7a;<\/p>\n<p align=\"justify\">6 \u2013 que providenciem a renova\u00e7\u00e3o das habilita\u00e7\u00f5es vencidas, caso o pretendente assim deseje, observando os prazos determinados no <a href=\"https:\/\/www.tjes.jus.br\/corregedoria\/index.php\/2016\/08\/16\/provimento-no-202014-disp-17122014\/\" target=\"_blank\">provimento n\u00ba 20\/2014<\/a>, bem como intimem os pretendentes que j\u00e1 recusaram crian\u00e7as por mais de duas vezes, injustificadamente, para que sejam reavaliados.<\/p>\n<p align=\"justify\">Seguem no anexo as pend\u00eancias detectadas nessa unidade judici\u00e1ria, para que sejam regularizadas, no prazo de 15 (vinte) dias, com comunica\u00e7\u00e3o a esta Corregedoria acerca das provid\u00eancias adotadas.<\/p>\n<p align=\"justify\">Para qualquer informa\u00e7\u00e3o ou orienta\u00e7\u00e3o fazer contato com a CEJA\/ES atrav\u00e9s do e-mail\u00a0<a href=\"mailto:ceja@tjes.jus.br\">ceja@tjes.jus.br<\/a> ou telefone (27) 3145 3172 e (27) 3145 3176.<\/p>\n<p align=\"center\"><strong>Desembargador Ronaldo Gon\u00e7alves de Sousa<\/strong><br \/>\n<strong>Corregedor-Geral da Justi\u00e7a<\/strong><br \/>\n<strong>Presidente da CEJA-ES<\/strong><\/p>\n","protected":false},"excerpt":{"rendered":"<p>ESTADO DO ESP\u00cdRITO SANTO PODER JUDICI\u00c1RIO CORREGEDORIA GERAL DA JUSTI\u00c7A CEJA\/ES OF\u00cdCIO CIRCULAR N\u00ba 57\/2016 Vit\u00f3ria, 15 de setembro de 2016. Excelent\u00edssimo Senhor (a) Juiz(a), Considerando que a Corregedoria Geral da Justi\u00e7a \u00e9 o \u00f3rg\u00e3o de fiscaliza\u00e7\u00e3o e orienta\u00e7\u00e3o administrativa, judicial e disciplinar com jurisdi\u00e7\u00e3o em todo Estado do Esp\u00edrito Santo; Considerando que dentre suas [&hellip;]<\/p>\n","protected":false},"author":3,"featured_media":0,"comment_status":"open","ping_status":"open","sticky":false,"template":"","format":"standard","meta":{"footnotes":""},"categories":[14,5],"tags":[],"_links":{"self":[{"href":"https:\/\/www.tjes.jus.br\/corregedoria\/wp-json\/wp\/v2\/posts\/7245"}],"collection":[{"href":"https:\/\/www.tjes.jus.br\/corregedoria\/wp-json\/wp\/v2\/posts"}],"about":[{"href":"https:\/\/www.tjes.jus.br\/corregedoria\/wp-json\/wp\/v2\/types\/post"}],"author":[{"embeddable":true,"href":"https:\/\/www.tjes.jus.br\/corregedoria\/wp-json\/wp\/v2\/users\/3"}],"replies":[{"embeddable":true,"href":"https:\/\/www.tjes.jus.br\/corregedoria\/wp-json\/wp\/v2\/comments?post=7245"}],"version-history":[{"count":2,"href":"https:\/\/www.tjes.jus.br\/corregedoria\/wp-json\/wp\/v2\/posts\/7245\/revisions"}],"predecessor-version":[{"id":7249,"href":"https:\/\/www.tjes.jus.br\/corregedoria\/wp-json\/wp\/v2\/posts\/7245\/revisions\/7249"}],"wp:attachment":[{"href":"https:\/\/www.tjes.jus.br\/corregedoria\/wp-json\/wp\/v2\/media?parent=7245"}],"wp:term":[{"taxonomy":"category","embeddable":true,"href":"https:\/\/www.tjes.jus.br\/corregedoria\/wp-json\/wp\/v2\/categories?post=7245"},{"taxonomy":"post_tag","embeddable":true,"href":"https:\/\/www.tjes.jus.br\/corregedoria\/wp-json\/wp\/v2\/tags?post=7245"}],"curies":[{"name":"wp","href":"https:\/\/api.w.org\/{rel}","templated":true}]}}