{"id":7253,"date":"2016-09-21T10:21:04","date_gmt":"2016-09-21T13:21:04","guid":{"rendered":"https:\/\/www.tjes.jus.br\/corregedoria\/?p=7253"},"modified":"2016-09-21T10:21:04","modified_gmt":"2016-09-21T13:21:04","slug":"resolucao-cnj-no-134-de-21062011","status":"publish","type":"post","link":"https:\/\/www.tjes.jus.br\/corregedoria\/2016\/09\/21\/resolucao-cnj-no-134-de-21062011\/","title":{"rendered":"Resolu\u00e7\u00e3o CNJ n\u00ba 134 de 21\/06\/2011"},"content":{"rendered":"<p style=\"text-align: justify;\">Disp\u00f5e sobre o dep\u00f3sito judicial de armas de fogo e muni\u00e7\u00f5es e a sua destina\u00e7\u00e3o<\/p>\n<p style=\"text-align: justify;\">\n<p style=\"text-align: justify;\"><strong>O PRESIDENTE DO CONSELHO NACIONAL DE JUSTI\u00c7A<\/strong>, no uso de suas atribui\u00e7\u00f5es constitucionais e regimentais,<\/p>\n<p style=\"text-align: justify;\">\n<p style=\"text-align: justify;\"><strong>CONSIDERANDO<\/strong> competir ao Conselho Nacional de Justi\u00e7a (CNJ), como \u00f3rg\u00e3o de controle da atua\u00e7\u00e3o administrativa e financeira dos tribunais, a atribui\u00e7\u00e3o de coordenar o planejamento e a gest\u00e3o estrat\u00e9gica do Poder Judici\u00e1rio;<\/p>\n<p style=\"text-align: justify;\"><strong>CONSIDERANDO<\/strong> o grande n\u00famero de armas em dep\u00f3sitos judiciais e que mant\u00ea-las em dep\u00f3sito compromete a seguran\u00e7a dos pr\u00e9dios p\u00fablicos utilizados pelo Poder Judici\u00e1rio;<\/p>\n<p style=\"text-align: justify;\"><strong>CONSIDERANDO<\/strong> a import\u00e2ncia da participa\u00e7\u00e3o do Poder Judici\u00e1rio na retomada da campanha do desarmamento patrocinada pelo Minist\u00e9rio da Justi\u00e7a;<\/p>\n<p style=\"text-align: justify;\"><strong>CONSIDERANDO<\/strong> a decis\u00e3o proferida pelo Plen\u00e1rio do Conselho Nacional de Justi\u00e7a no Pedido de Provid\u00eancias n\u00ba 0001586-24.2008.2.00.0000;<\/p>\n<p style=\"text-align: justify;\"><strong>CONSIDERANDO<\/strong> o disposto no art. 25 da Lei n\u00ba 10.826, de 22 de dezembro de 2003,<\/p>\n<p style=\"text-align: justify;\">\n<p style=\"text-align: justify;\"><strong>RESOLVE:<\/strong><\/p>\n<p style=\"text-align: justify;\">\n<p style=\"text-align: justify;\">Art. 1\u00ba As armas de fogo e muni\u00e7\u00f5es apreendidas nos autos submetidos ao Poder Judici\u00e1rio dever\u00e3o ser encaminhadas ao Comando do Ex\u00e9rcito, para destrui\u00e7\u00e3o ou doa\u00e7\u00e3o, nos termos previstos no art. 25 da <a href=\"http:\/\/www.planalto.gov.br\/ccivil_03\/leis\/2003\/l10.826.htm\" target=\"_blank\">Lei n\u00ba 10.826, de 2003<\/a>, ap\u00f3s a elabora\u00e7\u00e3o do respectivo laudo pericial, intima\u00e7\u00e3o das partes sobre o seu resultado e eventual notifica\u00e7\u00e3o do propriet\u00e1rio de boa-f\u00e9 para manifesta\u00e7\u00e3o quanto ao interesse na restitui\u00e7\u00e3o.<\/p>\n<p style=\"text-align: justify;\">\u00a7 1\u00ba O Juiz, mediante decis\u00e3o fundamentada, poder\u00e1 determinar a guarda da arma de fogo apreendida ou da muni\u00e7\u00e3o, caso a medida seja imprescind\u00edvel para o esclarecimento dos fatos apurados no processo judicial.<\/p>\n<p style=\"text-align: justify;\">\u00a7 2\u00ba Caso a arma apreendida ou a muni\u00e7\u00e3o seja de propriedade da Pol\u00edcia Civil ou Militar, ou das For\u00e7as Armadas, ser\u00e1 restitu\u00edda \u00e0 corpora\u00e7\u00e3o ap\u00f3s a elabora\u00e7\u00e3o do respectivo laudo pericial e intima\u00e7\u00e3o das partes, ressalvada a hip\u00f3tese do par\u00e1grafo anterior.<\/p>\n<p style=\"text-align: justify;\">Art. 2\u00ba Os Tribunais dever\u00e3o adotar medidas administrativas que impe\u00e7am o arquivamento e baixa definitiva de autos de que constem armas apreendidas ou muni\u00e7\u00f5es sem destina\u00e7\u00e3o final.<\/p>\n<p style=\"text-align: justify;\">Art. 3\u00ba \u00c9 vedado, durante o processo ou inqu\u00e9rito, qualquer tipo de carga, cess\u00e3o ou dep\u00f3sito, em m\u00e3os alheias, de armas de fogo e muni\u00e7\u00f5es apreendidas.<\/p>\n<p style=\"text-align: justify;\">Art. 4\u00ba Nenhuma arma de fogo ou muni\u00e7\u00e3o poder\u00e1 ser recebida pelo Poder Judici\u00e1rio, se n\u00e3o estiver vinculada a boletim de ocorr\u00eancia, inqu\u00e9rito ou processo.<\/p>\n<p style=\"text-align: justify;\">Art. 5\u00ba As armas de fogo e muni\u00e7\u00f5es j\u00e1 depositadas em ju\u00edzo, como objeto de processo-crime em andamento, fase de execu\u00e7\u00e3o penal ou arquivados, dever\u00e3o, no prazo de cento e oitenta dias, ser encaminhadas ao Comando do Ex\u00e9rcito para os devidos fins, salvo se sua manuten\u00e7\u00e3o for justificada por despacho fundamentado.<\/p>\n<p style=\"text-align: justify;\">\u00a7 1\u00ba As armas de fogo cujo dep\u00f3sito n\u00e3o tiver a devida justifica\u00e7\u00e3o ser\u00e3o encaminhadas \u00e0 destrui\u00e7\u00e3o ou doa\u00e7\u00e3o, nos termos previstos no <a href=\"http:\/\/www.planalto.gov.br\/ccivil_03\/leis\/2003\/l10.826.htm\" target=\"_blank\">art. 25 da Lei n\u00ba 10.826, de 2003<\/a>.<\/p>\n<p style=\"text-align: justify;\">\u00a7 2\u00ba As armas de fogo e muni\u00e7\u00f5es que atualmente se encontrem desvinculadas de processos judiciais ser\u00e3o imediatamente encaminhadas ao Comando do Ex\u00e9rcito para destrui\u00e7\u00e3o ou doa\u00e7\u00e3o.<\/p>\n<p style=\"text-align: justify;\">\u00a7 3\u00ba Fica facultada a institui\u00e7\u00e3o de mutir\u00f5es com a participa\u00e7\u00e3o dos Minist\u00e9rios P\u00fablicos, Defensorias P\u00fablicas, Ordem dos Advogados do Brasil e Organiza\u00e7\u00f5es da Sociedade Civil, com vistas \u00e0 acelera\u00e7\u00e3o do procedimento de remessa das armas de fogo ao Comando do Ex\u00e9rcito.<\/p>\n<p style=\"text-align: justify;\">Art. 6\u00ba Recomenda-se aos tribunais que, no \u00e2mbito de sua compet\u00eancia, celebrem conv\u00eanio com a Secretaria de Seguran\u00e7a P\u00fablica, para garantir que a apreens\u00e3o de armas de fogo ou muni\u00e7\u00f5es, pela pol\u00edcia militar ou civil, seja, antes da elabora\u00e7\u00e3o do respectivo auto, imediatamente comunicada \u00e0 autoridade judici\u00e1ria respons\u00e1vel, ou a \u00f3rg\u00e3o judici\u00e1rio designado para tanto.<\/p>\n<p style=\"text-align: justify;\">Par\u00e1grafo \u00fanico. Recomenda-se ainda que, quando poss\u00edvel, a comunica\u00e7\u00e3o e seu arquivamento sejam processados por via eletr\u00f4nica.<\/p>\n<p style=\"text-align: justify;\">Art. 7\u00ba As Assessorias Militares dos Tribunais estaduais e federais, no prazo de cento e oitenta dias, dever\u00e3o elaborar ato normativo que discipline a identifica\u00e7\u00e3o, a guarda e o transporte peri\u00f3dico das armas e muni\u00e7\u00f5es de todas as unidades judici\u00e1rias para o Comando do Ex\u00e9rcito.<\/p>\n<p style=\"text-align: justify;\">Par\u00e1grafo \u00fanico. A remessa das armas ao comando militar dever\u00e1 ser providenciada pelo menos, duas vezes ao ano.<\/p>\n<p style=\"text-align: justify;\">Art.8\u00ba Esta Resolu\u00e7\u00e3o entra em vigor na data de sua publica\u00e7\u00e3o.<\/p>\n<p>&nbsp;<\/p>\n<p align=\"center\">Ministro <strong>CEZAR PELUSO<\/strong><\/p>\n","protected":false},"excerpt":{"rendered":"<p>Disp\u00f5e sobre o dep\u00f3sito judicial de armas de fogo e muni\u00e7\u00f5es e a sua destina\u00e7\u00e3o O PRESIDENTE DO CONSELHO NACIONAL DE JUSTI\u00c7A, no uso de suas atribui\u00e7\u00f5es constitucionais e regimentais, CONSIDERANDO competir ao Conselho Nacional de Justi\u00e7a (CNJ), como \u00f3rg\u00e3o de controle da atua\u00e7\u00e3o administrativa e financeira dos tribunais, a atribui\u00e7\u00e3o de coordenar o planejamento [&hellip;]<\/p>\n","protected":false},"author":3,"featured_media":0,"comment_status":"open","ping_status":"open","sticky":false,"template":"","format":"standard","meta":{"footnotes":""},"categories":[14,19],"tags":[],"_links":{"self":[{"href":"https:\/\/www.tjes.jus.br\/corregedoria\/wp-json\/wp\/v2\/posts\/7253"}],"collection":[{"href":"https:\/\/www.tjes.jus.br\/corregedoria\/wp-json\/wp\/v2\/posts"}],"about":[{"href":"https:\/\/www.tjes.jus.br\/corregedoria\/wp-json\/wp\/v2\/types\/post"}],"author":[{"embeddable":true,"href":"https:\/\/www.tjes.jus.br\/corregedoria\/wp-json\/wp\/v2\/users\/3"}],"replies":[{"embeddable":true,"href":"https:\/\/www.tjes.jus.br\/corregedoria\/wp-json\/wp\/v2\/comments?post=7253"}],"version-history":[{"count":1,"href":"https:\/\/www.tjes.jus.br\/corregedoria\/wp-json\/wp\/v2\/posts\/7253\/revisions"}],"predecessor-version":[{"id":7254,"href":"https:\/\/www.tjes.jus.br\/corregedoria\/wp-json\/wp\/v2\/posts\/7253\/revisions\/7254"}],"wp:attachment":[{"href":"https:\/\/www.tjes.jus.br\/corregedoria\/wp-json\/wp\/v2\/media?parent=7253"}],"wp:term":[{"taxonomy":"category","embeddable":true,"href":"https:\/\/www.tjes.jus.br\/corregedoria\/wp-json\/wp\/v2\/categories?post=7253"},{"taxonomy":"post_tag","embeddable":true,"href":"https:\/\/www.tjes.jus.br\/corregedoria\/wp-json\/wp\/v2\/tags?post=7253"}],"curies":[{"name":"wp","href":"https:\/\/api.w.org\/{rel}","templated":true}]}}