{"id":7290,"date":"2016-09-29T18:01:31","date_gmt":"2016-09-29T21:01:31","guid":{"rendered":"https:\/\/www.tjes.jus.br\/corregedoria\/?p=7290"},"modified":"2016-09-29T18:01:31","modified_gmt":"2016-09-29T21:01:31","slug":"corregedor-geral-da-justica-responde-pela-presidencia-do-tjes","status":"publish","type":"post","link":"https:\/\/www.tjes.jus.br\/corregedoria\/2016\/09\/29\/corregedor-geral-da-justica-responde-pela-presidencia-do-tjes\/","title":{"rendered":"Corregedor Geral da Justi\u00e7a responde pela Presid\u00eancia do TJES"},"content":{"rendered":"<p style=\"text-align: justify;\"><a href=\"https:\/\/www.tjes.jus.br\/corregedoria\/wp-content\/uploads\/2016\/09\/IMG_9522.jpg\"><img loading=\"lazy\" decoding=\"async\" class=\"alignright wp-image-7302 size-medium\" src=\"https:\/\/www.tjes.jus.br\/corregedoria\/wp-content\/uploads\/2016\/09\/IMG_9522-300x200.jpg\" alt=\"31\u00aa Sess\u00e3o do Pleno\" width=\"300\" height=\"200\" srcset=\"https:\/\/www.tjes.jus.br\/corregedoria\/wp-content\/uploads\/2016\/09\/IMG_9522-300x200.jpg 300w, https:\/\/www.tjes.jus.br\/corregedoria\/wp-content\/uploads\/2016\/09\/IMG_9522.jpg 900w\" sizes=\"(max-width: 300px) 100vw, 300px\" \/><\/a>Nesta quinta-feira, como Presidente em exerc\u00edcio do Tribunal de Justi\u00e7a, o Desembargador Ronaldo Gon\u00e7alves de Sousa presidiu a 31\u00aa sess\u00e3o do Tribunal Pleno, em raz\u00e3o do afastamento, por motivo de sa\u00fade, do Presidente, Desembargador Annibal de Resende Lima, e do Vice-Presidente Desembargador F\u00e1bio Clem de Oliveira, em viagem a Manaus.<\/p>\n<p style=\"text-align: justify;\">A substitui\u00e7\u00e3o ocorre de acordo com o artigo 114 da Lei Complementar 234\/2002 \u00a0(C\u00f3digo de Organiza\u00e7\u00e3o Judici\u00e1ria do Esp\u00edrito Santo), permanecendo na presid\u00eancia tamb\u00e9m durante a pr\u00f3xima sexta-feira, dia 30\/09\/2016.<\/p>\n","protected":false},"excerpt":{"rendered":"<p>Nesta quinta-feira, como Presidente em exerc\u00edcio do Tribunal de Justi\u00e7a, o Desembargador Ronaldo Gon\u00e7alves de Sousa presidiu a 31\u00aa sess\u00e3o do Tribunal Pleno, em raz\u00e3o do afastamento, por motivo de sa\u00fade, do Presidente, Desembargador Annibal de Resende Lima, e do Vice-Presidente Desembargador F\u00e1bio Clem de Oliveira, em viagem a Manaus. A substitui\u00e7\u00e3o ocorre de acordo [&hellip;]<\/p>\n","protected":false},"author":3,"featured_media":7305,"comment_status":"open","ping_status":"open","sticky":false,"template":"","format":"standard","meta":{"footnotes":""},"categories":[1],"tags":[],"_links":{"self":[{"href":"https:\/\/www.tjes.jus.br\/corregedoria\/wp-json\/wp\/v2\/posts\/7290"}],"collection":[{"href":"https:\/\/www.tjes.jus.br\/corregedoria\/wp-json\/wp\/v2\/posts"}],"about":[{"href":"https:\/\/www.tjes.jus.br\/corregedoria\/wp-json\/wp\/v2\/types\/post"}],"author":[{"embeddable":true,"href":"https:\/\/www.tjes.jus.br\/corregedoria\/wp-json\/wp\/v2\/users\/3"}],"replies":[{"embeddable":true,"href":"https:\/\/www.tjes.jus.br\/corregedoria\/wp-json\/wp\/v2\/comments?post=7290"}],"version-history":[{"count":5,"href":"https:\/\/www.tjes.jus.br\/corregedoria\/wp-json\/wp\/v2\/posts\/7290\/revisions"}],"predecessor-version":[{"id":7306,"href":"https:\/\/www.tjes.jus.br\/corregedoria\/wp-json\/wp\/v2\/posts\/7290\/revisions\/7306"}],"wp:featuredmedia":[{"embeddable":true,"href":"https:\/\/www.tjes.jus.br\/corregedoria\/wp-json\/wp\/v2\/media\/7305"}],"wp:attachment":[{"href":"https:\/\/www.tjes.jus.br\/corregedoria\/wp-json\/wp\/v2\/media?parent=7290"}],"wp:term":[{"taxonomy":"category","embeddable":true,"href":"https:\/\/www.tjes.jus.br\/corregedoria\/wp-json\/wp\/v2\/categories?post=7290"},{"taxonomy":"post_tag","embeddable":true,"href":"https:\/\/www.tjes.jus.br\/corregedoria\/wp-json\/wp\/v2\/tags?post=7290"}],"curies":[{"name":"wp","href":"https:\/\/api.w.org\/{rel}","templated":true}]}}