{"id":7400,"date":"2016-10-03T16:59:10","date_gmt":"2016-10-03T19:59:10","guid":{"rendered":"https:\/\/www.tjes.jus.br\/corregedoria\/?p=7400"},"modified":"2018-02-15T16:53:19","modified_gmt":"2018-02-15T18:53:19","slug":"oficio-circular-no-2262013-disp-20092013","status":"publish","type":"post","link":"https:\/\/www.tjes.jus.br\/corregedoria\/2016\/10\/03\/oficio-circular-no-2262013-disp-20092013\/","title":{"rendered":"OF\u00cdCIO-CIRCULAR N\u00ba 226\/2013 &#8211; DISP. 20\/09\/2013"},"content":{"rendered":"<p style=\"text-align: center;\"><strong>ESTADO DO ESP\u00cdRITO SANTO<\/strong><\/p>\n<p style=\"text-align: center;\"><strong>PODER JUDICI\u00c1RIO<\/strong><\/p>\n<p style=\"text-align: center;\"><strong>CORREGEDORIA GERAL DA JUSTI\u00c7A<\/strong><\/p>\n<p style=\"text-align: center;\"><strong>Of\u00edcio &#8211; Circular\u00a0 n.\u00ba 226\/2013<\/strong><\/p>\n<p style=\"text-align: justify;\">Vit\u00f3ria, 19 de setembro de 2013.<\/p>\n<p style=\"text-align: justify;\">A Exma. Sr.\u00aa Desembargadora Vice-Corregedora do Estado do Esp\u00edrito Santo, Desembargadora Catharina Maria Novaes Barcelos, no uso de suas atribui\u00e7\u00f5es legais,<\/p>\n<p style=\"text-align: justify;\"><strong>CONSIDERANDO <\/strong>que a Corregedoria Geral da Justi\u00e7a do Estado do Esp\u00edrito Santo \u00e9 \u00f3rg\u00e3o de fiscaliza\u00e7\u00e3o, disciplina e orienta\u00e7\u00e3o administrativa, com jurisdi\u00e7\u00e3o em todo Estado, conforme art. 2\u00ba da Lei complementar Estadual N\u00ba 83\/96;<\/p>\n<p style=\"text-align: justify;\"><strong>CONSIDERANDO <\/strong>o movimento grevista\u00a0 do Banco do Estado do Esp\u00edrito Santo S\/A, culminando com a suspens\u00e3o do atendimento \u00e0 popula\u00e7\u00e3o, e que n\u00e3o h\u00e1 previs\u00e3o para seu fim;<\/p>\n<p style=\"text-align: justify;\"><strong><u>RESOLVE<\/u><\/strong><\/p>\n<p style=\"text-align: justify;\"><strong>Art. 1\u00ba<\/strong> Os valores relativos \u00e0s custas processuais e a taxa judici\u00e1ria, em se tratando de medida urgente, enquanto n\u00e3o findar o movimento grevista dos vigilantes do Banco do Estado do Esp\u00edrito Santo, dever\u00e3o ser recolhidas nas Contadorias Judiciais das respectivas Comarcas, em rela\u00e7\u00e3o aos feitos ali em andamento, nos termos do Art. 16 \u00a7 1\u00ba. da Lei Estadual 9.974\/13 \u2013 Regimento de Custas.<\/p>\n<p style=\"text-align: justify;\"><strong>Art. 2\u00ba<\/strong>\u00a0 Fica autorizada a posterga\u00e7\u00e3o dos recolhimentos dos valores relativos ao Fundo de Apoio ao Registro Civil das Pessoas Naturais do Estado do Esp\u00edrito Santo \u2013 FARPEN, dos valores relativos a um d\u00e9cimo (1\/10) dos emolumentos incidentes sobre todos os atos realizados pelas serventias n\u00e3o oficializadas \u2013 C\u00f3digo 183 do FUNEPJ e dos valores destinados ao Fundo de Aparelhamento da Defensoria P\u00fablica \u2013 FADESPES.<\/p>\n<p style=\"text-align: justify;\"><strong>Art. 3\u00ba<\/strong>\u00a0 Os pedidos relativos aos Selos de Fiscaliza\u00e7\u00e3o ser\u00e3o liberados sem o pagamento pr\u00e9vio, enquanto n\u00e3o findar o movimento grevista no Banco do Estado do Esp\u00edrito Santo, sendo necess\u00e1ria a gera\u00e7\u00e3o imediata da guia de recolhimento \u2013 c\u00f3digo da receita 205 \u2013 e o encaminhamento da c\u00f3pia, por fax (27) 3145.3125, \u00e0 Assessoria de Planejamento e Fiscaliza\u00e7\u00e3o da Corregedoria Geral da Justi\u00e7a.<\/p>\n<p style=\"text-align: justify;\"><strong>Art. 4\u00ba<\/strong> Os recolhimentos na forma dos artigos anteriores dever\u00e3o ser regularizados, junto ao BANESTES, no primeiro dia \u00fatil ap\u00f3s o encerramento do movimento grevista.<\/p>\n<p style=\"text-align: center;\"><strong>DES\u00aa. CATHARINA MARIA NOVAES BARCELLOS<br \/>\n<\/strong><strong>Corregedora-Geral da Justi\u00e7a em exerc\u00edcio<\/strong><\/p>\n","protected":false},"excerpt":{"rendered":"<p>ESTADO DO ESP\u00cdRITO SANTO PODER JUDICI\u00c1RIO CORREGEDORIA GERAL DA JUSTI\u00c7A Of\u00edcio &#8211; Circular\u00a0 n.\u00ba 226\/2013 Vit\u00f3ria, 19 de setembro de 2013. A Exma. Sr.\u00aa Desembargadora Vice-Corregedora do Estado do Esp\u00edrito Santo, Desembargadora Catharina Maria Novaes Barcelos, no uso de suas atribui\u00e7\u00f5es legais, CONSIDERANDO que a Corregedoria Geral da Justi\u00e7a do Estado do Esp\u00edrito Santo \u00e9 [&hellip;]<\/p>\n","protected":false},"author":3,"featured_media":0,"comment_status":"open","ping_status":"open","sticky":false,"template":"","format":"standard","meta":{"footnotes":""},"categories":[14,5],"tags":[],"_links":{"self":[{"href":"https:\/\/www.tjes.jus.br\/corregedoria\/wp-json\/wp\/v2\/posts\/7400"}],"collection":[{"href":"https:\/\/www.tjes.jus.br\/corregedoria\/wp-json\/wp\/v2\/posts"}],"about":[{"href":"https:\/\/www.tjes.jus.br\/corregedoria\/wp-json\/wp\/v2\/types\/post"}],"author":[{"embeddable":true,"href":"https:\/\/www.tjes.jus.br\/corregedoria\/wp-json\/wp\/v2\/users\/3"}],"replies":[{"embeddable":true,"href":"https:\/\/www.tjes.jus.br\/corregedoria\/wp-json\/wp\/v2\/comments?post=7400"}],"version-history":[{"count":5,"href":"https:\/\/www.tjes.jus.br\/corregedoria\/wp-json\/wp\/v2\/posts\/7400\/revisions"}],"predecessor-version":[{"id":22478,"href":"https:\/\/www.tjes.jus.br\/corregedoria\/wp-json\/wp\/v2\/posts\/7400\/revisions\/22478"}],"wp:attachment":[{"href":"https:\/\/www.tjes.jus.br\/corregedoria\/wp-json\/wp\/v2\/media?parent=7400"}],"wp:term":[{"taxonomy":"category","embeddable":true,"href":"https:\/\/www.tjes.jus.br\/corregedoria\/wp-json\/wp\/v2\/categories?post=7400"},{"taxonomy":"post_tag","embeddable":true,"href":"https:\/\/www.tjes.jus.br\/corregedoria\/wp-json\/wp\/v2\/tags?post=7400"}],"curies":[{"name":"wp","href":"https:\/\/api.w.org\/{rel}","templated":true}]}}