{"id":7540,"date":"2016-10-04T14:17:14","date_gmt":"2016-10-04T17:17:14","guid":{"rendered":"https:\/\/www.tjes.jus.br\/corregedoria\/?p=7540"},"modified":"2017-10-19T18:19:49","modified_gmt":"2017-10-19T20:19:49","slug":"oficio-circular-no-1532013-disp-17062013","status":"publish","type":"post","link":"https:\/\/www.tjes.jus.br\/corregedoria\/2016\/10\/04\/oficio-circular-no-1532013-disp-17062013\/","title":{"rendered":"OF\u00cdCIO-CIRCULAR N\u00ba 153\/2013 &#8211; DISP. 17\/06\/2013"},"content":{"rendered":"<p style=\"text-align: center;\"><strong>ESTADO DO ESPIRITO SANTO<\/strong><\/p>\n<p style=\"text-align: center;\"><strong>PODER JUDICI\u00c1RIO<\/strong><\/p>\n<p style=\"text-align: center;\"><strong>CORREGEDORIA GERAL DA JUSTI\u00c7A<\/strong><\/p>\n<p style=\"text-align: center;\"><strong>Of\u00edcio-Circular n\u00ba 153\/13<\/strong><\/p>\n<p style=\"text-align: justify;\">Vit\u00f3ria\/ES, 13 de junho de 2013.<\/p>\n<p style=\"text-align: justify;\">O Desembargador CARLOS HENRIQUE RIOS DO\u00a0AMARAL, Corregedor &#8211; Geral da Justi\u00e7a do Estado do Esp\u00edrito Santo, no uso de suas atribui\u00e7\u00f5es legais e,<\/p>\n<p style=\"text-align: justify;\"><strong>CONSIDERANDO<\/strong> ser a Corregedoria Geral da Justi\u00e7a \u00f3rg\u00e3o de fiscaliza\u00e7\u00e3o, disciplina e orienta\u00e7\u00e3o administrativa, com jurisdi\u00e7\u00e3o em todo o Estado, conforme art. 35 da Lei Complementar Estadual n\u00ba 234\/02;<\/p>\n<p style=\"text-align: justify;\"><strong>CONSIDERANDO<\/strong> o <a href=\"https:\/\/www.tjes.jus.br\/corregedoria\/2016\/06\/27\/ato-normativo-conjunto-no-0062013-disp-09042013\/\" target=\"_blank\" rel=\"noopener\">Ato Normativo Conjunto n\u00ba 06\/2013<\/a>, publicado em 09\/04\/13, que regulamenta os procedimentos de remessa on line das informa\u00e7\u00f5es dos d\u00e9bitos de custas processuais vencidas e demais receitas do FUNEPJ \u00e0 SEFAZ\/ES;<\/p>\n<p style=\"text-align: justify;\"><strong>RESOLVE:<\/strong><\/p>\n<p style=\"text-align: justify;\"><strong>DETERMINAR<\/strong> que as demais receitas destinadas ao FUNEPJ, multas administrativas, civis ou criminal, quando n\u00e3o pagas na data aprazada, como tamb\u00e9m, a multa destinada ao FUNPEN, a unidade judici\u00e1ria ou administrativa respons\u00e1vel dever\u00e1 ENCAMINHAR OF\u00cdCIO \u00e0 SEFAZ\/ES, via e-mail, devidamente instru\u00eddo com os anexos que deram origem ao d\u00e9bito, para o endere\u00e7o eletr\u00f4nico <a href=\"mailto:gearc@sefaz.es.gov.br\">gearc@sefaz.es.gov.br<\/a> .<\/p>\n<p style=\"text-align: justify;\">Publique-se. Cumpra-se.<\/p>\n<p style=\"text-align: justify;\">Vit\u00f3ria\/ES, 13 de junho de 2013<\/p>\n<p style=\"text-align: center;\"><strong>DES. CARLOS HENRIQUE RIOS DO AMARAL<\/strong><br \/>\n<strong>Corregedor &#8211; Geral da Justi\u00e7a<\/strong><\/p>\n","protected":false},"excerpt":{"rendered":"<p>ESTADO DO ESPIRITO SANTO PODER JUDICI\u00c1RIO CORREGEDORIA GERAL DA JUSTI\u00c7A Of\u00edcio-Circular n\u00ba 153\/13 Vit\u00f3ria\/ES, 13 de junho de 2013. O Desembargador CARLOS HENRIQUE RIOS DO\u00a0AMARAL, Corregedor &#8211; Geral da Justi\u00e7a do Estado do Esp\u00edrito Santo, no uso de suas atribui\u00e7\u00f5es legais e, CONSIDERANDO ser a Corregedoria Geral da Justi\u00e7a \u00f3rg\u00e3o de fiscaliza\u00e7\u00e3o, disciplina e orienta\u00e7\u00e3o [&hellip;]<\/p>\n","protected":false},"author":3,"featured_media":0,"comment_status":"open","ping_status":"open","sticky":false,"template":"","format":"standard","meta":{"footnotes":""},"categories":[14,5],"tags":[],"_links":{"self":[{"href":"https:\/\/www.tjes.jus.br\/corregedoria\/wp-json\/wp\/v2\/posts\/7540"}],"collection":[{"href":"https:\/\/www.tjes.jus.br\/corregedoria\/wp-json\/wp\/v2\/posts"}],"about":[{"href":"https:\/\/www.tjes.jus.br\/corregedoria\/wp-json\/wp\/v2\/types\/post"}],"author":[{"embeddable":true,"href":"https:\/\/www.tjes.jus.br\/corregedoria\/wp-json\/wp\/v2\/users\/3"}],"replies":[{"embeddable":true,"href":"https:\/\/www.tjes.jus.br\/corregedoria\/wp-json\/wp\/v2\/comments?post=7540"}],"version-history":[{"count":2,"href":"https:\/\/www.tjes.jus.br\/corregedoria\/wp-json\/wp\/v2\/posts\/7540\/revisions"}],"predecessor-version":[{"id":20395,"href":"https:\/\/www.tjes.jus.br\/corregedoria\/wp-json\/wp\/v2\/posts\/7540\/revisions\/20395"}],"wp:attachment":[{"href":"https:\/\/www.tjes.jus.br\/corregedoria\/wp-json\/wp\/v2\/media?parent=7540"}],"wp:term":[{"taxonomy":"category","embeddable":true,"href":"https:\/\/www.tjes.jus.br\/corregedoria\/wp-json\/wp\/v2\/categories?post=7540"},{"taxonomy":"post_tag","embeddable":true,"href":"https:\/\/www.tjes.jus.br\/corregedoria\/wp-json\/wp\/v2\/tags?post=7540"}],"curies":[{"name":"wp","href":"https:\/\/api.w.org\/{rel}","templated":true}]}}