{"id":7590,"date":"2016-10-05T12:06:50","date_gmt":"2016-10-05T15:06:50","guid":{"rendered":"https:\/\/www.tjes.jus.br\/corregedoria\/?p=7590"},"modified":"2016-10-05T12:06:50","modified_gmt":"2016-10-05T15:06:50","slug":"oficio-circular-no-0592016-disp-05102016","status":"publish","type":"post","link":"https:\/\/www.tjes.jus.br\/corregedoria\/2016\/10\/05\/oficio-circular-no-0592016-disp-05102016\/","title":{"rendered":"OF\u00cdCIO-CIRCULAR N\u00ba 059\/2016 &#8211; DISP. 05\/10\/2016"},"content":{"rendered":"<p align=\"center\"><strong>ESTADO DO ESP\u00cdRITO SANTO<\/strong><\/p>\n<p align=\"center\"><strong>PODER JUDICI\u00c1RIO<\/strong><\/p>\n<p align=\"center\"><strong>CORREGEDORIA GERAL DA JUSTI\u00c7A<\/strong><\/p>\n<p align=\"center\">\n<p style=\"text-align: center;\" align=\"justify\"><span lang=\"pt-BR\"><strong>OF\u00cdCIO-CIRCULAR N\u00ba <\/strong><\/span><span lang=\"pt-BR\"><strong>0<\/strong><\/span><span lang=\"pt-BR\"><strong>59<\/strong><\/span><span lang=\"pt-BR\"><strong>\/<\/strong><\/span><span lang=\"pt-BR\"><strong>201<\/strong><\/span><span lang=\"pt-BR\"><strong>6<\/strong><\/span><\/p>\n<p style=\"text-align: center;\" align=\"justify\"><span lang=\"pt-BR\"><strong>Protocolo <\/strong><\/span><span lang=\"pt-BR\"><strong>201<\/strong><\/span><span lang=\"pt-BR\"><strong>6<\/strong><\/span><span lang=\"pt-BR\"><strong>.<\/strong><\/span><span lang=\"pt-BR\"><strong>0<\/strong><\/span><span lang=\"pt-BR\"><strong>1<\/strong><\/span><span lang=\"pt-BR\"><strong>.<\/strong><\/span><span lang=\"pt-BR\"><strong>147<\/strong><\/span><span lang=\"pt-BR\"><strong>.<\/strong><\/span><span lang=\"pt-BR\"><strong>365<\/strong><\/span><\/p>\n<p align=\"justify\">\n<p align=\"justify\">O Exmo. Sr. Desembargador Corregedor-Geral da Justi\u00e7a do Estado do Esp\u00edrito Santo, no uso de suas atribui\u00e7\u00f5es legais:<\/p>\n<p align=\"justify\">\n<p align=\"justify\"><span lang=\"pt-BR\"><strong>CONSIDERANDO<\/strong><\/span><span lang=\"pt-BR\"> o recebimento do Of\u00edcio <\/span><span lang=\"pt-BR\">Circular <\/span><span lang=\"pt-BR\">n\u00ba <\/span><span lang=\"pt-BR\">22<\/span><span lang=\"pt-BR\">\/<\/span><span lang=\"pt-BR\">201<\/span><span lang=\"pt-BR\">6<\/span><span lang=\"pt-BR\"> da lavra da Excelent\u00edssima Senhora Desembargadora Corregedora-Geral da Justi\u00e7a do Estado de <\/span><span lang=\"pt-BR\">Roraima\/RR<\/span><span lang=\"pt-BR\">;<\/span><\/p>\n<p align=\"justify\">\n<p align=\"justify\"><span lang=\"pt-BR\"><strong>CONSIDERANDO<\/strong><\/span><span lang=\"pt-BR\"> que referido Of\u00edcio informa sobre <\/span><span lang=\"pt-BR\">o EXTRAVIO <\/span><span lang=\"pt-BR\">do<\/span><span lang=\"pt-BR\">s\u00a0<\/span><span lang=\"pt-BR\">s<\/span><span lang=\"pt-BR\">elo<\/span><span lang=\"pt-BR\">s hologr\u00e1ficos\u00a0<\/span><span lang=\"pt-BR\">d<\/span><span lang=\"pt-BR\">e autenticidade <\/span><span lang=\"pt-BR\">n\u00bas 120667 e 91582, oriundos da Vara da Justi\u00e7a Itinerante<\/span><span lang=\"pt-BR\">.<\/span><\/p>\n<p align=\"justify\">\n<p align=\"justify\"><span lang=\"pt-BR\"><strong>RECOMENDO<\/strong><\/span><span lang=\"pt-BR\"> aos Ju\u00edzes de Direito Diretores dos F\u00f3runs, Membros do Minist\u00e9rio P\u00fablico, Advogados, Not\u00e1rios e Registradores, Serventu\u00e1rios e a quem mais possa interessar, que observem o Of\u00edcio <\/span><span lang=\"pt-BR\">supracitado<\/span><span lang=\"pt-BR\">, e adotem as provid\u00eancias que entenderem pertinentes.<\/span><\/p>\n<p align=\"justify\">\n<p align=\"justify\"><strong>Publique-se. Cumpra-se.<\/strong><\/p>\n<p align=\"justify\">\n<p align=\"justify\"><span lang=\"pt-BR\">Vit\u00f3ria\/ES, <\/span><span lang=\"pt-BR\">28<\/span><span lang=\"pt-BR\"> de <\/span><span lang=\"pt-BR\">setembro<\/span><span lang=\"pt-BR\"> de 201<\/span><span lang=\"pt-BR\">6<\/span><span lang=\"pt-BR\">.<\/span><\/p>\n<p align=\"justify\">\n<p align=\"center\"><strong>DES. RONALDO GON\u00c7ALVES DE SOUSA<br \/>\n<\/strong><strong>Corregedor Geral da Justi\u00e7a<\/strong><\/p>\n","protected":false},"excerpt":{"rendered":"<p>ESTADO DO ESP\u00cdRITO SANTO PODER JUDICI\u00c1RIO CORREGEDORIA GERAL DA JUSTI\u00c7A OF\u00cdCIO-CIRCULAR N\u00ba 059\/2016 Protocolo 2016.01.147.365 O Exmo. Sr. Desembargador Corregedor-Geral da Justi\u00e7a do Estado do Esp\u00edrito Santo, no uso de suas atribui\u00e7\u00f5es legais: CONSIDERANDO o recebimento do Of\u00edcio Circular n\u00ba 22\/2016 da lavra da Excelent\u00edssima Senhora Desembargadora Corregedora-Geral da Justi\u00e7a do Estado de Roraima\/RR; CONSIDERANDO [&hellip;]<\/p>\n","protected":false},"author":3,"featured_media":0,"comment_status":"open","ping_status":"open","sticky":false,"template":"","format":"standard","meta":{"footnotes":""},"categories":[14,5],"tags":[],"_links":{"self":[{"href":"https:\/\/www.tjes.jus.br\/corregedoria\/wp-json\/wp\/v2\/posts\/7590"}],"collection":[{"href":"https:\/\/www.tjes.jus.br\/corregedoria\/wp-json\/wp\/v2\/posts"}],"about":[{"href":"https:\/\/www.tjes.jus.br\/corregedoria\/wp-json\/wp\/v2\/types\/post"}],"author":[{"embeddable":true,"href":"https:\/\/www.tjes.jus.br\/corregedoria\/wp-json\/wp\/v2\/users\/3"}],"replies":[{"embeddable":true,"href":"https:\/\/www.tjes.jus.br\/corregedoria\/wp-json\/wp\/v2\/comments?post=7590"}],"version-history":[{"count":1,"href":"https:\/\/www.tjes.jus.br\/corregedoria\/wp-json\/wp\/v2\/posts\/7590\/revisions"}],"predecessor-version":[{"id":7591,"href":"https:\/\/www.tjes.jus.br\/corregedoria\/wp-json\/wp\/v2\/posts\/7590\/revisions\/7591"}],"wp:attachment":[{"href":"https:\/\/www.tjes.jus.br\/corregedoria\/wp-json\/wp\/v2\/media?parent=7590"}],"wp:term":[{"taxonomy":"category","embeddable":true,"href":"https:\/\/www.tjes.jus.br\/corregedoria\/wp-json\/wp\/v2\/categories?post=7590"},{"taxonomy":"post_tag","embeddable":true,"href":"https:\/\/www.tjes.jus.br\/corregedoria\/wp-json\/wp\/v2\/tags?post=7590"}],"curies":[{"name":"wp","href":"https:\/\/api.w.org\/{rel}","templated":true}]}}