{"id":7592,"date":"2016-10-05T12:09:52","date_gmt":"2016-10-05T15:09:52","guid":{"rendered":"https:\/\/www.tjes.jus.br\/corregedoria\/?p=7592"},"modified":"2016-10-05T12:09:52","modified_gmt":"2016-10-05T15:09:52","slug":"oficio-circular-no-0602016-disp-05102016","status":"publish","type":"post","link":"https:\/\/www.tjes.jus.br\/corregedoria\/2016\/10\/05\/oficio-circular-no-0602016-disp-05102016\/","title":{"rendered":"OF\u00cdCIO-CIRCULAR N\u00ba 060\/2016 &#8211; DISP. 05\/10\/2016"},"content":{"rendered":"<p align=\"center\"><strong>ESTADO DO ESP\u00cdRITO SANTO<\/strong><\/p>\n<p align=\"center\"><strong>PODER JUDICI\u00c1RIO<\/strong><\/p>\n<p align=\"center\"><strong>CORREGEDORIA GERAL DA JUSTI\u00c7A<\/strong><\/p>\n<p align=\"center\">\n<p style=\"text-align: center;\" align=\"justify\"><span lang=\"pt-BR\"><strong>OF\u00cdCIO-CIRCULAR N\u00ba <\/strong><\/span><span lang=\"pt-BR\"><strong>6<\/strong><\/span><span lang=\"pt-BR\"><strong>0\/<\/strong><\/span><span lang=\"pt-BR\"><strong>201<\/strong><\/span><span lang=\"pt-BR\"><strong>6<\/strong><\/span><\/p>\n<p style=\"text-align: center;\" align=\"justify\"><span lang=\"pt-BR\"><strong>Protocolo <\/strong><\/span><span lang=\"pt-BR\"><strong>201<\/strong><\/span><span lang=\"pt-BR\"><strong>6.01.408.575<\/strong><\/span><\/p>\n<p align=\"justify\">\n<p align=\"justify\">O Exmo. Sr. Desembargador Corregedor-Geral da Justi\u00e7a do Estado do Esp\u00edrito Santo, no uso de suas atribui\u00e7\u00f5es legais:<\/p>\n<p align=\"justify\">\n<p align=\"justify\"><strong>CONSIDERANDO<\/strong> o recebimento dos Avisos n\u00bas 38 a 44\/2016, da lavra do Excelent\u00edssimo Senhor Desembargador Corregedor-Geral da Justi\u00e7a do Estado de Rond\u00f4nia\/RO;<\/p>\n<p align=\"justify\">\n<p align=\"justify\"><span lang=\"pt-BR\"><strong>CONSIDERANDO <\/strong><\/span><span lang=\"pt-BR\">que <\/span><span lang=\"pt-BR\">os <\/span><span lang=\"pt-BR\">referido<\/span><span lang=\"pt-BR\">s Avisos <\/span><span lang=\"pt-BR\">informa<\/span><span lang=\"pt-BR\">m<\/span><span lang=\"pt-BR\"> sobre a INUTILIZA\u00c7\u00c3O d<\/span><span lang=\"pt-BR\">e<\/span><span lang=\"pt-BR\"> Selos, <\/span><span lang=\"pt-BR\">conforme anexo<\/span><span lang=\"pt-BR\">.<\/span><\/p>\n<p align=\"justify\">\n<p align=\"justify\"><span lang=\"pt-BR\"><strong>RECOMENDO<\/strong><\/span><span lang=\"pt-BR\"> aos Ju\u00edzes de Direito Diretores dos F\u00f3runs, Membros do Minist\u00e9rio P\u00fablico, Advogados, Not\u00e1rios e Registradores, Serventu\u00e1rios e a quem mais possa interessar, que observem o <\/span><span lang=\"pt-BR\">Comunicado\u00a0<\/span><span lang=\"pt-BR\">supracitado<\/span><span lang=\"pt-BR\">, e adotem as provid\u00eancias que entenderem pertinentes.<\/span><\/p>\n<p align=\"justify\">\n<p align=\"justify\"><strong>Publique-se. Cumpra-se.<\/strong><\/p>\n<p align=\"justify\">\n<p align=\"justify\"><span lang=\"pt-BR\">Vit\u00f3ria\/ES, <\/span><span lang=\"pt-BR\">2<\/span><span lang=\"pt-BR\">9<\/span><span lang=\"pt-BR\"> de <\/span><span lang=\"pt-BR\">setembro <\/span><span lang=\"pt-BR\">de 201<\/span><span lang=\"pt-BR\">6<\/span><span lang=\"pt-BR\">.<\/span><\/p>\n<p align=\"justify\">\n<p align=\"center\"><strong>DES. RONALDO GON\u00c7ALVES DE SOUSA<br \/>\n<\/strong><strong>Corregedor Geral da Justi\u00e7a<\/strong><\/p>\n<p align=\"center\">\n<p align=\"center\"><strong><a href=\"https:\/\/www.tjes.jus.br\/corregedoria\/wp-content\/uploads\/2016\/10\/Oficio_Circular_060-2016-RelacaoDeSelos.pdf\">ANEXO (CLIQUE AQUI)<\/a><\/strong><\/p>\n","protected":false},"excerpt":{"rendered":"<p>ESTADO DO ESP\u00cdRITO SANTO PODER JUDICI\u00c1RIO CORREGEDORIA GERAL DA JUSTI\u00c7A OF\u00cdCIO-CIRCULAR N\u00ba 60\/2016 Protocolo 2016.01.408.575 O Exmo. Sr. Desembargador Corregedor-Geral da Justi\u00e7a do Estado do Esp\u00edrito Santo, no uso de suas atribui\u00e7\u00f5es legais: CONSIDERANDO o recebimento dos Avisos n\u00bas 38 a 44\/2016, da lavra do Excelent\u00edssimo Senhor Desembargador Corregedor-Geral da Justi\u00e7a do Estado de Rond\u00f4nia\/RO; [&hellip;]<\/p>\n","protected":false},"author":3,"featured_media":0,"comment_status":"open","ping_status":"open","sticky":false,"template":"","format":"standard","meta":{"footnotes":""},"categories":[14,5],"tags":[],"_links":{"self":[{"href":"https:\/\/www.tjes.jus.br\/corregedoria\/wp-json\/wp\/v2\/posts\/7592"}],"collection":[{"href":"https:\/\/www.tjes.jus.br\/corregedoria\/wp-json\/wp\/v2\/posts"}],"about":[{"href":"https:\/\/www.tjes.jus.br\/corregedoria\/wp-json\/wp\/v2\/types\/post"}],"author":[{"embeddable":true,"href":"https:\/\/www.tjes.jus.br\/corregedoria\/wp-json\/wp\/v2\/users\/3"}],"replies":[{"embeddable":true,"href":"https:\/\/www.tjes.jus.br\/corregedoria\/wp-json\/wp\/v2\/comments?post=7592"}],"version-history":[{"count":1,"href":"https:\/\/www.tjes.jus.br\/corregedoria\/wp-json\/wp\/v2\/posts\/7592\/revisions"}],"predecessor-version":[{"id":7594,"href":"https:\/\/www.tjes.jus.br\/corregedoria\/wp-json\/wp\/v2\/posts\/7592\/revisions\/7594"}],"wp:attachment":[{"href":"https:\/\/www.tjes.jus.br\/corregedoria\/wp-json\/wp\/v2\/media?parent=7592"}],"wp:term":[{"taxonomy":"category","embeddable":true,"href":"https:\/\/www.tjes.jus.br\/corregedoria\/wp-json\/wp\/v2\/categories?post=7592"},{"taxonomy":"post_tag","embeddable":true,"href":"https:\/\/www.tjes.jus.br\/corregedoria\/wp-json\/wp\/v2\/tags?post=7592"}],"curies":[{"name":"wp","href":"https:\/\/api.w.org\/{rel}","templated":true}]}}