{"id":7606,"date":"2016-10-05T12:18:03","date_gmt":"2016-10-05T15:18:03","guid":{"rendered":"https:\/\/www.tjes.jus.br\/corregedoria\/?p=7606"},"modified":"2018-03-02T16:55:31","modified_gmt":"2018-03-02T19:55:31","slug":"oficio-circular-no-0652016-disp-05102016","status":"publish","type":"post","link":"https:\/\/www.tjes.jus.br\/corregedoria\/2016\/10\/05\/oficio-circular-no-0652016-disp-05102016\/","title":{"rendered":"OF\u00cdCIO\u2013CIRCULAR N\u00ba 065\/2016 &#8211; DISP. 05\/10\/2016"},"content":{"rendered":"<p align=\"center\"><strong>ESTADO DO ESP\u00cdRITO SANTO<\/strong><\/p>\n<p align=\"center\"><strong>PODER JUDICI\u00c1RIO<\/strong><\/p>\n<p align=\"center\"><strong>CORREGEDORIA GERAL DA JUSTI\u00c7A<\/strong><\/p>\n<p style=\"text-align: center;\" align=\"justify\"><strong>OF\u00cdCIO<\/strong><strong> \u2013 <\/strong><strong>CIRCULAR n\u00ba <\/strong><strong>6<\/strong><strong>5<\/strong><strong>\/201<\/strong><strong>6<\/strong><\/p>\n<p align=\"justify\">O Exmo. Sr. Desembargador Corregedor-Geral da Justi\u00e7a do Estado do Esp\u00edrito Santo, no uso de suas atribui\u00e7\u00f5es legais e:<\/p>\n<p align=\"justify\"><strong>CONSIDERANDO <\/strong>ser a Corregedoria Geral da Justi\u00e7a \u00f3rg\u00e3o de fiscaliza\u00e7\u00e3o, disciplina e orienta\u00e7\u00e3o administrativa com jurisdi\u00e7\u00e3o em todo o Estado, conforme art. 35 da Lei Complementar Estadual n\u00ba 234\/02;<\/p>\n<p align=\"justify\"><strong>CONSIDERANDO <\/strong><span lang=\"pt-BR\">o texto <\/span><span lang=\"pt-BR\">da Lei Estadual n\u00ba 7.706\/2004, <\/span><span lang=\"pt-BR\">que <\/span><span lang=\"pt-BR\">confere,<\/span><span lang=\"pt-BR\">em seu <\/span><span lang=\"pt-BR\">art. 2\u00ba, <\/span><span lang=\"pt-BR\">a<\/span><span lang=\"pt-BR\">s\u00a0<\/span><span lang=\"pt-BR\">Entidades Beneficentes de Assist\u00eancia Social <\/span><span lang=\"pt-BR\">que n\u00e3o sejam declaradas de utilidade p\u00fablica, a redu\u00e7\u00e3o \u00e0 metade do valor dos emolumentos <\/span><span lang=\"pt-BR\">constantes na Tabela 7, I, II, III e V e na Tabela 10 da Lei n\u00ba 6.670, de 17\/05\/2001<\/span><\/p>\n<p align=\"justify\"><strong>RESOLVE:<\/strong><\/p>\n<p align=\"justify\"><strong>DETERMINAR <\/strong>a republica\u00e7\u00e3o da lista de enquadramentos legais\/2016 (anexa), incluindo o C\u00f3digo EQLG31, em aten\u00e7\u00e3o ao positivado no art. 2\u00ba da Lei Estadual n\u00ba 7.706\/2004, especificamente, a concess\u00e3o \u00e0s Entidades Beneficentes de Assist\u00eancia Social, que n\u00e3o sejam declaradas de utilidade p\u00fablica, a redu\u00e7\u00e3o \u00e0 metade do valor dos emolumentos constantes na Tabela 7, I, II, III e V e na Tabela 10 da Lei n\u00ba 6.670, de 17\/05\/2001.<\/p>\n<p align=\"justify\"><strong>Publique-se. Cumpra-se.<\/strong><\/p>\n<p align=\"justify\"><strong>Vit\u00f3ria-ES, 04 de outubro de 2016.<\/strong><\/p>\n<p align=\"center\"><strong>Desembargador RONALDO GON\u00c7ALVES DE SOUSA<br \/>\n<\/strong><strong>Corregedor Geral da Justi\u00e7a<\/strong><\/p>\n<p align=\"center\"><strong><a href=\"https:\/\/www.tjes.jus.br\/corregedoria\/wp-content\/uploads\/2016\/10\/Oficio_Circular_065-2016-EnquadramentosLegais.pdf\">ANEXO (CLIQUE AQUI)<\/a><\/strong><\/p>\n","protected":false},"excerpt":{"rendered":"<p>ESTADO DO ESP\u00cdRITO SANTO PODER JUDICI\u00c1RIO CORREGEDORIA GERAL DA JUSTI\u00c7A OF\u00cdCIO \u2013 CIRCULAR n\u00ba 65\/2016 O Exmo. Sr. Desembargador Corregedor-Geral da Justi\u00e7a do Estado do Esp\u00edrito Santo, no uso de suas atribui\u00e7\u00f5es legais e: CONSIDERANDO ser a Corregedoria Geral da Justi\u00e7a \u00f3rg\u00e3o de fiscaliza\u00e7\u00e3o, disciplina e orienta\u00e7\u00e3o administrativa com jurisdi\u00e7\u00e3o em todo o Estado, conforme [&hellip;]<\/p>\n","protected":false},"author":3,"featured_media":0,"comment_status":"open","ping_status":"open","sticky":false,"template":"","format":"standard","meta":{"footnotes":""},"categories":[5],"tags":[],"_links":{"self":[{"href":"https:\/\/www.tjes.jus.br\/corregedoria\/wp-json\/wp\/v2\/posts\/7606"}],"collection":[{"href":"https:\/\/www.tjes.jus.br\/corregedoria\/wp-json\/wp\/v2\/posts"}],"about":[{"href":"https:\/\/www.tjes.jus.br\/corregedoria\/wp-json\/wp\/v2\/types\/post"}],"author":[{"embeddable":true,"href":"https:\/\/www.tjes.jus.br\/corregedoria\/wp-json\/wp\/v2\/users\/3"}],"replies":[{"embeddable":true,"href":"https:\/\/www.tjes.jus.br\/corregedoria\/wp-json\/wp\/v2\/comments?post=7606"}],"version-history":[{"count":2,"href":"https:\/\/www.tjes.jus.br\/corregedoria\/wp-json\/wp\/v2\/posts\/7606\/revisions"}],"predecessor-version":[{"id":23121,"href":"https:\/\/www.tjes.jus.br\/corregedoria\/wp-json\/wp\/v2\/posts\/7606\/revisions\/23121"}],"wp:attachment":[{"href":"https:\/\/www.tjes.jus.br\/corregedoria\/wp-json\/wp\/v2\/media?parent=7606"}],"wp:term":[{"taxonomy":"category","embeddable":true,"href":"https:\/\/www.tjes.jus.br\/corregedoria\/wp-json\/wp\/v2\/categories?post=7606"},{"taxonomy":"post_tag","embeddable":true,"href":"https:\/\/www.tjes.jus.br\/corregedoria\/wp-json\/wp\/v2\/tags?post=7606"}],"curies":[{"name":"wp","href":"https:\/\/api.w.org\/{rel}","templated":true}]}}