{"id":7610,"date":"2016-10-05T12:50:55","date_gmt":"2016-10-05T15:50:55","guid":{"rendered":"https:\/\/www.tjes.jus.br\/corregedoria\/?p=7610"},"modified":"2018-02-01T09:06:02","modified_gmt":"2018-02-01T11:06:02","slug":"portaria-cgjes-n-o-012016-disp-11012016","status":"publish","type":"post","link":"https:\/\/www.tjes.jus.br\/corregedoria\/2016\/10\/05\/portaria-cgjes-n-o-012016-disp-11012016\/","title":{"rendered":"PORTARIA CGJ\/ES N.\u00ba 01\/2016 &#8211; DISP. 11\/01\/2016 &#8211; REVOGADA"},"content":{"rendered":"<p align=\"center\"><del><strong>ESTADO DO ESP\u00cdRITO SANTO<\/strong><\/del><\/p>\n<p align=\"center\"><del><strong>PODER JUDICI\u00c1RIO<\/strong><\/del><\/p>\n<p align=\"center\"><del><strong>CORREGEDORIA GERAL DA JUSTI\u00c7A<\/strong><\/del><\/p>\n<p align=\"center\"><del><strong>P O R T A R I A CGJ\/ES N.\u00ba 01\/2016<\/strong><\/del><\/p>\n<p style=\"text-align: justify;\"><del>Constituir Comiss\u00e3o Revisora do C\u00f3digo de Normas para o bi\u00eanio 2016\/2017.<\/del><\/p>\n<p style=\"text-align: justify;\" align=\"justify\"><del>O Desembargador Ronaldo Gon\u00e7alves de Sousa, Corregedor-Geral da Justi\u00e7a do Estado do Esp\u00edrito Santo, no uso de suas atribui\u00e7\u00f5es legais e<\/del><\/p>\n<p style=\"text-align: justify;\" align=\"justify\"><del>Considerando que a Corregedoria-Geral da Justi\u00e7a \u00e9 \u00f3rg\u00e3o de fiscaliza\u00e7\u00e3o, disciplina e orienta\u00e7\u00e3o administrativa, com jurisdi\u00e7\u00e3o em todo o Estado, conforme art. 2\u00ba da Lei Complementar Estadual n\u00ba 83\/96 e art. 35 da Lei Complementar Estadual n\u00ba 234\/2002;<\/del><\/p>\n<p style=\"text-align: justify;\" align=\"justify\"><del>Considerando ser o C\u00f3digo de Normas a principal ferramenta de que disp\u00f5e a Corregedoria-Geral da Justi\u00e7a para uniformizar a orienta\u00e7\u00e3o administrativa do foro judicial e extrajudicial em todo o Estado, sendo imperioso e necess\u00e1rio o constante aprimoramento das diversas disposi\u00e7\u00f5es nele contidas;<\/del><\/p>\n<p style=\"text-align: justify;\" align=\"justify\"><del>Considerando a autoriza\u00e7\u00e3o trazida pelo art. 1316 do C\u00f3digo de Normas para a constitui\u00e7\u00e3o de Comiss\u00e3o Revisora, a crit\u00e9rio do Corregedor-Geral da Justi\u00e7a, respons\u00e1vel pela an\u00e1lise das futuras propostas de altera\u00e7\u00e3o, atualiza\u00e7\u00e3o e revis\u00e3o deste C\u00f3digo de Normas.<\/del><\/p>\n<p style=\"text-align: justify;\" align=\"justify\"><del><strong>RESOLVE:<\/strong><\/del><\/p>\n<p style=\"text-align: justify;\" align=\"justify\"><del><strong>Art. <\/strong><strong>1<\/strong><strong>\u00ba<\/strong>. Instituir a Comiss\u00e3o Revisora do C\u00f3digo de Normas para o bi\u00eanio 2016\/2017, composta pelos seguintes membros:<\/del><\/p>\n<p style=\"text-align: justify;\" align=\"justify\"><del>I \u2013 Juiz Corregedor LEONARDO ALVARENGA DA FONSECA (Presidente);<\/del><\/p>\n<p style=\"text-align: justify;\" align=\"justify\"><del>II \u2013 Juiz Corregedor J\u00daLIO C\u00c9SAR BABILON (Vice-Presidente);<\/del><\/p>\n<p style=\"text-align: justify;\" align=\"justify\"><del>III \u2013 Juiz Corregedor LYRIO R\u00c9GIS DE SOUZA LYRIO (membro);<\/del><\/p>\n<p style=\"text-align: justify;\" align=\"justify\"><del>IV \u2013 Juiz Corregedor GUSTAVO HENRIQUE PROC\u00d3PIO SILVA (membro);<\/del><\/p>\n<p style=\"text-align: justify;\" align=\"justify\"><del>V \u2013 Assessor Jur\u00eddico THIAGO DE FREITAS FERREIRA (1\u00ba Secret\u00e1rio); e<\/del><\/p>\n<p style=\"text-align: justify;\" align=\"justify\"><del>VI \u2013 Analista Judici\u00e1rio 02 \u2013 AE \u2013 Direito MARCO ANT\u00d4NIO SEVERNINI (2\u00ba Secret\u00e1rio)<\/del><\/p>\n<p style=\"text-align: justify;\" align=\"justify\"><del><strong>Art. <\/strong><strong>2\u00ba.<\/strong> A Comiss\u00e3o Revisora compete propor, de of\u00edcio ou por solicita\u00e7\u00e3o de interessados, ao Corregedor-Geral da Justi\u00e7a, altera\u00e7\u00f5es ao C\u00f3digo de Normas, sobre as quais emitir\u00e1 parecer;<\/del><\/p>\n<p style=\"text-align: justify;\" align=\"justify\"><del><strong>\u00a7 <\/strong><strong>1<\/strong><strong>\u00ba. <\/strong>O Presidente da Comiss\u00e3o Revisora poder\u00e1 admitir, segundo crit\u00e9rios de conveni\u00eancia e oportunidade, a oitiva de terceiros interessados, desde que demonstrada a representatividade dos postulantes, assim como relev\u00e2ncia e pertin\u00eancia do tema;<\/del><\/p>\n<p style=\"text-align: justify;\" align=\"justify\"><del><strong>\u00a7 <\/strong><strong>2<\/strong><strong>\u00ba <\/strong>Esta portaria entrar\u00e1 em vigor na data da sua publica\u00e7\u00e3o, revogando-se as Portarias CGJ\/ES n\u00ba 022\/2008, 008\/2010, <a href=\"https:\/\/www.tjes.jus.br\/corregedoria\/2016\/10\/06\/portaria-no-112012-disp-14062012\/\" target=\"_blank\" rel=\"noopener\">011\/2012<\/a>, <a href=\"https:\/\/www.tjes.jus.br\/corregedoria\/2016\/10\/05\/portaria-no-022014-disp-16012014\/\" target=\"_blank\" rel=\"noopener\">002\/2014<\/a> e <a href=\"https:\/\/www.tjes.jus.br\/corregedoria\/wp-content\/uploads\/2016\/07\/Portaria_05-2014.pdf\" target=\"_blank\" rel=\"noopener\">05\/2014<\/a>.<\/del><\/p>\n<p align=\"center\"><del>Publique-se. Registre-se. Cumpra-se.<\/del><\/p>\n<p align=\"center\"><del>Vit\u00f3ria, 07 de janeiro de 2016.<\/del><\/p>\n<p align=\"center\"><del><strong>Desembargador RONALDO GON\u00c7ALVES DE SOUSA<br \/>\n<\/strong><strong>Corregedor-Geral da Justi\u00e7a<\/strong><\/del><\/p>\n<h2 align=\"center\"><span style=\"color: #ff0000;\">REVOGADA PELA PORTARIA\u00a0<a href=\"https:\/\/www.tjes.jus.br\/corregedoria\/2018\/02\/01\/portaria-cgjes-no-012018-disp-01022018\/\" target=\"_blank\" rel=\"noopener\">PORTARIA CGJES N\u00ba 01\/2018<\/a> &#8211; DISP. 01\/02\/2018<\/span><\/h2>\n","protected":false},"excerpt":{"rendered":"<p>ESTADO DO ESP\u00cdRITO SANTO PODER JUDICI\u00c1RIO CORREGEDORIA GERAL DA JUSTI\u00c7A P O R T A R I A CGJ\/ES N.\u00ba 01\/2016 Constituir Comiss\u00e3o Revisora do C\u00f3digo de Normas para o bi\u00eanio 2016\/2017. O Desembargador Ronaldo Gon\u00e7alves de Sousa, Corregedor-Geral da Justi\u00e7a do Estado do Esp\u00edrito Santo, no uso de suas atribui\u00e7\u00f5es legais e Considerando que [&hellip;]<\/p>\n","protected":false},"author":3,"featured_media":0,"comment_status":"open","ping_status":"open","sticky":false,"template":"","format":"standard","meta":{"footnotes":""},"categories":[14,6],"tags":[],"_links":{"self":[{"href":"https:\/\/www.tjes.jus.br\/corregedoria\/wp-json\/wp\/v2\/posts\/7610"}],"collection":[{"href":"https:\/\/www.tjes.jus.br\/corregedoria\/wp-json\/wp\/v2\/posts"}],"about":[{"href":"https:\/\/www.tjes.jus.br\/corregedoria\/wp-json\/wp\/v2\/types\/post"}],"author":[{"embeddable":true,"href":"https:\/\/www.tjes.jus.br\/corregedoria\/wp-json\/wp\/v2\/users\/3"}],"replies":[{"embeddable":true,"href":"https:\/\/www.tjes.jus.br\/corregedoria\/wp-json\/wp\/v2\/comments?post=7610"}],"version-history":[{"count":4,"href":"https:\/\/www.tjes.jus.br\/corregedoria\/wp-json\/wp\/v2\/posts\/7610\/revisions"}],"predecessor-version":[{"id":22112,"href":"https:\/\/www.tjes.jus.br\/corregedoria\/wp-json\/wp\/v2\/posts\/7610\/revisions\/22112"}],"wp:attachment":[{"href":"https:\/\/www.tjes.jus.br\/corregedoria\/wp-json\/wp\/v2\/media?parent=7610"}],"wp:term":[{"taxonomy":"category","embeddable":true,"href":"https:\/\/www.tjes.jus.br\/corregedoria\/wp-json\/wp\/v2\/categories?post=7610"},{"taxonomy":"post_tag","embeddable":true,"href":"https:\/\/www.tjes.jus.br\/corregedoria\/wp-json\/wp\/v2\/tags?post=7610"}],"curies":[{"name":"wp","href":"https:\/\/api.w.org\/{rel}","templated":true}]}}