{"id":7616,"date":"2016-10-05T13:03:20","date_gmt":"2016-10-05T16:03:20","guid":{"rendered":"https:\/\/www.tjes.jus.br\/corregedoria\/?p=7616"},"modified":"2018-02-01T09:08:21","modified_gmt":"2018-02-01T11:08:21","slug":"portaria-cgjes-no-122016-disp-05102016","status":"publish","type":"post","link":"https:\/\/www.tjes.jus.br\/corregedoria\/2016\/10\/05\/portaria-cgjes-no-122016-disp-05102016\/","title":{"rendered":"PORTARIA CGJ\/ES N\u00ba 12\/2016 &#8211; DISP. 05\/10\/2016 &#8211; REVOGADA"},"content":{"rendered":"<p align=\"center\"><del><strong>ESTADO DO ESP\u00cdRITO SANTO<\/strong><\/del><\/p>\n<p align=\"center\"><del><strong>PODER JUDICI\u00c1RIO<\/strong><\/del><\/p>\n<p align=\"center\"><del><strong>CORREGEDORIA GERAL DA JUSTI\u00c7A<\/strong><\/del><\/p>\n<p align=\"center\"><del><strong>P O R T A R I A CGJ\/ES N.\u00ba <\/strong><strong>12<\/strong><strong>\/2016<\/strong><\/del><\/p>\n<p><del><em>Altera a composi\u00e7\u00e3o da Comiss\u00e3o Revisora do C\u00f3digo de Normas para o bi\u00eanio 2016\/2017.<\/em><\/del><\/p>\n<p align=\"justify\"><del>O <strong>Desembargador Ronaldo Gon\u00e7alves de Sousa<\/strong>, Corregedor-Geral da Justi\u00e7a do Estado do Esp\u00edrito Santo, no uso de suas atribui\u00e7\u00f5es legais e<\/del><\/p>\n<p align=\"justify\"><del><strong>Considerando<\/strong> que a Corregedoria-Geral da Justi\u00e7a \u00e9 \u00f3rg\u00e3o de fiscaliza\u00e7\u00e3o, disciplina e orienta\u00e7\u00e3o administrativa, com jurisdi\u00e7\u00e3o em todo o Estado, conforme art. 2\u00ba da Lei Complementar Estadual n\u00ba 83\/96 e art. 35 da Lei Complementar Estadual n\u00ba 234\/2002;<\/del><\/p>\n<p align=\"justify\"><del><strong>Considerando<\/strong> ser o C\u00f3digo de Normas a principal ferramenta de que disp\u00f5e a Corregedoria-Geral da Justi\u00e7a para uniformizar a orienta\u00e7\u00e3o administrativa do foro judicial e extrajudicial em todo o Estado, sendo imperioso e necess\u00e1rio o constante aprimoramento das diversas disposi\u00e7\u00f5es nele contidas;<\/del><\/p>\n<p align=\"justify\"><del><strong>Considerando<\/strong> a chamada para Revis\u00e3o Geral do C\u00f3digo de Normas, sendo realizada audi\u00eancia p\u00fablica e disponibilizado endere\u00e7o eletr\u00f4nico para o recebimento de propostas, com a consequente necessidade de prover a Comiss\u00e3o Revisora dos meios necess\u00e1rios para o in\u00edcio dos trabalhos;<\/del><\/p>\n<p align=\"justify\"><del><strong>RESOLVE:<\/strong><\/del><\/p>\n<p align=\"justify\"><del><strong>Art.\u00a01\u00ba<\/strong>. Recompor a Comiss\u00e3o Revisora do C\u00f3digo de Normas para o bi\u00eanio 2016\/2017, institu\u00edda pela <a href=\"https:\/\/www.tjes.jus.br\/corregedoria\/index.php\/2016\/10\/05\/portaria-cgjes-n-o-012016-disp-11012016\/\" target=\"_blank\" rel=\"noopener\">Portaria n\u00ba 01\/2016<\/a>, que contar\u00e1 com a seguinte composi\u00e7\u00e3o:<\/del><\/p>\n<p align=\"justify\"><del>I \u2013 Juiz Corregedor LEONARDO ALVARENGA DA FONSECA (Presidente);<\/del><\/p>\n<p align=\"justify\"><del>II \u2013 Juiz Corregedor J\u00daLIO C\u00c9SAR BABILON (Vice-Presidente);<\/del><\/p>\n<p align=\"justify\"><del>III \u2013 Juiz Corregedor LYRIO R\u00c9GIS DE SOUZA LYRIO (membro);<\/del><\/p>\n<p align=\"justify\"><del>IV \u2013 Juiz Corregedor GUSTAVO HENRIQUE PROC\u00d3PIO SILVA (membro);<\/del><\/p>\n<p align=\"justify\"><del>V \u2013 Assessor Jur\u00eddico EM\u00cdLIA COM\u00c9RIO GAVA (1\u00ba Secret\u00e1rio);<\/del><\/p>\n<p align=\"justify\"><del>VI \u2013 Analista Judici\u00e1rio \u2013 Sem Especialidade &#8211; HUDSON DE ANGELI FERREIRA (2\u00ba Secret\u00e1rio)<\/del><\/p>\n<p align=\"justify\"><del><strong>Art.\u00a02\u00ba\u00a0<\/strong>Esta portaria entrar\u00e1 em vigor na data da sua publica\u00e7\u00e3o.<\/del><\/p>\n<p align=\"center\"><del><strong>Publique-se. Registre-se. Cumpra-se.<\/strong><\/del><\/p>\n<p align=\"center\"><del>Vit\u00f3ria, 03 de outubro de 2016.<\/del><\/p>\n<p align=\"center\"><del><strong>Desembargador RONALDO GON\u00c7ALVES DE SOUSA<br \/>\n<\/strong><strong>Corregedor-Geral da Justi\u00e7a<\/strong><\/del><\/p>\n<h2 align=\"center\"><span style=\"color: #ff0000;\">REVOGADA PELA\u00a0<a href=\"https:\/\/www.tjes.jus.br\/corregedoria\/2018\/02\/01\/portaria-cgjes-no-012018-disp-01022018\/\" target=\"_blank\" rel=\"noopener\">PORTARIA CGJES N\u00ba 01\/2018<\/a> &#8211; DISP. 01\/02\/2018<\/span><\/h2>\n","protected":false},"excerpt":{"rendered":"<p>ESTADO DO ESP\u00cdRITO SANTO PODER JUDICI\u00c1RIO CORREGEDORIA GERAL DA JUSTI\u00c7A P O R T A R I A CGJ\/ES N.\u00ba 12\/2016 Altera a composi\u00e7\u00e3o da Comiss\u00e3o Revisora do C\u00f3digo de Normas para o bi\u00eanio 2016\/2017. O Desembargador Ronaldo Gon\u00e7alves de Sousa, Corregedor-Geral da Justi\u00e7a do Estado do Esp\u00edrito Santo, no uso de suas atribui\u00e7\u00f5es legais [&hellip;]<\/p>\n","protected":false},"author":3,"featured_media":0,"comment_status":"open","ping_status":"open","sticky":false,"template":"","format":"standard","meta":{"footnotes":""},"categories":[14,6],"tags":[],"_links":{"self":[{"href":"https:\/\/www.tjes.jus.br\/corregedoria\/wp-json\/wp\/v2\/posts\/7616"}],"collection":[{"href":"https:\/\/www.tjes.jus.br\/corregedoria\/wp-json\/wp\/v2\/posts"}],"about":[{"href":"https:\/\/www.tjes.jus.br\/corregedoria\/wp-json\/wp\/v2\/types\/post"}],"author":[{"embeddable":true,"href":"https:\/\/www.tjes.jus.br\/corregedoria\/wp-json\/wp\/v2\/users\/3"}],"replies":[{"embeddable":true,"href":"https:\/\/www.tjes.jus.br\/corregedoria\/wp-json\/wp\/v2\/comments?post=7616"}],"version-history":[{"count":6,"href":"https:\/\/www.tjes.jus.br\/corregedoria\/wp-json\/wp\/v2\/posts\/7616\/revisions"}],"predecessor-version":[{"id":22114,"href":"https:\/\/www.tjes.jus.br\/corregedoria\/wp-json\/wp\/v2\/posts\/7616\/revisions\/22114"}],"wp:attachment":[{"href":"https:\/\/www.tjes.jus.br\/corregedoria\/wp-json\/wp\/v2\/media?parent=7616"}],"wp:term":[{"taxonomy":"category","embeddable":true,"href":"https:\/\/www.tjes.jus.br\/corregedoria\/wp-json\/wp\/v2\/categories?post=7616"},{"taxonomy":"post_tag","embeddable":true,"href":"https:\/\/www.tjes.jus.br\/corregedoria\/wp-json\/wp\/v2\/tags?post=7616"}],"curies":[{"name":"wp","href":"https:\/\/api.w.org\/{rel}","templated":true}]}}