{"id":7816,"date":"2016-10-07T13:07:10","date_gmt":"2016-10-07T16:07:10","guid":{"rendered":"https:\/\/www.tjes.jus.br\/corregedoria\/?p=7816"},"modified":"2017-09-14T14:38:22","modified_gmt":"2017-09-14T17:38:22","slug":"provimento-no-512013-disp-14102013","status":"publish","type":"post","link":"https:\/\/www.tjes.jus.br\/corregedoria\/2016\/10\/07\/provimento-no-512013-disp-14102013\/","title":{"rendered":"PROVIMENTO N\u00ba 51\/2013 &#8211; DISP. 14\/10\/2013"},"content":{"rendered":"<p style=\"text-align: center;\"><strong>ESTADO DO ESP\u00cdRITO SANTO<\/strong><\/p>\n<p style=\"text-align: center;\"><strong>PODER JUDICI\u00c1RIO<\/strong><\/p>\n<p style=\"text-align: center;\"><strong>CORREGEDORIA-GERAL DA JUSTI\u00c7A<\/strong><\/p>\n<p style=\"text-align: center;\"><strong>PROVIMENTO N\u00ba 51\/2013<\/strong><\/p>\n<p style=\"text-align: justify;\"><em>Disp\u00f5e acerca da altera\u00e7\u00e3o do Art. 547 do C\u00f3digo de Normas da Egr\u00e9gia Corregedoria Geral do Estado do Esp\u00edrito Santo, com o fito de operacionalizar a execu\u00e7\u00e3o e controle das receitas destinadas Fundo Especial do Minist\u00e9rio P\u00fablico do Estado do Esp\u00edrito Santo \u2013 FUNEMP.<\/em><\/p>\n<p style=\"text-align: justify;\">O Desembargador CARLOS HENRIQUE RIOS DO AMARAL, Corregedor-Geral da Justi\u00e7a do Estado do Esp\u00edrito Santo, no uso de suas atribui\u00e7\u00f5es legais e,<\/p>\n<p style=\"text-align: justify;\"><strong>CONSIDERANDO<\/strong> ser a Corregedoria Geral da Justi\u00e7a \u00f3rg\u00e3o de fiscaliza\u00e7\u00e3o, disciplina e orienta\u00e7\u00e3o administrativa, com jurisdi\u00e7\u00e3o em todo o Estado do Esp\u00edrito Santo, conforme disposto no at. 2\u00ba da Lei Complementar estadual n.\u00ba 83\/96 e no art. 35 da Lei Complementar Estadual n\u00ba 234\/02;<\/p>\n<p style=\"text-align: justify;\"><strong>CONSIDERANDO<\/strong> a expressa previs\u00e3o legal contida na Lei Complementar n\u00ba 682, que atribui \u00e0 Corregedoria Geral da Justi\u00e7a a regulamenta\u00e7\u00e3o da exig\u00eancia do Fundo Especial do Minist\u00e9rio P\u00fablico do Estado do Esp\u00edrito Santo \u2013 FUNEMP.<\/p>\n<p style=\"text-align: justify;\"><strong>RESOLVE:<\/strong><\/p>\n<p style=\"text-align: justify;\"><strong>Art. 1\u00ba. ALTERAR<\/strong> o art. 547 do C\u00f3digo de Normas desta Eg. Corregedoria Geral da Justi\u00e7a, que ter\u00e1 a seguinte reda\u00e7\u00e3o:<\/p>\n<p style=\"text-align: justify; padding-left: 30px;\"><strong>Art. 547.<\/strong> Compete ao delegat\u00e1rio titular, interino ou interventor dos servi\u00e7os extrajudiciais o dever de repassar as taxas, do FARPEN (FUNDO DE APOIO AO REGISTRO DE PESSOAS NATURAIS), do FUNEPJ (FUNDO ESPECIAL DO PODER JUDICI\u00c1RIO DO ESTADO DO ESP\u00cdRITO SANTO), do FADESPES (FUNDO DE APARELHAMENTO DA DEFENSORIA P\u00daBLICA) e do FUNEMP (FUNDO ESPECIAL DO MINIST\u00c9RIO P\u00daBLICO DO ESTADO DO ESP\u00cdRITO SANTO), pagas pelos usu\u00e1rios do servi\u00e7o Notarial e de Registro, at\u00e9 o dia 10 (dez) do m\u00eas subseq\u00fcente, mediante comprova\u00e7\u00e3o perante \u00e0 Corregedoria Geral da Justi\u00e7a.<br \/>\n<strong>\u00a7 1\u00ba<\/strong> Assim como o delegat\u00e1rio titular, o interventor ou o delegat\u00e1rio interino do Servi\u00e7o Notarial ou de Registro \u00e9 respons\u00e1vel tribut\u00e1rio pessoal em rela\u00e7\u00e3o \u00e0 receita n\u00e3o recolhida aos cofres p\u00fablicos.<br \/>\n<strong>\u00a7 2\u00ba<\/strong> O delegat\u00e1rio titular do Servi\u00e7o Notarial ou de Registro que recolhe as taxas e n\u00e3o procede ao repasse ao FARPEN, FUNEPJ, FADESPES e do FUNEMP, estar\u00e1 sujeito \u00e0s san\u00e7\u00f5es administrativas e penais previstas em lei.<br \/>\n<strong>\u00a7 3\u00ba<\/strong> O interventor ou o delegat\u00e1rio interino que recolhe as taxas e n\u00e3o procede ao repasse do FARPEN, FUNEPJ, FADESPES e do FUNEMP incorre na perda de confian\u00e7a da Administra\u00e7\u00e3o em sua interinidade, aplicando-se o disposto no art. 14,\u00a7 2\u00ba, do <a href=\"https:\/\/www.tjes.jus.br\/corregedoria\/2016\/10\/07\/provimento-no-372013-disp-25042013\/\" target=\"_blank\" rel=\"noopener\">Provimento n\u00ba 37\/2013<\/a>, sem preju\u00edzo das san\u00e7\u00f5es penais.<\/p>\n<p style=\"text-align: justify;\"><strong>Art. 2\u00ba.<\/strong> Este provimento entrar\u00e1 em vigor na data de sua publica\u00e7\u00e3o, produzindo seus efeitos a partir do dia 1\u00ba de janeiro de 2014.<\/p>\n<p style=\"text-align: justify;\"><strong>Publique-se. Cumpra-se.<\/strong><\/p>\n<p style=\"text-align: justify;\">Vit\u00f3ria, 10 de outubro de 2013.<\/p>\n<p style=\"text-align: center;\"><strong>DES. CARLOS HENRIQUE RIOS DO AMARAL<\/strong><br \/>\n<strong>Corregedor-Geral da Justi\u00e7a<\/strong><\/p>\n","protected":false},"excerpt":{"rendered":"<p>ESTADO DO ESP\u00cdRITO SANTO PODER JUDICI\u00c1RIO CORREGEDORIA-GERAL DA JUSTI\u00c7A PROVIMENTO N\u00ba 51\/2013 Disp\u00f5e acerca da altera\u00e7\u00e3o do Art. 547 do C\u00f3digo de Normas da Egr\u00e9gia Corregedoria Geral do Estado do Esp\u00edrito Santo, com o fito de operacionalizar a execu\u00e7\u00e3o e controle das receitas destinadas Fundo Especial do Minist\u00e9rio P\u00fablico do Estado do Esp\u00edrito Santo \u2013 [&hellip;]<\/p>\n","protected":false},"author":3,"featured_media":0,"comment_status":"open","ping_status":"open","sticky":false,"template":"","format":"standard","meta":{"footnotes":""},"categories":[14,16],"tags":[],"_links":{"self":[{"href":"https:\/\/www.tjes.jus.br\/corregedoria\/wp-json\/wp\/v2\/posts\/7816"}],"collection":[{"href":"https:\/\/www.tjes.jus.br\/corregedoria\/wp-json\/wp\/v2\/posts"}],"about":[{"href":"https:\/\/www.tjes.jus.br\/corregedoria\/wp-json\/wp\/v2\/types\/post"}],"author":[{"embeddable":true,"href":"https:\/\/www.tjes.jus.br\/corregedoria\/wp-json\/wp\/v2\/users\/3"}],"replies":[{"embeddable":true,"href":"https:\/\/www.tjes.jus.br\/corregedoria\/wp-json\/wp\/v2\/comments?post=7816"}],"version-history":[{"count":5,"href":"https:\/\/www.tjes.jus.br\/corregedoria\/wp-json\/wp\/v2\/posts\/7816\/revisions"}],"predecessor-version":[{"id":18556,"href":"https:\/\/www.tjes.jus.br\/corregedoria\/wp-json\/wp\/v2\/posts\/7816\/revisions\/18556"}],"wp:attachment":[{"href":"https:\/\/www.tjes.jus.br\/corregedoria\/wp-json\/wp\/v2\/media?parent=7816"}],"wp:term":[{"taxonomy":"category","embeddable":true,"href":"https:\/\/www.tjes.jus.br\/corregedoria\/wp-json\/wp\/v2\/categories?post=7816"},{"taxonomy":"post_tag","embeddable":true,"href":"https:\/\/www.tjes.jus.br\/corregedoria\/wp-json\/wp\/v2\/tags?post=7816"}],"curies":[{"name":"wp","href":"https:\/\/api.w.org\/{rel}","templated":true}]}}