{"id":7819,"date":"2016-10-07T13:11:27","date_gmt":"2016-10-07T16:11:27","guid":{"rendered":"https:\/\/www.tjes.jus.br\/corregedoria\/?p=7819"},"modified":"2017-11-20T16:59:58","modified_gmt":"2017-11-20T18:59:58","slug":"provimento-no-502013-disp-14102013","status":"publish","type":"post","link":"https:\/\/www.tjes.jus.br\/corregedoria\/2016\/10\/07\/provimento-no-502013-disp-14102013\/","title":{"rendered":"PROVIMENTO N\u00ba 50\/2013 &#8211; DISP. 14\/10\/2013"},"content":{"rendered":"<p style=\"text-align: center;\"><strong>ESTADO DO ESPIRITO SANTO<\/strong><\/p>\n<p style=\"text-align: center;\"><strong>PODER JUDICI\u00c1RIO<\/strong><\/p>\n<p style=\"text-align: center;\"><strong>CORREGEDORIA-GERAL DA JUSTI\u00c7A<\/strong><\/p>\n<p style=\"text-align: center;\"><strong>PROVIMENTO N\u00ba 50\/2013<\/strong><\/p>\n<p style=\"text-align: justify;\"><em>Inclui e altera, para implementa\u00e7\u00e3o do FUNDO ESPECIAL DO MINIST\u00c9RIO P\u00daBLICO DO ESTADO DO ESP\u00cdRITO SANTO &#8211; FUNEMP, dispositivos que regulamentam a utiliza\u00e7\u00e3o do Selo Digital de Fiscaliza\u00e7\u00e3o dos Servi\u00e7os Notariais e de Registro no Estado do Esp\u00edrito Santo.<\/em><\/p>\n<p style=\"text-align: justify;\">O Desembargador<strong> CARLOS HENRIQUE RIOS DO AMARAL<\/strong>, Corregedor-Geral da Justi\u00e7a do Estado do Esp\u00edrito Santo, no uso de suas atribui\u00e7\u00f5es legais e,<\/p>\n<p style=\"text-align: justify;\"><strong>CONSIDERANDO<\/strong> ser a Corregedoria Geral da Justi\u00e7a \u00f3rg\u00e3o de fiscaliza\u00e7\u00e3o, disciplina e orienta\u00e7\u00e3o administrativa, com jurisdi\u00e7\u00e3o em todo o Estado do Esp\u00edrito Santo, conforme disposto no at. 2\u00ba da Lei Complementar estadual n.\u00ba 83\/96 e no art. 35 da Lei Complementar Estadual n\u00ba 234\/02;<\/p>\n<p style=\"text-align: justify;\"><strong>CONSIDERANDO<\/strong> a expressa previs\u00e3o legal contida na Lei Complementar n\u00ba 682, que atribui \u00e0 Corregedoria Geral da Justi\u00e7a a regulamenta\u00e7\u00e3o da exig\u00eancia do Fundo Especial do Minist\u00e9rio P\u00fablico do Estado do Esp\u00edrito Santo \u2013 FUNEMP.<\/p>\n<p style=\"text-align: justify;\"><strong>RESOLVE:<\/strong><\/p>\n<p style=\"text-align: justify;\"><strong>Art. 1\u00ba.<\/strong> Incluir o campo valor_funemp no layout XML, destinado a informa\u00e7\u00e3o sobre o recolhimento da receita de 5% sobre os emolumentos dos atos praticados pelos Servi\u00e7os Notariais e de Registro.<\/p>\n<p style=\"text-align: justify;\"><strong>\u00a71\u00ba<\/strong> O campo &lt;valor_funemp&gt; ser\u00e1 obrigat\u00f3rio a partir de 01\/01\/2014.<\/p>\n<p style=\"text-align: justify;\"><strong>\u00a72\u00ba<\/strong> O detalhamento t\u00e9cnico est\u00e1 descrito no Dicion\u00e1rio XML dispon\u00edvel no Portal P\u00fablico do Selo Digital, no endere\u00e7o www.cgj.es.gov.br\/selodigital.<\/p>\n<p style=\"text-align: justify;\"><strong>Art. 2\u00ba.<\/strong> As guias do FUNEMP ser\u00e3o geradas automaticamente como resultado do faturamento mensal e estar\u00e3o dispon\u00edveis no Portal do Selo Digital, na op\u00e7\u00e3o \u201cReimpress\u00e3o de Guias de Pagamentos\u201d.<\/p>\n<p style=\"text-align: justify;\"><strong>\u00a71\u00ba<\/strong> O resultado do faturamento mensal e as guias estar\u00e3o dispon\u00edveis a partir do dia 06 (seis) de cada m\u00eas.<\/p>\n<p style=\"text-align: justify;\"><strong>\u00a72\u00ba<\/strong> O pagamento das guias dever\u00e1 ser realizado at\u00e9 o dia 10 (dez) de cada m\u00eas.<\/p>\n<p style=\"text-align: justify;\"><strong>\u00a73\u00ba<\/strong> O n\u00e3o pagamento das guias no prazo estipulado no par\u00e1grafo anterior importar\u00e1, sem preju\u00edzo da infra\u00e7\u00e3o funcional consumada pelo delegat\u00e1rio, na inviabilidade da aquisi\u00e7\u00e3o de novos lotes do Selo Digital pelo Servi\u00e7o inadimplente.<\/p>\n<p style=\"text-align: justify;\"><strong>Art. 3\u00ba.<\/strong> Este provimento entrar\u00e1 em vigor na data de sua publica\u00e7\u00e3o, produzindo seus efeitos a partir do dia 1\u00ba de janeiro de 2014.<\/p>\n<p style=\"text-align: justify;\">Publique-se. Cumpra-se.<\/p>\n<p style=\"text-align: justify;\">Vit\u00f3ria, 10 de outubro de 2013.<\/p>\n<p style=\"text-align: center;\"><strong>DES. CARLOS HENRIQUE RIOS DO AMARAL<\/strong><br \/>\n<strong>Corregedor-Geral da Justi\u00e7a<\/strong><\/p>\n","protected":false},"excerpt":{"rendered":"<p>ESTADO DO ESPIRITO SANTO PODER JUDICI\u00c1RIO CORREGEDORIA-GERAL DA JUSTI\u00c7A PROVIMENTO N\u00ba 50\/2013 Inclui e altera, para implementa\u00e7\u00e3o do FUNDO ESPECIAL DO MINIST\u00c9RIO P\u00daBLICO DO ESTADO DO ESP\u00cdRITO SANTO &#8211; FUNEMP, dispositivos que regulamentam a utiliza\u00e7\u00e3o do Selo Digital de Fiscaliza\u00e7\u00e3o dos Servi\u00e7os Notariais e de Registro no Estado do Esp\u00edrito Santo. O Desembargador CARLOS HENRIQUE [&hellip;]<\/p>\n","protected":false},"author":3,"featured_media":0,"comment_status":"open","ping_status":"open","sticky":false,"template":"","format":"standard","meta":{"footnotes":""},"categories":[14,16],"tags":[],"_links":{"self":[{"href":"https:\/\/www.tjes.jus.br\/corregedoria\/wp-json\/wp\/v2\/posts\/7819"}],"collection":[{"href":"https:\/\/www.tjes.jus.br\/corregedoria\/wp-json\/wp\/v2\/posts"}],"about":[{"href":"https:\/\/www.tjes.jus.br\/corregedoria\/wp-json\/wp\/v2\/types\/post"}],"author":[{"embeddable":true,"href":"https:\/\/www.tjes.jus.br\/corregedoria\/wp-json\/wp\/v2\/users\/3"}],"replies":[{"embeddable":true,"href":"https:\/\/www.tjes.jus.br\/corregedoria\/wp-json\/wp\/v2\/comments?post=7819"}],"version-history":[{"count":4,"href":"https:\/\/www.tjes.jus.br\/corregedoria\/wp-json\/wp\/v2\/posts\/7819\/revisions"}],"predecessor-version":[{"id":21115,"href":"https:\/\/www.tjes.jus.br\/corregedoria\/wp-json\/wp\/v2\/posts\/7819\/revisions\/21115"}],"wp:attachment":[{"href":"https:\/\/www.tjes.jus.br\/corregedoria\/wp-json\/wp\/v2\/media?parent=7819"}],"wp:term":[{"taxonomy":"category","embeddable":true,"href":"https:\/\/www.tjes.jus.br\/corregedoria\/wp-json\/wp\/v2\/categories?post=7819"},{"taxonomy":"post_tag","embeddable":true,"href":"https:\/\/www.tjes.jus.br\/corregedoria\/wp-json\/wp\/v2\/tags?post=7819"}],"curies":[{"name":"wp","href":"https:\/\/api.w.org\/{rel}","templated":true}]}}