{"id":7833,"date":"2016-10-07T14:15:32","date_gmt":"2016-10-07T17:15:32","guid":{"rendered":"https:\/\/www.tjes.jus.br\/corregedoria\/?p=7833"},"modified":"2017-09-14T14:28:43","modified_gmt":"2017-09-14T17:28:43","slug":"provimento-no-432013-disp-05072013","status":"publish","type":"post","link":"https:\/\/www.tjes.jus.br\/corregedoria\/2016\/10\/07\/provimento-no-432013-disp-05072013\/","title":{"rendered":"PROVIMENTO N\u00ba 43\/2013 &#8211; DISP. 05\/07\/2013"},"content":{"rendered":"<p style=\"text-align: center;\"><strong>ESTADO DO ESP\u00cdRITO SANTO<\/strong><\/p>\n<p style=\"text-align: center;\"><strong>PODER JUDICI\u00c1RIO<\/strong><\/p>\n<p style=\"text-align: center;\"><strong>CORREGEDORIA GERAL DA JUSTI\u00c7A<\/strong><\/p>\n<p style=\"text-align: center;\"><strong>PROVIMENTO N\u00ba 43\/2013<\/strong><\/p>\n<p style=\"text-align: justify;\"><em>Inclui os par\u00e1grafos 1\u00ba e 2\u00ba no artigo 758 do C\u00f3digo de Normas da Corregedoria Geral da Justi\u00e7a.<\/em><\/p>\n<p style=\"text-align: justify;\"><strong>O DES. CARLOS HENRIQUE RIOS DO AMARAL<\/strong>, Corregedor-Geral da Justi\u00e7a, no uso de suas atribui\u00e7\u00f5es e,<\/p>\n<p style=\"text-align: justify;\"><strong>CONSIDERANDO<\/strong> que a Egr\u00e9gia Corregedoria Geral da Justi\u00e7a \u00e9 \u00f3rg\u00e3o de fiscaliza\u00e7\u00e3o, disciplina e orienta\u00e7\u00e3o administrativa do foro judicial e extrajudicial, com jurisdi\u00e7\u00e3o em todo o Estado, conforme artigo 35 da Lei Complementar Estadual n\u00ba 234\/02;<\/p>\n<p style=\"text-align: justify;\"><strong>CONSIDERANDO<\/strong> que o C\u00f3digo de Normas da Eg. Corregedoria Geral da Justi\u00e7a (Provimento n.\u00ba 029\/2009, publicado no DJES do dia 16\/12\/2009) \u00e9 a principal ferramenta de que disp\u00f5e este \u00f3rg\u00e3o censor para o desempenho de sua miss\u00e3o institucional orientadora;<\/p>\n<p style=\"text-align: justify;\"><strong>CONSIDERANDO<\/strong> que o artigo 4\u00ba da Lei Federal n\u00ba 8.935\/94 disp\u00f5e que os servi\u00e7os notariais e de registro ser\u00e3o prestados de modo eficiente , adequado e com seguran\u00e7a para o arquivamento de livros e documentos, e tamb\u00e9m que o artigo 2\u00ba da lei 9.492\/97 determina especificamente que os servi\u00e7os concernentes ao protesto devem garantir autenticidade, publicidade, seguran\u00e7a e efic\u00e1cia aos atos jur\u00eddicos;<\/p>\n<p style=\"text-align: justify;\"><strong>CONSIDERANDO<\/strong> os esfor\u00e7os da Administra\u00e7\u00e3o P\u00fablica, em todos os n\u00edveis, para aperfei\u00e7oar a presta\u00e7\u00e3o de servi\u00e7os a Cidadania por meio da informatiza\u00e7\u00e3o e uso de meios eletr\u00f4nicos, a exemplo das determina\u00e7\u00f5es visando \u00e0 informatiza\u00e7\u00e3o dos processos judiciais prevista na Lei 11.419\/06;<\/p>\n<p style=\"text-align: justify;\"><strong>CONSIDERANDO<\/strong> que o artigo 373 do C\u00f3digo de Normas permite a virtualiza\u00e7\u00e3o, no \u00e2mbito da Corregedoria Geral da Justi\u00e7a, dos procedimentos administrativos em geral, nos termos da referida Lei 11.419\/06;<\/p>\n<p style=\"text-align: justify;\"><strong>CONSIDERANDO<\/strong> que a desmaterializa\u00e7\u00e3o de determinados t\u00edtulos de cr\u00e9dito, bem como dos instrumentos administrativos que permitem sua indica\u00e7\u00e3o, atende \u00e0s exig\u00eancias crescentes do uso de meios eletr\u00f4nicos para conferir celeridade e seguran\u00e7a aos atos de gest\u00e3o dos interesses jur\u00eddicos;<\/p>\n<p style=\"text-align: justify;\"><strong>CONSIDERANDO<\/strong> a adequada interpreta\u00e7\u00e3o sistem\u00e1tica do conte\u00fado normativo das Leis 5.474\/68, 9.492\/97 e 10.931\/04, que admitem o protesto, por indica\u00e7\u00e3o do apresentante, de c\u00e9dulas de cr\u00e9dito banc\u00e1rio e de duplicatas, estas \u00faltimas mediante meio eletr\u00f4nico e,<\/p>\n<p style=\"text-align: justify;\"><strong>CONSIDERANDO,<\/strong> por fim, o decidido no expediente CGJ n\u00ba 2012.00.960.815;<\/p>\n<p style=\"text-align: justify;\"><strong>RESOLVE:<\/strong><\/p>\n<p style=\"text-align: justify;\"><strong>Art. 1\u00ba. ACRESCENTAR<\/strong> ao artigo 758 do C\u00f3digo de Normas desta Corregedoria Geral da Justi\u00e7a os par\u00e1grafos 1\u00ba e 2\u00ba, que ter\u00e3o a seguinte reda\u00e7\u00e3o:<\/p>\n<p style=\"text-align: justify; padding-left: 30px;\"><strong>Art. 758.<\/strong> (&#8230;)<br \/>\n<strong>\u00a7 1\u00ba.<\/strong> A apresenta\u00e7\u00e3o para protesto dos documentos de d\u00edvida a que se refere o caput deste artigo poder\u00e1 ser efetuada por meio de c\u00f3pia eletr\u00f4nica, mediante arquivo de remessa assinado digitalmente pelo apresentante, quando se tratar de letras de c\u00e2mbio, notas promiss\u00f3rias e demais t\u00edtulos a elas equiparados, inclusive c\u00e9dulas de cr\u00e9dito banc\u00e1rio e contratos de c\u00e2mbio, sendo atribui\u00e7\u00e3o do Tabeli\u00e3o de Protesto a sua instrumentaliza\u00e7\u00e3o em meio f\u00edsico (papel), se necess\u00e1rio.<br \/>\n<strong>\u00a7 2\u00ba.<\/strong> A digitaliza\u00e7\u00e3o e o arquivamento eletr\u00f4nico dos documentos de d\u00edvida protestados ser\u00e3o promovidos pelo Tabeli\u00e3o de Protesto e substituir\u00e3o a reprodu\u00e7\u00e3o ou a transcri\u00e7\u00e3o do documento exigida pelo artigo 22, III, da Lei Federal 9492\/97.<\/p>\n<p style=\"text-align: justify;\"><strong>Art. 2\u00ba.<\/strong> Este provimento entrar\u00e1 em vigor 30 (trinta) dias ap\u00f3s a data de sua publica\u00e7\u00e3o.<\/p>\n<p style=\"text-align: justify;\"><strong>Publique-se. Registre-se. Cumpra-se.<\/strong><\/p>\n<p style=\"text-align: justify;\">Vit\u00f3ria, 26 de junho de 2013.<\/p>\n<p style=\"text-align: center;\"><strong>DES. CARLOS HENRIQUE RIOS DO AMARAL<\/strong><br \/>\n<strong>Corregedor-Geral da Justi\u00e7a<\/strong><\/p>\n","protected":false},"excerpt":{"rendered":"<p>ESTADO DO ESP\u00cdRITO SANTO PODER JUDICI\u00c1RIO CORREGEDORIA GERAL DA JUSTI\u00c7A PROVIMENTO N\u00ba 43\/2013 Inclui os par\u00e1grafos 1\u00ba e 2\u00ba no artigo 758 do C\u00f3digo de Normas da Corregedoria Geral da Justi\u00e7a. O DES. CARLOS HENRIQUE RIOS DO AMARAL, Corregedor-Geral da Justi\u00e7a, no uso de suas atribui\u00e7\u00f5es e, CONSIDERANDO que a Egr\u00e9gia Corregedoria Geral da Justi\u00e7a [&hellip;]<\/p>\n","protected":false},"author":3,"featured_media":0,"comment_status":"open","ping_status":"open","sticky":false,"template":"","format":"standard","meta":{"footnotes":""},"categories":[14,16],"tags":[],"_links":{"self":[{"href":"https:\/\/www.tjes.jus.br\/corregedoria\/wp-json\/wp\/v2\/posts\/7833"}],"collection":[{"href":"https:\/\/www.tjes.jus.br\/corregedoria\/wp-json\/wp\/v2\/posts"}],"about":[{"href":"https:\/\/www.tjes.jus.br\/corregedoria\/wp-json\/wp\/v2\/types\/post"}],"author":[{"embeddable":true,"href":"https:\/\/www.tjes.jus.br\/corregedoria\/wp-json\/wp\/v2\/users\/3"}],"replies":[{"embeddable":true,"href":"https:\/\/www.tjes.jus.br\/corregedoria\/wp-json\/wp\/v2\/comments?post=7833"}],"version-history":[{"count":3,"href":"https:\/\/www.tjes.jus.br\/corregedoria\/wp-json\/wp\/v2\/posts\/7833\/revisions"}],"predecessor-version":[{"id":18551,"href":"https:\/\/www.tjes.jus.br\/corregedoria\/wp-json\/wp\/v2\/posts\/7833\/revisions\/18551"}],"wp:attachment":[{"href":"https:\/\/www.tjes.jus.br\/corregedoria\/wp-json\/wp\/v2\/media?parent=7833"}],"wp:term":[{"taxonomy":"category","embeddable":true,"href":"https:\/\/www.tjes.jus.br\/corregedoria\/wp-json\/wp\/v2\/categories?post=7833"},{"taxonomy":"post_tag","embeddable":true,"href":"https:\/\/www.tjes.jus.br\/corregedoria\/wp-json\/wp\/v2\/tags?post=7833"}],"curies":[{"name":"wp","href":"https:\/\/api.w.org\/{rel}","templated":true}]}}