{"id":7858,"date":"2016-10-07T17:15:32","date_gmt":"2016-10-07T20:15:32","guid":{"rendered":"https:\/\/www.tjes.jus.br\/corregedoria\/?p=7858"},"modified":"2021-04-28T15:46:35","modified_gmt":"2021-04-28T18:46:35","slug":"provimento-no-342013-disp-08032013","status":"publish","type":"post","link":"https:\/\/www.tjes.jus.br\/corregedoria\/2016\/10\/07\/provimento-no-342013-disp-08032013\/","title":{"rendered":"PROVIMENTO N\u00ba 34\/2013 &#8211; DISP. 08\/03\/2013 &#8211; REPUBLICA\u00c7\u00c3O &#8211; REVOGADO"},"content":{"rendered":"<h2 style=\"text-align: center;\"><strong><span style=\"color: #ff0000;\">REVOGADO PELO\u00a0<a href=\"https:\/\/www.tjes.jus.br\/corregedoria\/2020\/02\/20\/provimento-no-03-2019-disp-19-02-2020-republicacao\/\">PROVIMENTO CGJES N\u00ba 03\/2020<\/a> \u2013 DISP. 19\/02\/2020<\/span><\/strong><\/h2>\n<p>&nbsp;<\/p>\n<p style=\"text-align: center;\"><del><strong>ESTADO DO ESPIRITO SANTO<\/strong><\/del><\/p>\n<p style=\"text-align: center;\"><del><strong>PODER JUDICI\u00c1RIO<\/strong><\/del><\/p>\n<p style=\"text-align: center;\"><del><strong>CORREGEDORIA-GERAL DA JUSTI\u00c7A<\/strong><\/del><\/p>\n<p style=\"text-align: center;\"><del><strong>PROVIMENTO N\u00ba 34\/2013*<\/strong><\/del><\/p>\n<p style=\"text-align: justify;\"><del><em>Inclui o artigo 127-A no C\u00f3digo de Normas da Corregedoria Geral da Justi\u00e7a.<\/em><\/del><\/p>\n<p style=\"text-align: justify;\"><del>O Desembargador CARLOS HENRIQUE RIOS DO AMARAL, Corregedor-Geral da Justi\u00e7a do Estado do Esp\u00edrito Santo, no uso de suas atribui\u00e7\u00f5es legais e,<\/del><\/p>\n<p style=\"text-align: justify;\"><del><strong>CONSIDERANDO<\/strong> ser a Corregedoria Geral da Justi\u00e7a \u00f3rg\u00e3o de fiscaliza\u00e7\u00e3o, disciplina e orienta\u00e7\u00e3o administrativa, com jurisdi\u00e7\u00e3o em todo o Estado do Esp\u00edrito Santo, conforme disposto no at. 2\u00ba da Lei Complementar estadual n.\u00ba 83\/96 e no art. 35 da Lei Complementar Estadual n\u00ba 234\/02;<\/del><\/p>\n<p style=\"text-align: justify;\"><del><strong>CONSIDERANDO<\/strong> edi\u00e7\u00e3o do <a href=\"https:\/\/www.tjes.jus.br\/corregedoria\/wp-content\/uploads\/2016\/06\/Provimento_40-2011.pdf\" target=\"_blank\" rel=\"noopener\">Provimento N\u00ba 40\/2011<\/a>, que autoriza e disciplina a implanta\u00e7\u00e3o do Selo Digital dos Servi\u00e7os Notariais e de Registro no Estado do Esp\u00edrito Santo;<\/del><\/p>\n<p style=\"text-align: justify;\"><del><strong>RESOLVE:<\/strong><\/del><\/p>\n<p style=\"text-align: justify;\"><del><strong>Art. 1\u00ba. INSERIR o art. 127-A<\/strong>, no C\u00f3digo de Normas desta Corregedoria Geral da Justi\u00e7a do Estado do Esp\u00edrito Santo, com a seguinte reda\u00e7\u00e3o:<\/del><\/p>\n<p style=\"padding-left: 30px; text-align: justify;\"><del><strong>Art. 127-A.<\/strong> Nos casos de cancelamento ou retifica\u00e7\u00e3o de selo digital, cumpre ao Fundo Especial do Poder Judici\u00e1rio \u2013 FUNEPJ proceder \u00e0 restitui\u00e7\u00e3o do valor arrecadado indevidamente, a requerimento da serventia respons\u00e1vel pelo cancelamento ou retifica\u00e7\u00e3o.<\/del><br \/>\n<del><strong>1\u00ba<\/strong> O pedido de restitui\u00e7\u00e3o de que trata este artigo ser\u00e1 iniciado pela serventia por meio do Portal do Selo Digital, no Menu Principal. Esse procedimento gerar\u00e1 um n\u00famero de Protocolo de Restitui\u00e7\u00e3o e um Relat\u00f3rio de Selos Cancelados ou Selos Retificados, que dever\u00e1 ser anexado ao requerimento (Anexo 01).<\/del><br \/>\n<del><strong>2\u00ba<\/strong> O requerimento dever\u00e1 ser dirigido \u00e0 Secretaria de Finan\u00e7as e Execu\u00e7\u00e3o Or\u00e7ament\u00e1ria do Tribunal de Justi\u00e7a\/ES e apresentado no Protocolo Geral do TJES, instru\u00eddo da seguinte forma:<\/del><br \/>\n<del><strong>I \u2013<\/strong> nome da serventia;<\/del><br \/>\n<del><strong>II \u2013<\/strong> c\u00f3digo da serventia conforme apresentado nas guias de recolhimento;<\/del><br \/>\n<del><strong>III \u2013<\/strong> nome do titular, interventor ou delegat\u00e1rio;<\/del><br \/>\n<del><strong>IV \u2013<\/strong> n\u00famero do ato de nomea\u00e7\u00e3o;<\/del><br \/>\n<del><strong>V \u2013<\/strong> n\u00famero do protocolo de restitui\u00e7\u00e3o de que trata o \u00a71\u00ba desse artigo;<\/del><br \/>\n<del><strong>VI \u2013<\/strong> relat\u00f3rio dos selos cancelados ou retificados de que trata o \u00a71\u00ba desse artigo;<\/del><br \/>\n<del><strong>VII \u2013<\/strong> valor do pedido de restitui\u00e7\u00e3o de acordo com o tipo da receita;<\/del><br \/>\n<del><strong>VIII \u2013<\/strong> especifica\u00e7\u00e3o da conta banc\u00e1ria do benefici\u00e1rio, com nome do banco, nome do correntista, n\u00famero da conta, n\u00famero da ag\u00eancia e CPF;<\/del><br \/>\n<del><strong>IX &#8211;<\/strong> telefone, e-mail e endere\u00e7o de contato.<\/del><br \/>\n<del><strong>3\u00ba<\/strong> O N\u00facleo de Controle de Fundos da Assessoria de Planejamento e Fiscaliza\u00e7\u00e3o das Serventias Judiciais e Extrajudiciais da Corregedoria Geral da Justi\u00e7a, ap\u00f3s an\u00e1lise do requerimento, proceder\u00e1 da seguinte forma:<\/del><br \/>\n<del><strong>I \u2013<\/strong> oficiar, quando necess\u00e1rio, aos fundos conveniados ao Poder Judici\u00e1rio do Estado do Esp\u00edrito Santo, para efetuarem o ressarcimento ao FUNEPJ, das receitas origin\u00e1rias pelo atos praticados no selo cancelado ou retificado.<\/del><br \/>\n<del><strong>II &#8211;<\/strong> emitir parecer conclusivo, retornando os autos \u00e0 Secretaria de Finan\u00e7as e Execu\u00e7\u00e3o Or\u00e7ament\u00e1ria do Tribunal de Justi\u00e7a\/ES, o qual dar\u00e1 ci\u00eancia ao interessado, realizando a restitui\u00e7\u00e3o, se for o caso.<\/del><\/p>\n<p style=\"text-align: justify;\"><del><strong>Art. 2\u00ba.<\/strong> Este Provimento entrar\u00e1 em vigor na data de sua publica\u00e7\u00e3o e o pedido de restitui\u00e7\u00e3o nos moldes do \u00a71\u00ba, do art. 127-A, a partir de 1\u00ba\/04\/2013.<\/del><\/p>\n<p style=\"text-align: justify;\"><del>Publique-se. Cumpra-se.<\/del><\/p>\n<p style=\"text-align: justify;\"><del>Vit\u00f3ria, 04 de mar\u00e7o de 2013.<\/del><\/p>\n<p style=\"text-align: center;\"><del><strong>DES. CARLOS HENRIQUE RIOS DO AMARAL<\/strong><\/del><br \/>\n<del><strong>Corregedor-Geral da Justi\u00e7a<\/strong><\/del><\/p>\n<h2 style=\"text-align: center;\"><del><span style=\"color: #ff0000;\">*REPUBLICADO POR TER SIDO REDIGIDO COM INCORRE\u00c7\u00c3O<\/span><\/del><\/h2>\n<h3 style=\"text-align: center;\"><del><a href=\"https:\/\/www.tjes.jus.br\/corregedoria\/wp-content\/uploads\/2016\/10\/Provimento_34-2013-Anexo.pdf\">Anexo I &#8211; Requerimento de Restitui\u00e7\u00e3o de FUNEPJ e OUTROS<\/a><\/del><\/h3>\n","protected":false},"excerpt":{"rendered":"<p>REVOGADO PELO\u00a0PROVIMENTO CGJES N\u00ba 03\/2020 \u2013 DISP. 19\/02\/2020 &nbsp; ESTADO DO ESPIRITO SANTO PODER JUDICI\u00c1RIO CORREGEDORIA-GERAL DA JUSTI\u00c7A PROVIMENTO N\u00ba 34\/2013* Inclui o artigo 127-A no C\u00f3digo de Normas da Corregedoria Geral da Justi\u00e7a. O Desembargador CARLOS HENRIQUE RIOS DO AMARAL, Corregedor-Geral da Justi\u00e7a do Estado do Esp\u00edrito Santo, no uso de suas atribui\u00e7\u00f5es legais [&hellip;]<\/p>\n","protected":false},"author":3,"featured_media":0,"comment_status":"open","ping_status":"open","sticky":false,"template":"","format":"standard","meta":{"footnotes":""},"categories":[14,16],"tags":[],"_links":{"self":[{"href":"https:\/\/www.tjes.jus.br\/corregedoria\/wp-json\/wp\/v2\/posts\/7858"}],"collection":[{"href":"https:\/\/www.tjes.jus.br\/corregedoria\/wp-json\/wp\/v2\/posts"}],"about":[{"href":"https:\/\/www.tjes.jus.br\/corregedoria\/wp-json\/wp\/v2\/types\/post"}],"author":[{"embeddable":true,"href":"https:\/\/www.tjes.jus.br\/corregedoria\/wp-json\/wp\/v2\/users\/3"}],"replies":[{"embeddable":true,"href":"https:\/\/www.tjes.jus.br\/corregedoria\/wp-json\/wp\/v2\/comments?post=7858"}],"version-history":[{"count":12,"href":"https:\/\/www.tjes.jus.br\/corregedoria\/wp-json\/wp\/v2\/posts\/7858\/revisions"}],"predecessor-version":[{"id":31653,"href":"https:\/\/www.tjes.jus.br\/corregedoria\/wp-json\/wp\/v2\/posts\/7858\/revisions\/31653"}],"wp:attachment":[{"href":"https:\/\/www.tjes.jus.br\/corregedoria\/wp-json\/wp\/v2\/media?parent=7858"}],"wp:term":[{"taxonomy":"category","embeddable":true,"href":"https:\/\/www.tjes.jus.br\/corregedoria\/wp-json\/wp\/v2\/categories?post=7858"},{"taxonomy":"post_tag","embeddable":true,"href":"https:\/\/www.tjes.jus.br\/corregedoria\/wp-json\/wp\/v2\/tags?post=7858"}],"curies":[{"name":"wp","href":"https:\/\/api.w.org\/{rel}","templated":true}]}}