{"id":7892,"date":"2016-10-07T18:15:57","date_gmt":"2016-10-07T21:15:57","guid":{"rendered":"https:\/\/www.tjes.jus.br\/corregedoria\/?p=7892"},"modified":"2016-10-31T17:12:12","modified_gmt":"2016-10-31T19:12:12","slug":"provimento-no-242012-disp-24082012","status":"publish","type":"post","link":"https:\/\/www.tjes.jus.br\/corregedoria\/2016\/10\/07\/provimento-no-242012-disp-24082012\/","title":{"rendered":"PROVIMENTO N\u00ba 24\/2012 &#8211; DISP. 24\/08\/2012"},"content":{"rendered":"<p style=\"text-align: center;\"><strong>ESTADO DO ESP\u00cdRITO SANTO<\/strong><\/p>\n<p style=\"text-align: center;\"><strong>PODER JUDICI\u00c1RIO<\/strong><\/p>\n<p style=\"text-align: center;\"><strong>CORREGEDORIA-GERAL DA JUSTI\u00c7A<\/strong><\/p>\n<p style=\"text-align: center;\"><strong>PROVIMENTO N\u00ba 24\/2012<\/strong><\/p>\n<p style=\"text-align: justify;\">Inclui o artigo 738-A, \u00a7\u00a71\u00ba e 2\u00ba ao C\u00f3digo de Normas da Eg. Corregedoria Geral da Justi\u00e7a.<\/p>\n<p style=\"text-align: justify;\">O Desembargador <strong>CARLOS HENRIQUE RIOS DO AMARAL<\/strong>, Corregedor-Geral da Justi\u00e7a, no uso de suas atribui\u00e7\u00f5es e,<\/p>\n<p style=\"text-align: justify;\"><strong>CONSIDERANDO<\/strong> que a Corregedoria-Geral da Justi\u00e7a \u00e9 \u00f3rg\u00e3o de fiscaliza\u00e7\u00e3o, disciplina e orienta\u00e7\u00e3o administrativa dos Juizados de Direito, com jurisdi\u00e7\u00e3o em todo o Estado, conforme artigo 35 da Lei Complementar Estadual n\u00ba 234\/02;<\/p>\n<p style=\"text-align: justify;\"><strong>CONSIDERANDO<\/strong> que o instituto do protesto, previsto na Lei Federal n\u00ba 9.492\/1997, acolhe t\u00edtulos e documentos de d\u00edvidas (v. art. 1\u00ba), alcan\u00e7ando todas as situa\u00e7\u00f5es jur\u00eddicas originadas em documentos que representem d\u00edvida l\u00edquida e certa;<\/p>\n<p style=\"text-align: justify;\"><strong>CONSIDERANDO<\/strong> a firme jurisprud\u00eancia p\u00e1tria, inclusive do STJ e CNJ, que admitem o protesto de d\u00edvidas, decorrentes de senten\u00e7as judiciais transitadas em julgado;<\/p>\n<p style=\"text-align: justify;\"><strong>CONSIDERANDO<\/strong> que o protesto de valores referentes \u00e0 obriga\u00e7\u00f5es alimentares n\u00e3o quitadas espontaneamente, materializa medida vi\u00e1vel e satisfat\u00f3ria ao cumprimento de tais decis\u00f5es judiciais, assegurando a efetiva\u00e7\u00e3o da subsist\u00eancia digna dos alimentandos;<\/p>\n<p style=\"text-align: justify;\"><strong>RESOLVE:<\/strong><\/p>\n<p style=\"text-align: justify;\"><strong>Art. 1\u00ba. INCLUIR<\/strong> o artigo 738-A, \u00a7\u00a71\u00ba e 2\u00ba ao C\u00f3digo de Normas desta Eg. Corregedoria Geral da Justi\u00e7a, com a seguinte reda\u00e7\u00e3o:<\/p>\n<p style=\"text-align: justify; padding-left: 30px;\"><strong>Art. 738-A.<\/strong> Existindo senten\u00e7a transitada em julgado relativa a obriga\u00e7\u00e3o alimentar e se transcorrido o prazo para pagamento espont\u00e2neo (art. 475-J do CPC), o credor poder\u00e1 requerer a emiss\u00e3o de certid\u00e3o de exist\u00eancia da d\u00edvida, para apresenta\u00e7\u00e3o ao Tabelionato de Protesto competente.<br \/>\n<strong>\u00a71\u00ba<\/strong> A certid\u00e3o da d\u00edvida ser\u00e1 expedida pela unidade judicial na qual tramita o feito e dever\u00e1 indicar a qualifica\u00e7\u00e3o completa do devedor e do credor (documentos: CPF, RG e endere\u00e7o); o n\u00famero do processo; o valor l\u00edquido e certo da d\u00edvida alimentar; a data da senten\u00e7a e de seu tr\u00e2nsito em julgado.<br \/>\n<strong>\u00a72\u00ba.<\/strong> A certid\u00e3o ser\u00e1 levada a protesto sob a responsabilidade do credor.<\/p>\n<p style=\"text-align: justify;\"><strong>Art. 2\u00ba.<\/strong> Este provimento entrar\u00e1 em vigor na data de sua publica\u00e7\u00e3o.<\/p>\n<p style=\"text-align: justify;\">Publique-se. Registre-se. Cumpra-se.<\/p>\n<p style=\"text-align: justify;\">Vit\u00f3ria\/ES, 24 de agosto de 2012.<\/p>\n<p style=\"text-align: center;\"><strong>DES. CARLOS HENRIQUE RIOS DO AMARAL<\/strong><br \/>\n<strong>Corregedor-Geral da Justi\u00e7a<\/strong><\/p>\n","protected":false},"excerpt":{"rendered":"<p>ESTADO DO ESP\u00cdRITO SANTO PODER JUDICI\u00c1RIO CORREGEDORIA-GERAL DA JUSTI\u00c7A PROVIMENTO N\u00ba 24\/2012 Inclui o artigo 738-A, \u00a7\u00a71\u00ba e 2\u00ba ao C\u00f3digo de Normas da Eg. Corregedoria Geral da Justi\u00e7a. O Desembargador CARLOS HENRIQUE RIOS DO AMARAL, Corregedor-Geral da Justi\u00e7a, no uso de suas atribui\u00e7\u00f5es e, CONSIDERANDO que a Corregedoria-Geral da Justi\u00e7a \u00e9 \u00f3rg\u00e3o de fiscaliza\u00e7\u00e3o, [&hellip;]<\/p>\n","protected":false},"author":3,"featured_media":0,"comment_status":"open","ping_status":"open","sticky":false,"template":"","format":"standard","meta":{"footnotes":""},"categories":[14,16],"tags":[],"_links":{"self":[{"href":"https:\/\/www.tjes.jus.br\/corregedoria\/wp-json\/wp\/v2\/posts\/7892"}],"collection":[{"href":"https:\/\/www.tjes.jus.br\/corregedoria\/wp-json\/wp\/v2\/posts"}],"about":[{"href":"https:\/\/www.tjes.jus.br\/corregedoria\/wp-json\/wp\/v2\/types\/post"}],"author":[{"embeddable":true,"href":"https:\/\/www.tjes.jus.br\/corregedoria\/wp-json\/wp\/v2\/users\/3"}],"replies":[{"embeddable":true,"href":"https:\/\/www.tjes.jus.br\/corregedoria\/wp-json\/wp\/v2\/comments?post=7892"}],"version-history":[{"count":2,"href":"https:\/\/www.tjes.jus.br\/corregedoria\/wp-json\/wp\/v2\/posts\/7892\/revisions"}],"predecessor-version":[{"id":8675,"href":"https:\/\/www.tjes.jus.br\/corregedoria\/wp-json\/wp\/v2\/posts\/7892\/revisions\/8675"}],"wp:attachment":[{"href":"https:\/\/www.tjes.jus.br\/corregedoria\/wp-json\/wp\/v2\/media?parent=7892"}],"wp:term":[{"taxonomy":"category","embeddable":true,"href":"https:\/\/www.tjes.jus.br\/corregedoria\/wp-json\/wp\/v2\/categories?post=7892"},{"taxonomy":"post_tag","embeddable":true,"href":"https:\/\/www.tjes.jus.br\/corregedoria\/wp-json\/wp\/v2\/tags?post=7892"}],"curies":[{"name":"wp","href":"https:\/\/api.w.org\/{rel}","templated":true}]}}