{"id":7897,"date":"2016-10-07T18:26:24","date_gmt":"2016-10-07T21:26:24","guid":{"rendered":"https:\/\/www.tjes.jus.br\/corregedoria\/?p=7897"},"modified":"2016-10-31T17:11:32","modified_gmt":"2016-10-31T19:11:32","slug":"provimento-no-222012-disp-30072012","status":"publish","type":"post","link":"https:\/\/www.tjes.jus.br\/corregedoria\/2016\/10\/07\/provimento-no-222012-disp-30072012\/","title":{"rendered":"PROVIMENTO N\u00ba 22\/2012 &#8211; DISP. 30\/07\/2012"},"content":{"rendered":"<p style=\"text-align: center;\"><strong>Estado do Esp\u00edrito Santo<\/strong><\/p>\n<p style=\"text-align: center;\"><strong>Poder Judici\u00e1rio<\/strong><\/p>\n<p style=\"text-align: center;\"><strong>Corregedoria-Geral da Justi\u00e7a<\/strong><\/p>\n<p style=\"text-align: center;\"><strong>PROVIMENTO N\u00ba 22\/2012<\/strong><\/p>\n<p style=\"text-align: justify;\">Altera o C\u00f3digo de Normas da Eg. Corregedoria Geral da Justi\u00e7a, para a inclus\u00e3o e renumera\u00e7\u00e3o de par\u00e1grafos, do artigo 592.<\/p>\n<p style=\"text-align: justify;\">O Desembargador CARLOS HENRIQUE RIOS DO AMARAL, Corregedor-Geral da Justi\u00e7a, no uso de suas atribui\u00e7\u00f5es e,<\/p>\n<p style=\"text-align: justify;\"><strong>CONSIDERANDO<\/strong> que a Egr\u00e9gia Corregedoria-Geral da Justi\u00e7a \u00e9 \u00f3rg\u00e3o de fiscaliza\u00e7\u00e3o, disciplina e orienta\u00e7\u00e3o administrativa dos Juizados de Direito, com jurisdi\u00e7\u00e3o em todo o Estado, conforme artigo 35 da Lei Complementar Estadual n\u00ba 234\/02;<\/p>\n<p style=\"text-align: justify;\"><strong>CONSIDERANDO<\/strong> que o C\u00f3digo de Normas da Eg. Corregedoria Geral da Justi\u00e7a (Provimento n.\u00ba 029\/2009, publicado no DJES do dia 16\/12\/2009) \u00e9 a principal ferramenta de que disp\u00f5e este \u00f3rg\u00e3o censor para o desempenho de sua miss\u00e3o institucional orientadora;<\/p>\n<p style=\"text-align: justify;\"><strong>RESOLVE:<\/strong><\/p>\n<p style=\"text-align: justify;\"><strong>Art. 1\u00ba. REPUBLICAR<\/strong> o artigo 592, do C\u00f3digo de Normas desta Egr\u00e9gia Corregedoria Geral da Justi\u00e7a, que passa a apresentar a seguinte reda\u00e7\u00e3o:<\/p>\n<p style=\"text-align: justify; padding-left: 30px;\"><strong>Art. 592.<\/strong> Os emolumentos devidos por todos os atos relacionados ao registro da primeira aquisi\u00e7\u00e3o imobili\u00e1ria para fins residenciais, financiada pelo Sistema Financeiro de Habita\u00e7\u00e3o, ser\u00e3o reduzidos em 50% (cinq\u00fcenta por cento).<br \/>\n<strong>\u00a7 1\u00ba<\/strong> No caso de registro de im\u00f3veis adquiridos para fins residenciais, com recursos do Sistema Financeiro da Habita\u00e7\u00e3o &#8211; SFH, o Oficial dever\u00e1 orientar ao interessado, caso a circunst\u00e2ncia n\u00e3o conste expressamente do pr\u00f3prio t\u00edtulo, sobre o seu direito elencado no caput deste artigo, e previsto no artigo 290, da Lei n\u00ba 6015\/73, bem como, dever\u00e1 exigir declara\u00e7\u00e3o escrita do interessado, esclarecendo tratar-se, ou n\u00e3o, de primeira aquisi\u00e7\u00e3o, a qual permanecer\u00e1 arquivada na serventia para seu posterior controle.<br \/>\n<strong>\u00a7 2\u00ba<\/strong> Na hip\u00f3tese do caput deste artigo, o oficial somente proceder\u00e1 ao registro ap\u00f3s a declara\u00e7\u00e3o do interessado informando que o im\u00f3vel adquirido se consubstancia como a sua primeira aquisi\u00e7\u00e3o imobili\u00e1ria para fins residenciais, pelo Sistema Financeiro de Habita\u00e7\u00e3o e que est\u00e1 ciente do desconto que lhe \u00e9 concedido.<br \/>\n<strong>\u00a7 3\u00ba<\/strong> Os oficiais dever\u00e3o afixar 2 (dois) ou mais cartazes no interior da serventia informando a cerca da redu\u00e7\u00e3o dos emolumentos relacionados com a primeira aquisi\u00e7\u00e3o imobili\u00e1ria para fins residenciais, financiada pelo Sistema Financeiro de Habita\u00e7\u00e3o.<\/p>\n<p style=\"text-align: justify;\"><strong>Art. 2\u00ba.<\/strong> Este provimento entrar\u00e1 em vigor na data de sua publica\u00e7\u00e3o.<\/p>\n<p style=\"text-align: justify;\"><strong>Publique-se. Registre-se. Cumpra-se.<\/strong><\/p>\n<p style=\"text-align: justify;\">Vit\u00f3ria\/ES, 24 de julho de 2012<\/p>\n<p style=\"text-align: center;\"><strong>DES. CARLOS HENRIQUE RIOS DO AMARAL<\/strong><br \/>\n<strong>Corregedor-Geral da Justi\u00e7a<\/strong><\/p>\n","protected":false},"excerpt":{"rendered":"<p>Estado do Esp\u00edrito Santo Poder Judici\u00e1rio Corregedoria-Geral da Justi\u00e7a PROVIMENTO N\u00ba 22\/2012 Altera o C\u00f3digo de Normas da Eg. Corregedoria Geral da Justi\u00e7a, para a inclus\u00e3o e renumera\u00e7\u00e3o de par\u00e1grafos, do artigo 592. O Desembargador CARLOS HENRIQUE RIOS DO AMARAL, Corregedor-Geral da Justi\u00e7a, no uso de suas atribui\u00e7\u00f5es e, CONSIDERANDO que a Egr\u00e9gia Corregedoria-Geral da [&hellip;]<\/p>\n","protected":false},"author":3,"featured_media":0,"comment_status":"open","ping_status":"open","sticky":false,"template":"","format":"standard","meta":{"footnotes":""},"categories":[14,16],"tags":[],"_links":{"self":[{"href":"https:\/\/www.tjes.jus.br\/corregedoria\/wp-json\/wp\/v2\/posts\/7897"}],"collection":[{"href":"https:\/\/www.tjes.jus.br\/corregedoria\/wp-json\/wp\/v2\/posts"}],"about":[{"href":"https:\/\/www.tjes.jus.br\/corregedoria\/wp-json\/wp\/v2\/types\/post"}],"author":[{"embeddable":true,"href":"https:\/\/www.tjes.jus.br\/corregedoria\/wp-json\/wp\/v2\/users\/3"}],"replies":[{"embeddable":true,"href":"https:\/\/www.tjes.jus.br\/corregedoria\/wp-json\/wp\/v2\/comments?post=7897"}],"version-history":[{"count":2,"href":"https:\/\/www.tjes.jus.br\/corregedoria\/wp-json\/wp\/v2\/posts\/7897\/revisions"}],"predecessor-version":[{"id":8674,"href":"https:\/\/www.tjes.jus.br\/corregedoria\/wp-json\/wp\/v2\/posts\/7897\/revisions\/8674"}],"wp:attachment":[{"href":"https:\/\/www.tjes.jus.br\/corregedoria\/wp-json\/wp\/v2\/media?parent=7897"}],"wp:term":[{"taxonomy":"category","embeddable":true,"href":"https:\/\/www.tjes.jus.br\/corregedoria\/wp-json\/wp\/v2\/categories?post=7897"},{"taxonomy":"post_tag","embeddable":true,"href":"https:\/\/www.tjes.jus.br\/corregedoria\/wp-json\/wp\/v2\/tags?post=7897"}],"curies":[{"name":"wp","href":"https:\/\/api.w.org\/{rel}","templated":true}]}}