{"id":7902,"date":"2016-10-07T18:41:49","date_gmt":"2016-10-07T21:41:49","guid":{"rendered":"https:\/\/www.tjes.jus.br\/corregedoria\/?p=7902"},"modified":"2017-09-13T17:14:48","modified_gmt":"2017-09-13T20:14:48","slug":"provimento-no-192012-disp-23072012","status":"publish","type":"post","link":"https:\/\/www.tjes.jus.br\/corregedoria\/2016\/10\/07\/provimento-no-192012-disp-23072012\/","title":{"rendered":"PROVIMENTO N\u00ba 19\/2012 &#8211; DISP. 23\/07\/2012"},"content":{"rendered":"<p style=\"text-align: center;\"><strong>Estado do Esp\u00edrito Santo<\/strong><\/p>\n<p style=\"text-align: center;\"><strong>Poder Judici\u00e1rio<\/strong><\/p>\n<p style=\"text-align: center;\"><strong>Corregedoria-Geral da Justi\u00e7a<\/strong><\/p>\n<p style=\"text-align: center;\"><strong>PROVIMENTO N\u00ba 19\/2012<\/strong><\/p>\n<p style=\"text-align: justify;\"><em>Altera a reda\u00e7\u00e3o do artigo 592, caput, e revoga o artigo 1.118, do C\u00f3digo de Normas da Eg. Corregedoria Geral da Justi\u00e7a.<\/em><\/p>\n<p style=\"text-align: justify;\">O Desembargador CARLOS HENRIQUE RIOS DO AMARAL, Corregedor-Geral da Justi\u00e7a, no uso de suas atribui\u00e7\u00f5es e,<\/p>\n<p style=\"text-align: justify;\"><strong>CONSIDERANDO<\/strong> que a Egr\u00e9gia Corregedoria-Geral da Justi\u00e7a \u00e9 \u00f3rg\u00e3o de fiscaliza\u00e7\u00e3o, disciplina e orienta\u00e7\u00e3o administrativa dos Juizados de Direito, com jurisdi\u00e7\u00e3o em todo o Estado, conforme artigo 35 da Lei Complementar Estadual n\u00ba 234\/02;<\/p>\n<p style=\"text-align: justify;\"><strong>CONSIDERANDO<\/strong> que o C\u00f3digo de Normas da Eg. Corregedoria Geral da Justi\u00e7a (Provimento n.\u00ba 029\/2009, publicado no DJES do dia 16\/12\/2009) \u00e9 a principal ferramenta de que disp\u00f5e este \u00f3rg\u00e3o censor para o desempenho de sua miss\u00e3o institucional orientadora;<\/p>\n<p style=\"text-align: justify;\"><strong>CONSIDERANDO<\/strong> que foi proferida nos autos do Processo n\u00ba 1201168 Decis\u00e3o por esta Egr\u00e9gia Corregedoria Geral da Justi\u00e7a Decis\u00e3o determinando que os emolumentos devidos pelos atos relacionados com a primeira aquisi\u00e7\u00e3o imobili\u00e1ria para fins residenciais incide sobre a totalidade dos emolumentos cobrados;<\/p>\n<p style=\"text-align: justify;\"><strong>CONSIDERANDO<\/strong> que o artigo 592, caput e artigo 1.118, ambos do C\u00f3digo de Normas n\u00e3o est\u00e3o em conson\u00e2ncia com o decisum retro mencionado;<\/p>\n<p style=\"text-align: justify;\"><strong>RESOLVE:<\/strong><\/p>\n<p style=\"text-align: justify;\"><strong>Art. 1\u00ba. ALTERAR<\/strong> o artigo 592, caput, do C\u00f3digo de Normas desta Egr\u00e9gia Corregedoria Geral da Justi\u00e7a, que passa a apresentar a seguinte reda\u00e7\u00e3o:<\/p>\n<p style=\"text-align: justify; padding-left: 30px;\"><strong>Art. 592.<\/strong> Os emolumentos devidos por todos os atos relacionados ao registro da primeira aquisi\u00e7\u00e3o imobili\u00e1ria para fins residenciais, financiada pelo Sistema Financeiro de Habita\u00e7\u00e3o, ser\u00e3o reduzidos em 50% (cinq\u00fcenta por cento).<\/p>\n<p style=\"text-align: justify;\"><strong>Art. 2\u00ba. REVOGAR<\/strong> o artigo 1.118 do C\u00f3digo de Normas desta Egr\u00e9gia Corregedoria Geral da Justi\u00e7a.<\/p>\n<p style=\"text-align: justify;\"><strong>Art. 3\u00ba.<\/strong> Este provimento entrar\u00e1 em vigor na data de sua publica\u00e7\u00e3o.<\/p>\n<p style=\"text-align: justify;\">Publique-se. Registre-se. Cumpra-se.<\/p>\n<p style=\"text-align: justify;\">Vit\u00f3ria\/ES, 11 de julho de 2012<\/p>\n<p style=\"text-align: center;\"><strong>DES. CARLOS HENRIQUE RIOS DO AMARAL<\/strong><br \/>\n<strong>Corregedor-Geral da Justi\u00e7a<\/strong><\/p>\n","protected":false},"excerpt":{"rendered":"<p>Estado do Esp\u00edrito Santo Poder Judici\u00e1rio Corregedoria-Geral da Justi\u00e7a PROVIMENTO N\u00ba 19\/2012 Altera a reda\u00e7\u00e3o do artigo 592, caput, e revoga o artigo 1.118, do C\u00f3digo de Normas da Eg. Corregedoria Geral da Justi\u00e7a. O Desembargador CARLOS HENRIQUE RIOS DO AMARAL, Corregedor-Geral da Justi\u00e7a, no uso de suas atribui\u00e7\u00f5es e, CONSIDERANDO que a Egr\u00e9gia Corregedoria-Geral [&hellip;]<\/p>\n","protected":false},"author":3,"featured_media":0,"comment_status":"open","ping_status":"open","sticky":false,"template":"","format":"standard","meta":{"footnotes":""},"categories":[14,16],"tags":[],"_links":{"self":[{"href":"https:\/\/www.tjes.jus.br\/corregedoria\/wp-json\/wp\/v2\/posts\/7902"}],"collection":[{"href":"https:\/\/www.tjes.jus.br\/corregedoria\/wp-json\/wp\/v2\/posts"}],"about":[{"href":"https:\/\/www.tjes.jus.br\/corregedoria\/wp-json\/wp\/v2\/types\/post"}],"author":[{"embeddable":true,"href":"https:\/\/www.tjes.jus.br\/corregedoria\/wp-json\/wp\/v2\/users\/3"}],"replies":[{"embeddable":true,"href":"https:\/\/www.tjes.jus.br\/corregedoria\/wp-json\/wp\/v2\/comments?post=7902"}],"version-history":[{"count":3,"href":"https:\/\/www.tjes.jus.br\/corregedoria\/wp-json\/wp\/v2\/posts\/7902\/revisions"}],"predecessor-version":[{"id":18522,"href":"https:\/\/www.tjes.jus.br\/corregedoria\/wp-json\/wp\/v2\/posts\/7902\/revisions\/18522"}],"wp:attachment":[{"href":"https:\/\/www.tjes.jus.br\/corregedoria\/wp-json\/wp\/v2\/media?parent=7902"}],"wp:term":[{"taxonomy":"category","embeddable":true,"href":"https:\/\/www.tjes.jus.br\/corregedoria\/wp-json\/wp\/v2\/categories?post=7902"},{"taxonomy":"post_tag","embeddable":true,"href":"https:\/\/www.tjes.jus.br\/corregedoria\/wp-json\/wp\/v2\/tags?post=7902"}],"curies":[{"name":"wp","href":"https:\/\/api.w.org\/{rel}","templated":true}]}}