{"id":7967,"date":"2016-10-10T17:09:08","date_gmt":"2016-10-10T20:09:08","guid":{"rendered":"https:\/\/www.tjes.jus.br\/corregedoria\/?p=7967"},"modified":"2017-09-13T16:49:35","modified_gmt":"2017-09-13T19:49:35","slug":"provimento-no-432011-disp-14122011","status":"publish","type":"post","link":"https:\/\/www.tjes.jus.br\/corregedoria\/2016\/10\/10\/provimento-no-432011-disp-14122011\/","title":{"rendered":"PROVIMENTO N\u00ba 43\/2011 &#8211; DISP. 14\/12\/2011"},"content":{"rendered":"<p style=\"text-align: center;\"><strong>ESTADO DO ESP\u00cdRITO SANTO<\/strong><\/p>\n<p style=\"text-align: center;\"><strong>PODER JUDICI\u00c1RIO<\/strong><\/p>\n<p style=\"text-align: center;\"><strong>CORREGEDORIA GERAL DA JUSTI\u00c7A<\/strong><\/p>\n<p style=\"text-align: center;\"><strong>PROVIMENTO N\u00ba 43\/2011<\/strong><\/p>\n<p style=\"text-align: justify;\"><em>Disp\u00f5e acerca da altera\u00e7\u00e3o do Art. 547 do C\u00f3digo de Normas da Egr\u00e9gia Corregedoria Geral do Estado do Esp\u00edrito Santo, com o fito de operacionalizar a execu\u00e7\u00e3o e controle das receitas destinadas ao Fundo de Aparelhamento da Defensoria P\u00fablica &#8211; FADESPES.<\/em><\/p>\n<p style=\"text-align: justify;\">O Desembargador S\u00c9RGIO LUIZ TEIXEIRA GAMA, Corregedor-Geral da Justi\u00e7a, no uso de suas atribui\u00e7\u00f5es e,<\/p>\n<p style=\"text-align: justify;\"><strong>CONSIDERANDO<\/strong> que a Egr\u00e9gia Corregedoria-Geral da Justi\u00e7a \u00e9 \u00f3rg\u00e3o de fiscaliza\u00e7\u00e3o, disciplina e orienta\u00e7\u00e3o administrativa dos Juizados de Direito, com jurisdi\u00e7\u00e3o em todo o Estado, conforme artigo 35 da Lei Complementar Estadual n\u00ba 234\/02;<\/p>\n<p style=\"text-align: justify;\"><strong>CONSIDERANDO<\/strong> que o C\u00f3digo de Normas da Eg. Corregedoria Geral da Justi\u00e7a (Provimento n.\u00ba 029\/2009, publicado no DJES do dia 16\/12\/2009) \u00e9 a principal ferramenta de que disp\u00f5e este \u00f3rg\u00e3o censor para o desempenho de sua miss\u00e3o institucional orientadora;<\/p>\n<p style=\"text-align: justify;\"><strong>CONSIDERANDO<\/strong> as determina\u00e7\u00f5es da Portaria n\u00ba 113\/2011, publicada no Di\u00e1rio da Justi\u00e7a em 19\/10\/2011, apresentando sugest\u00f5es para operacionalizar a execu\u00e7\u00e3o e controle das receitas destinadas ao Fundo de Aparelhamento da Defensoria P\u00fablica &#8211; FADESPES:<\/p>\n<p style=\"text-align: justify;\"><strong>RESOLVE:<\/strong><\/p>\n<p style=\"text-align: justify;\"><strong>Art. 1\u00ba. ALTERAR<\/strong> o artigo 547 do C\u00f3digo de Normas desta Eg. Corregedoria Geral da Justi\u00e7a, que ter\u00e1 a seguinte reda\u00e7\u00e3o:<\/p>\n<p style=\"text-align: justify; padding-left: 30px;\">Art. 547. Compete ao delegat\u00e1rio de servi\u00e7o p\u00fablico, que responde pela serventia, o dever de repassar a taxa do FARPEN (FUNDO DE APOIO AO REGISTRO DE PESSOAS NATURAIS), do FUNEPJ (FUNDO ESPECIAL DO PODER JUDICI\u00c1RIO DO ESTADO DO ESP\u00cdRITO SANTO) e do FADESPES (FUNDO DE APARELHAMENTO DA DEFENSORIA P\u00daBLICA), paga pelo usu\u00e1rio do Servi\u00e7o Notarial e de Registro, at\u00e9 o dia 10 (dez) do m\u00eas subsequente, mediante comprova\u00e7\u00e3o perante \u00e0 Corregedoria Geral da Justi\u00e7a.<br \/>\n\u00a7 1\u00ba O substituto do Servi\u00e7o Notarial ou de Registro \u00e9 o respons\u00e1vel tribut\u00e1rio pessoal em rela\u00e7\u00e3o \u00e0 receita n\u00e3o recolhida aos cofres p\u00fablicos, durante o per\u00edodo em que responder pela serventia.<br \/>\n\u00a7 2\u00ba O delegat\u00e1rio do Servi\u00e7o Notarial ou de Registro que recolhe a taxa e n\u00e3o procede ao repasse do FARPEN, do FUNEPJ e do FADESPES, estar\u00e1 sujeito \u00e0s san\u00e7\u00f5es administrativas e penais previstas em lei.<\/p>\n<p style=\"text-align: justify;\"><strong>Art. 2\u00ba.<\/strong> Este provimento entrar\u00e1 em vigor 30 (trinta) dias ap\u00f3s sua publica\u00e7\u00e3o.<\/p>\n<p style=\"text-align: justify;\"><strong>Publique-se. Registre-se. Cumpra-se.<\/strong><\/p>\n<p style=\"text-align: justify;\">Vit\u00f3ria\/ES, 12 de dezembro de 2011.<\/p>\n<p style=\"text-align: center;\"><strong>DES. S\u00c9RGIO LUIZ TEIXEIRA GAMA<\/strong><br \/>\n<strong>Corregedor-Geral da Justi\u00e7a<\/strong><\/p>\n","protected":false},"excerpt":{"rendered":"<p>ESTADO DO ESP\u00cdRITO SANTO PODER JUDICI\u00c1RIO CORREGEDORIA GERAL DA JUSTI\u00c7A PROVIMENTO N\u00ba 43\/2011 Disp\u00f5e acerca da altera\u00e7\u00e3o do Art. 547 do C\u00f3digo de Normas da Egr\u00e9gia Corregedoria Geral do Estado do Esp\u00edrito Santo, com o fito de operacionalizar a execu\u00e7\u00e3o e controle das receitas destinadas ao Fundo de Aparelhamento da Defensoria P\u00fablica &#8211; FADESPES. O [&hellip;]<\/p>\n","protected":false},"author":3,"featured_media":0,"comment_status":"open","ping_status":"open","sticky":false,"template":"","format":"standard","meta":{"footnotes":""},"categories":[14,16],"tags":[],"_links":{"self":[{"href":"https:\/\/www.tjes.jus.br\/corregedoria\/wp-json\/wp\/v2\/posts\/7967"}],"collection":[{"href":"https:\/\/www.tjes.jus.br\/corregedoria\/wp-json\/wp\/v2\/posts"}],"about":[{"href":"https:\/\/www.tjes.jus.br\/corregedoria\/wp-json\/wp\/v2\/types\/post"}],"author":[{"embeddable":true,"href":"https:\/\/www.tjes.jus.br\/corregedoria\/wp-json\/wp\/v2\/users\/3"}],"replies":[{"embeddable":true,"href":"https:\/\/www.tjes.jus.br\/corregedoria\/wp-json\/wp\/v2\/comments?post=7967"}],"version-history":[{"count":2,"href":"https:\/\/www.tjes.jus.br\/corregedoria\/wp-json\/wp\/v2\/posts\/7967\/revisions"}],"predecessor-version":[{"id":18516,"href":"https:\/\/www.tjes.jus.br\/corregedoria\/wp-json\/wp\/v2\/posts\/7967\/revisions\/18516"}],"wp:attachment":[{"href":"https:\/\/www.tjes.jus.br\/corregedoria\/wp-json\/wp\/v2\/media?parent=7967"}],"wp:term":[{"taxonomy":"category","embeddable":true,"href":"https:\/\/www.tjes.jus.br\/corregedoria\/wp-json\/wp\/v2\/categories?post=7967"},{"taxonomy":"post_tag","embeddable":true,"href":"https:\/\/www.tjes.jus.br\/corregedoria\/wp-json\/wp\/v2\/tags?post=7967"}],"curies":[{"name":"wp","href":"https:\/\/api.w.org\/{rel}","templated":true}]}}