{"id":7982,"date":"2016-10-11T12:48:01","date_gmt":"2016-10-11T15:48:01","guid":{"rendered":"https:\/\/www.tjes.jus.br\/corregedoria\/?p=7982"},"modified":"2018-02-15T16:54:40","modified_gmt":"2018-02-15T18:54:40","slug":"provimento-no-352011-disp-01072011","status":"publish","type":"post","link":"https:\/\/www.tjes.jus.br\/corregedoria\/2016\/10\/11\/provimento-no-352011-disp-01072011\/","title":{"rendered":"PROVIMENTO N\u00ba 35\/2011 &#8211; DISP. 01\/07\/2011"},"content":{"rendered":"<p style=\"text-align: center;\"><strong>ESTADO DO ESP\u00cdRITO SANTO<\/strong><\/p>\n<p style=\"text-align: center;\"><strong>PODER JUDICI\u00c1RIO<\/strong><\/p>\n<p style=\"text-align: center;\"><strong>CORREGEDORIA GERAL DA JUSTI\u00c7A<\/strong><\/p>\n<p style=\"text-align: center;\"><strong>PROVIMENTO n\u00ba 035\/2011-CGJ<\/strong><\/p>\n<p style=\"text-align: justify;\"><em>Autoriza o ingresso de Serventias na implanta\u00e7\u00e3o do Selo Digital de Fiscaliza\u00e7\u00e3o dos Servi\u00e7os Notariais e de Registro e disponibiliza o cronograma de ingresso de todas as demais serventias do foro extrajudicial.<\/em><\/p>\n<p style=\"text-align: justify;\">O excelent\u00edssimo Senhor Desembargador <strong>S\u00c9RGIO LUIZ TEIXEIRA GAMA<\/strong>, Corregedor-Geral d a Justi\u00e7a do Estado do Esp\u00edrito Santo, no uso de suas atribui\u00e7\u00f5es legais e<\/p>\n<p style=\"text-align: justify;\"><strong>CONSIDERANDO<\/strong> ser a Corregedoria Geral da Justi\u00e7a \u00f3rg\u00e3o de fiscaliza\u00e7\u00e3o, disciplina e orienta\u00e7\u00e3o administrativa, com jurisdi\u00e7\u00e3o em todo o Estado do Esp\u00edrito Santo, conforme disposto no art. 2\u00ba da Lei Complementar estadual n.\u00ba 83\/96 e no art. 35 da Lei Complementar estadual n .\u00ba 234\/02;<\/p>\n<p style=\"text-align: justify;\"><strong>CONSIDERANDO<\/strong> meta espec\u00edfica da Corregedoria Geral da Justi\u00e7a de desenvolver e implantar um programa de utiliza\u00e7\u00e3o de Selo Digital de Fiscaliza\u00e7\u00e3o dos Servi\u00e7os Notariais e de Registro, daqui em diante denominado somente por Selo Digital;<\/p>\n<p style=\"text-align: justify;\"><strong>CONSIDERANDO<\/strong> a necessidade de imprimir maior celeridade na implanta\u00e7\u00e3o e expans\u00e3o do sistema do Selo Digital;<\/p>\n<p style=\"text-align: justify;\"><strong>CONSIDERANDO<\/strong> a necessidade de fornecer um cronograma de implanta\u00e7\u00e3o do Selo Digital para as demais serventias do foro extrajudicial.<\/p>\n<p style=\"text-align: justify;\"><strong>RESOLVE:<\/strong><\/p>\n<p style=\"text-align: justify;\"><strong>Art. 1\u00ba.<\/strong> Autorizar os delegat\u00e1rios <strong>BRUNO SANTOLIN CIPRIANO<\/strong>, do Cart\u00f3rio do 1\u00ba Of\u00edcio da Comarca de Vargem Alta; <strong>ROG\u00c9RIO LUGON VALLAD\u00c3O<\/strong>, do Cart\u00f3rio de Protesto de T\u00edtulos e Documentos da 2\u00aa Zona da Comarca de Cachoeiro de Itapemirim; <strong>M\u00c1RCIO VALORY SILVEIRA<\/strong>, do Cart\u00f3rio de Registro Civil e Notas da Comarca de Alegre; <strong>JAMILE VALAD\u00c3O MESSI<\/strong>, do Cart\u00f3rio de Registro Civil e Notas da 2\u00aa Zona Judici\u00e1ria da Comarca de Cachoeiro de Itapemirim; de <strong>ROBERTO FORNER JUNIOR<\/strong>, do Cart\u00f3rio de Registro Civil e Tabelionato da Sede da Comarca de Linhares; e <strong>RODRIGO REIS CYRINO<\/strong>, do Cart\u00f3rio do 2\u00ba Of\u00edcio &#8211; Tabelionato da Sede da Comarca de Linhares a utilizarem, a partir do dia 04.07.2011, o Selo Digital desenvolvido pela Controladoria Geral de Inform\u00e1tica desta Corregedoria, observado o regramento contido no Provimento n.\u00ba 026\/2011 e suas posteriores atualiza\u00e7\u00f5es.<\/p>\n<p style=\"text-align: justify;\"><strong>Art. 2\u00ba.<\/strong> Fixar cronograma de implanta\u00e7\u00e3o do uso obrigat\u00f3rio do Selo Digital em todas as demais serventias notariais e registrais do Estado do Esp\u00edrito Santo, n os seguintes prazos:<\/p>\n<p style=\"text-align: justify;\">I &#8211; A partir do dia 15.08.2011, as Serventias localizadas nas Sedes das Comarcas de 3\u00aa Entr\u00e2ncia;<\/p>\n<p style=\"text-align: justify;\">II &#8211; A partir do dia 12.09.2011, as Serventias localizadas nas Sedes das Comarcas de 2\u00aa Entr\u00e2ncia;<\/p>\n<p style=\"text-align: justify;\">III -A partir do dia 10.10.2011, as Serventias localizadas nas Sedes das Comarcas de 1\u00aa Entr\u00e2ncia, assim como as Serventias localizadas nos distritos das Comarcas de 1\u00aa, 2\u00aa e 3\u00aa Entr\u00e2ncias.<\/p>\n<p style=\"text-align: justify;\"><strong>Art. 3\u00ba.<\/strong> O cronograma estipulado nos incisos I, II e III, do art. 2\u00ba deste Provimento, poder\u00e1 ser antecipado mediante requerimento do delegat\u00e1rio interessado \u00e0 Controladoria de Inform\u00e1tica da Corregedoria Geral da Justi\u00e7a, atrav\u00e9s do e-mail selodigital@tjes.jus.br.<\/p>\n<p style=\"text-align: justify;\"><strong>Art. 4\u00ba.<\/strong> Este Provimento entra em vigor na data de sua publica\u00e7\u00e3o.<\/p>\n<p style=\"text-align: justify;\"><strong>Publique-se. Registre-se. Cumpra-se.<\/strong><\/p>\n<p style=\"text-align: justify;\">De Rio Novo do Sul para Vit\u00f3ria-ES, 29 de junho de 2011.<\/p>\n<p style=\"text-align: center;\"><strong>Desembargador S\u00e9rgio Luiz Teixeira Gama<\/strong><br \/>\n<strong>Corregedor-Geral da Justi\u00e7a<\/strong><\/p>\n","protected":false},"excerpt":{"rendered":"<p>ESTADO DO ESP\u00cdRITO SANTO PODER JUDICI\u00c1RIO CORREGEDORIA GERAL DA JUSTI\u00c7A PROVIMENTO n\u00ba 035\/2011-CGJ Autoriza o ingresso de Serventias na implanta\u00e7\u00e3o do Selo Digital de Fiscaliza\u00e7\u00e3o dos Servi\u00e7os Notariais e de Registro e disponibiliza o cronograma de ingresso de todas as demais serventias do foro extrajudicial. O excelent\u00edssimo Senhor Desembargador S\u00c9RGIO LUIZ TEIXEIRA GAMA, Corregedor-Geral d [&hellip;]<\/p>\n","protected":false},"author":3,"featured_media":0,"comment_status":"open","ping_status":"open","sticky":false,"template":"","format":"standard","meta":{"footnotes":""},"categories":[14,16],"tags":[],"_links":{"self":[{"href":"https:\/\/www.tjes.jus.br\/corregedoria\/wp-json\/wp\/v2\/posts\/7982"}],"collection":[{"href":"https:\/\/www.tjes.jus.br\/corregedoria\/wp-json\/wp\/v2\/posts"}],"about":[{"href":"https:\/\/www.tjes.jus.br\/corregedoria\/wp-json\/wp\/v2\/types\/post"}],"author":[{"embeddable":true,"href":"https:\/\/www.tjes.jus.br\/corregedoria\/wp-json\/wp\/v2\/users\/3"}],"replies":[{"embeddable":true,"href":"https:\/\/www.tjes.jus.br\/corregedoria\/wp-json\/wp\/v2\/comments?post=7982"}],"version-history":[{"count":4,"href":"https:\/\/www.tjes.jus.br\/corregedoria\/wp-json\/wp\/v2\/posts\/7982\/revisions"}],"predecessor-version":[{"id":22482,"href":"https:\/\/www.tjes.jus.br\/corregedoria\/wp-json\/wp\/v2\/posts\/7982\/revisions\/22482"}],"wp:attachment":[{"href":"https:\/\/www.tjes.jus.br\/corregedoria\/wp-json\/wp\/v2\/media?parent=7982"}],"wp:term":[{"taxonomy":"category","embeddable":true,"href":"https:\/\/www.tjes.jus.br\/corregedoria\/wp-json\/wp\/v2\/categories?post=7982"},{"taxonomy":"post_tag","embeddable":true,"href":"https:\/\/www.tjes.jus.br\/corregedoria\/wp-json\/wp\/v2\/tags?post=7982"}],"curies":[{"name":"wp","href":"https:\/\/api.w.org\/{rel}","templated":true}]}}